{"id":947,"date":"2016-05-09T16:14:11","date_gmt":"2016-05-09T15:14:11","guid":{"rendered":"http:\/\/retirada37.com\/?p=947"},"modified":"2024-04-29T20:15:18","modified_gmt":"2024-04-29T19:15:18","slug":"victor-del-arbol-un-millon-de-gotas","status":"publish","type":"post","link":"https:\/\/retirada37.com\/?p=947","title":{"rendered":"V\u00edctor del \u00c1rbol, Un Mill\u00f3n de gotas"},"content":{"rendered":"<p>&nbsp;<\/p>\n<p><strong>V\u00edctor DEL \u00c1RBOL, <em>Un mill\u00f3n de gotas<\/em>. <\/strong>Barcelona : Ediciones Destino, 2015.<strong><br \/>\n<\/strong><\/p>\n<p><img loading=\"lazy\" decoding=\"async\" class=\"alignnone size-full wp-image-950\" src=\"https:\/\/retirada37.com\/wp-content\/uploads\/2016\/05\/un-millon-de-gotas.jpg\" alt=\"un millon de gotas\" width=\"143\" height=\"245\" \/><br \/>\nCe livre de 700 pages est \u00e0 la fois un roman noir, un thriller, un roman historique, un roman feuilleton et il se lit \u00e0 belles dents, du d\u00e9but gla\u00e7ant, le meurtre de sang-froid d\u2019un petit gar\u00e7on, \u00e0 une fin plus apais\u00e9e qui donne son sens au titre.<br \/>\nAu centre de l\u2019histoire, Gonzalo Gil, un personnage effac\u00e9 et falot dont la vie et la carri\u00e8re &#8211; il est avocat \u00e0 Barcelone &#8211; sont r\u00e9gies par un beau-p\u00e8re peu soucieux d\u2019honn\u00eatet\u00e9. C\u2019est en quelque sorte un personnage sans m\u00e9moire ou plut\u00f4t un personnage dont la m\u00e9moire a \u00e9t\u00e9 manipul\u00e9e par son entourage.<br \/>\nLe suicide de sa s\u0153ur Laura, qu\u2019il ch\u00e9rissait par-dessus tout mais qu\u2019il n\u2019avait pas revue depuis plusieurs ann\u00e9es, va l\u2019obliger \u00e0 sortir du confort m\u00e9diocre de sa vie et \u00e0 explorer \u00e0 ses risques et p\u00e9rils le pass\u00e9 trouble de sa famille. Laura est en fait le personnage central du livre car c\u2019est en reprenant le fil t\u00e9nu de l\u2019enqu\u00eate commenc\u00e9e par sa s\u0153ur que Gonzalo r\u00e9ussira \u00e0 faire remonter le pass\u00e9, son pass\u00e9 et celui de sa famille, \u00e0 la surface.<br \/>\nLe roman fonctionne comme un gigantesque puzzle dont les pi\u00e8ces vont s\u2019assembler peu \u00e0 peu jusqu\u2019\u00e0 d\u00e9voiler l\u2019intol\u00e9rable v\u00e9rit\u00e9 et il embrasse toute l\u2019histoire du XX\u00b0 si\u00e8cle \u00e0 travers la figure du p\u00e8re de Gonzalo, El\u00edas Gil, grande figure h\u00e9ro\u00efque de la r\u00e9sistance \u00e0 tous les fascismes. Un h\u00e9ros ? C\u2019est ce p\u00e8re dont Gonzalo voudrait percer le secret afin de le comprendre, voire de l\u2019aimer enfin.<br \/>\nDans les ann\u00e9es 30, El\u00edas Gil, jeune ing\u00e9nieur espagnol, communiste fervent, part en URSS servir la r\u00e9volution dans la Russie stalinienne. Son id\u00e9alisme le conduit tout droit en Sib\u00e9rie dans l\u2019enfer de Nazino, \u00ab l\u2019\u00eele aux cannibales \u00bb o\u00f9, avant le Goulag, sur ordre de Staline, furent abandonn\u00e9s des milliers de d\u00e9tenus sans vivres ni abris. El\u00edas Gil survivra \u00e0 tous les drames de son \u00e9poque : la d\u00e9portation, la guerre civile espagnole, la seconde guerre mondiale, l\u2019apr\u00e8s-franquisme en Catalogne. Son destin va croiser d\u2019autres personnages, Irina, la femme passionn\u00e9ment aim\u00e9e, Igor, l\u2019incarnation du Mal absolu, un damn\u00e9 \u00e0 la Dosto\u00efevski, Anna, la fille d\u2019Irina, dont El\u00edas et Igor s\u2019arrachent la possession.<br \/>\nMais ce n\u2019est pas un monde en noir et blanc que peint V\u00edctor del \u00c1rbol : la noirceur la plus absolue se cache au c\u0153ur du bien et le lecteur d\u00e9couvre peu \u00e0 peu l\u2019imposture de cet El\u00edas Gil, la face noire de cet homme dont tous vantent l\u2019h\u00e9ro\u00efsme, le courage, la probit\u00e9. Si son fils Gonzalo est sans m\u00e9moire, c\u2019est que sa s\u0153ur a toujours voulu le prot\u00e9ger de ce p\u00e8re indigne dont elle connaissait les secrets. Polici\u00e8re \u00e9m\u00e9rite, elle voulait r\u00e9v\u00e9ler au grand jour l\u2019indignit\u00e9 multiforme de son p\u00e8re.<br \/>\nLe pr\u00e9sent du roman se situe \u00e0 Barcelone dans les ann\u00e9es 2000 o\u00f9, sur fond de corruption immobili\u00e8re orchestr\u00e9e par le beau-p\u00e8re de Gonzalo, s\u00e9vit une organisation mafieuse russe, la Matriochka, dirig\u00e9e par\u2026 Anna, la fille d\u2019Irina !<br \/>\nPour V\u00edctor del \u00c1rbol, si la structure dramatique de son roman est celle du puzzle, c\u2019est dans la Matriochka qu\u2019il faut en chercher le sens symbolique puisque la v\u00e9rit\u00e9 se cache toujours plus profond\u00e9ment dans la plus petite des poup\u00e9es que l\u2019on n\u2019atteint qu\u2019apr\u00e8s avoir ouvert toutes les autres.<br \/>\nVous l\u2019aurez compris, c\u2019est un roman tr\u00e9pidant qui encha\u00eene les coups de th\u00e9\u00e2tre les uns apr\u00e8s les autres &#8211; et encore je ne vous ai pas tout dit car Anna, la Matriochka, a une fille, Tania, dont Gonzalo\u2026, mais chut ! vous le saurez en lisant le roman ! Le lecteur est souvent frapp\u00e9 de stupeur devant tant d\u2019\u00e9v\u00e9nements sanglants mais c\u2019est un roman bien \u00e9crit qui embrasse avec justesse toute l\u2019histoire du XX\u00b0 si\u00e8cle \u00e0 travers la vie d\u2019El\u00edas Gil.<br \/>\nJe compte lire <em>El Impostor<\/em> de Javier Cercas dont Denis Romero avait conseill\u00e9 la lecture et qui raconte lui aussi l\u2019histoire d\u2019une imposture mais d\u2019une mani\u00e8re sans doute moins \u00e9chevel\u00e9e !<br \/>\n<em>Un Mill\u00f3n de gotas<\/em> a \u00e9t\u00e9 traduit en fran\u00e7ais sous le titre <em>Toutes les<\/em> <em>vagues de l\u2019oc\u00e9an<\/em> et a remport\u00e9 en 2015 le grand prix de litt\u00e9rature polici\u00e8re du meilleur roman \u00e9tranger. En 2016 V\u00edctor del \u00c1rbol a re\u00e7u en Espagne le Prix Nadal pour son dernier roman.<\/p>\n<p><em>La primera gota es la que empieza a romper la piedra<\/em><br \/>\n<em> La primera gota es la que empieza a ser oc\u00e9ano<\/em><\/p>\n<p>Tels sont les derniers mots du livre !<br \/>\nAlors plongez-vous sans h\u00e9sitation dans la lecture de ce roman que j\u2019ai vraiment aim\u00e9 et ne boudez pas votre plaisir !<br \/>\nUne autre fois je vous parlerai d\u2019un autre livre de V\u00edctor del \u00c1rbol, La <em>Tristeza del Samurai<\/em>, qui a obtenu en 2012 le Prix du polar europ\u00e9en et qui est sans doute plus ancr\u00e9 dans l\u2019histoire contemporaine de l\u2019Espagne mais tout aussi haletant.<\/p>\n","protected":false},"excerpt":{"rendered":"<p>&nbsp; V\u00edctor DEL \u00c1RBOL, Un mill\u00f3n de gotas. Barcelona : Ediciones Destino, 2015. Ce livre de 700 pages est \u00e0 la fois un roman noir, un thriller, un roman historique, un roman feuilleton et il se lit \u00e0 belles dents, du d\u00e9but gla\u00e7ant, le meurtre de sang-froid d\u2019un petit gar\u00e7on, \u00e0 une fin plus apais\u00e9e &hellip; <a href=\"https:\/\/retirada37.com\/?p=947\" class=\"more-link\">Continuer la lecture de <span class=\"screen-reader-text\">V\u00edctor del \u00c1rbol, Un Mill\u00f3n de gotas<\/span>  <span class=\"meta-nav\">&rarr;<\/span><\/a><\/p>\n","protected":false},"author":1,"featured_media":0,"comment_status":"open","ping_status":"open","sticky":false,"template":"","format":"standard","meta":{"_bbp_topic_count":0,"_bbp_reply_count":0,"_bbp_total_topic_count":0,"_bbp_total_reply_count":0,"_bbp_voice_count":0,"_bbp_anonymous_reply_count":0,"_bbp_topic_count_hidden":0,"_bbp_reply_count_hidden":0,"_bbp_forum_subforum_count":0,"footnotes":""},"categories":[20],"tags":[],"class_list":["post-947","post","type-post","status-publish","format-standard","hentry","category-culture"],"_links":{"self":[{"href":"https:\/\/retirada37.com\/index.php?rest_route=\/wp\/v2\/posts\/947","targetHints":{"allow":["GET"]}}],"collection":[{"href":"https:\/\/retirada37.com\/index.php?rest_route=\/wp\/v2\/posts"}],"about":[{"href":"https:\/\/retirada37.com\/index.php?rest_route=\/wp\/v2\/types\/post"}],"author":[{"embeddable":true,"href":"https:\/\/retirada37.com\/index.php?rest_route=\/wp\/v2\/users\/1"}],"replies":[{"embeddable":true,"href":"https:\/\/retirada37.com\/index.php?rest_route=%2Fwp%2Fv2%2Fcomments&post=947"}],"version-history":[{"count":1,"href":"https:\/\/retirada37.com\/index.php?rest_route=\/wp\/v2\/posts\/947\/revisions"}],"predecessor-version":[{"id":18473,"href":"https:\/\/retirada37.com\/index.php?rest_route=\/wp\/v2\/posts\/947\/revisions\/18473"}],"wp:attachment":[{"href":"https:\/\/retirada37.com\/index.php?rest_route=%2Fwp%2Fv2%2Fmedia&parent=947"}],"wp:term":[{"taxonomy":"category","embeddable":true,"href":"https:\/\/retirada37.com\/index.php?rest_route=%2Fwp%2Fv2%2Fcategories&post=947"},{"taxonomy":"post_tag","embeddable":true,"href":"https:\/\/retirada37.com\/index.php?rest_route=%2Fwp%2Fv2%2Ftags&post=947"}],"curies":[{"name":"wp","href":"https:\/\/api.w.org\/{rel}","templated":true}]}}