{"id":941,"date":"2016-04-30T15:59:57","date_gmt":"2016-04-30T14:59:57","guid":{"rendered":"http:\/\/retirada37.com\/?p=941"},"modified":"2016-04-30T16:05:06","modified_gmt":"2016-04-30T15:05:06","slug":"histoire-et-conflits-de-memoire-en-espagne","status":"publish","type":"post","link":"https:\/\/retirada37.com\/?p=941","title":{"rendered":"Histoire et conflits de m\u00e9moire en Espagne"},"content":{"rendered":"<p>Il y a quarante ans, la mort de Francisco Franco ouvrait un processus de transition d\u00e9mocratique n\u00e9goci\u00e9 entre le gouvernement et l&rsquo;opposition antifranquiste. Il \u00e9tait mis fin \u00e0 un r\u00e9gime \u00e9tabli une quarantaine d\u2019ann\u00e9es auparavant, au terme d\u2019une guerre civile particuli\u00e8rement meurtri\u00e8re, d\u00e9clench\u00e9e par un coup d\u2019\u00c9tat militaire. Ainsi la d\u00e9mocratie espagnole ne rompit-elle pas officiellement avec la dictature et \u00e9vita-t-elle de revenir sur les circonstances de son av\u00e8nement.<img loading=\"lazy\" decoding=\"async\" class=\"size-full wp-image-942 aligncenter\" src=\"https:\/\/retirada37.com\/wp-content\/uploads\/2016\/04\/27246100603690M.jpg\" alt=\"27246100603690M\" width=\"131\" height=\"188\" \/><\/p>\n<p>Depuis la fin des ann\u00e9es 1990, ce \u00ab consensus transitionnel \u00bb est critiqu\u00e9 par les mouvements sociaux en faveur de la \u00ab r\u00e9cup\u00e9ration de la m\u00e9moire historique \u00bb et rompu par les partis qui se saisissent d\u00e9sormais du pass\u00e9 comme d\u2019une arme politique. Ce contexte n\u2019est pas sans cons\u00e9quences sur le travail des historiens, dont les interpr\u00e9tations de la Seconde R\u00e9publique, de la guerre civile et de la dictature sont au coeur des conflits de m\u00e9moire.<\/p>\n<p>Ce num\u00e9ro sp\u00e9cial de Vingti\u00e8me Si\u00e8cle explore les effets de ces d\u00e9bats m\u00e9moriels sur la mani\u00e8re dont on \u00e9crit l\u2019histoire du 20e si\u00e8cle espagnol, en proposant un tour d&rsquo;horizon des recherches men\u00e9es depuis une vingtaine d&rsquo;ann\u00e9es.<\/p>\n<p>SOMMAIRE<\/p>\n<p>Les historiens pris dans les conflits de m\u00e9moire<\/p>\n<p><em>\u00c9lodie Richard et Charlotte Vorms<\/em><\/p>\n<p>Transition historiographique ? Retour sur quatre-vingts ans d&rsquo;histoire de l\u2019Espagne<\/p>\n<p><em>\u00c9lodie Richard et Charlotte Vorms<\/em><\/p>\n<p><strong>Usages politiques du pass\u00e9<\/strong><\/p>\n<p>La m\u00e9moire malmen\u00e9e de la transition espagnole \u00e0 la d\u00e9mocratie<\/p>\n<p><em>Sophie Baby<\/em><\/p>\n<p>La guerre civile espagnole, enjeux historiographiques et patrimoine politique<\/p>\n<p><em>Fran\u00e7ois Godicheau<\/em><\/p>\n<p>Entretien avec le romancier Isaac Rosa<\/p>\n<p><em>par \u00c9lodie Richard<\/em><\/p>\n<p>La violence sous la Seconde R\u00e9publique espagnole : une question politique<\/p>\n<p><em>Eduardo Gonz\u00e1lez Calleja<\/em><\/p>\n<p>Le renouvellement du corps des professeurs d\u2019histoire pendant le premier franquisme<\/p>\n<p><em>Rub\u00e9n Pallol Trigueros<\/em><\/p>\n<p>Belchite, entre lieu de m\u00e9moire et lieu de reconnaissance (1937-2013)<\/p>\n<p><em>St\u00e9phane Michonneau<\/em><\/p>\n<p><strong>Le r\u00e9gime franquiste<\/strong><\/p>\n<p>Le r\u00f4le de l\u2019\u00c9glise dans la r\u00e9pression franquiste<\/p>\n<p><em>Gutmaro G\u00f3mez Bravo<\/em><\/p>\n<p>Le culte de la mort dans l\u2019\u00ab \u00c9tat nouveau \u00bb espagnol (1936-1941)<\/p>\n<p><em>Francisco Sevillano Calero<\/em><\/p>\n<p>Le contr\u00f4le de la sexualit\u00e9 des jeunes Valenciennes sous le franquisme (ann\u00e9es 1940 et 1950)<\/p>\n<p><em>Am\u00e9lie Nuq<\/em><\/p>\n<p>De la crise du logement \u00e0 la question urbaine : le r\u00e9gime franquiste et les conditions de vie urbaines<\/p>\n<p><em>C\u00e9line Vaz<\/em><\/p>\n<p><strong>Adh\u00e9sion, consentement, r\u00e9sistance<\/strong><\/p>\n<p>Les dynamiques locales et quotidiennes de la r\u00e9pression franquiste (1936-1950)<\/p>\n<p><em>Claudio Hern\u00e1ndez Burgos<\/em><\/p>\n<p>Une histoire sociale de la r\u00e9sistance au franquisme<\/p>\n<p><em>Jorge Marco<\/em><\/p>\n<p>Le premier franquisme \u00ab vu d\u2019en bas \u00bb : r\u00e9sistance arm\u00e9e et r\u00e9sistances quotidiennes (1939-1952)<\/p>\n<p><em>Mercedes Yusta Rodrigo<\/em><\/p>\n<p>La question religieuse en Espagne au 20e si\u00e8cle<\/p>\n<p><em>Feliciano Montero Garc\u00eda<\/em><\/p>\n<p>&nbsp;<\/p>\n<div class=\"infospub\">\n<div class=\"lesauteurs\"><strong><em>Elodie Richard et Charlotte Worms (dir.)<\/em><\/strong><\/div>\n<div class=\"infosedition\"><strong><em>\u00a0Paris,\u00a0Presses de Sciences Po,\u00a02015,\u00a0 336 p.<\/em><\/strong><br \/>\n<strong><em>Prix : 23 \u20ac<\/em><\/strong><\/div>\n<\/div>\n","protected":false},"excerpt":{"rendered":"<p>Il y a quarante ans, la mort de Francisco Franco ouvrait un processus de transition d\u00e9mocratique n\u00e9goci\u00e9 entre le gouvernement et l&rsquo;opposition antifranquiste. Il \u00e9tait mis fin \u00e0 un r\u00e9gime \u00e9tabli une quarantaine d\u2019ann\u00e9es auparavant, au terme d\u2019une guerre civile particuli\u00e8rement meurtri\u00e8re, d\u00e9clench\u00e9e par un coup d\u2019\u00c9tat militaire. Ainsi la d\u00e9mocratie espagnole ne rompit-elle pas &hellip; <a href=\"https:\/\/retirada37.com\/?p=941\" class=\"more-link\">Continuer la lecture de <span class=\"screen-reader-text\">Histoire et conflits de m\u00e9moire en Espagne<\/span>  <span class=\"meta-nav\">&rarr;<\/span><\/a><\/p>\n","protected":false},"author":3,"featured_media":0,"comment_status":"open","ping_status":"open","sticky":false,"template":"","format":"standard","meta":{"_bbp_topic_count":0,"_bbp_reply_count":0,"_bbp_total_topic_count":0,"_bbp_total_reply_count":0,"_bbp_voice_count":0,"_bbp_anonymous_reply_count":0,"_bbp_topic_count_hidden":0,"_bbp_reply_count_hidden":0,"_bbp_forum_subforum_count":0,"footnotes":""},"categories":[14],"tags":[],"class_list":["post-941","post","type-post","status-publish","format-standard","hentry","category-histoire"],"_links":{"self":[{"href":"https:\/\/retirada37.com\/index.php?rest_route=\/wp\/v2\/posts\/941","targetHints":{"allow":["GET"]}}],"collection":[{"href":"https:\/\/retirada37.com\/index.php?rest_route=\/wp\/v2\/posts"}],"about":[{"href":"https:\/\/retirada37.com\/index.php?rest_route=\/wp\/v2\/types\/post"}],"author":[{"embeddable":true,"href":"https:\/\/retirada37.com\/index.php?rest_route=\/wp\/v2\/users\/3"}],"replies":[{"embeddable":true,"href":"https:\/\/retirada37.com\/index.php?rest_route=%2Fwp%2Fv2%2Fcomments&post=941"}],"version-history":[{"count":4,"href":"https:\/\/retirada37.com\/index.php?rest_route=\/wp\/v2\/posts\/941\/revisions"}],"predecessor-version":[{"id":946,"href":"https:\/\/retirada37.com\/index.php?rest_route=\/wp\/v2\/posts\/941\/revisions\/946"}],"wp:attachment":[{"href":"https:\/\/retirada37.com\/index.php?rest_route=%2Fwp%2Fv2%2Fmedia&parent=941"}],"wp:term":[{"taxonomy":"category","embeddable":true,"href":"https:\/\/retirada37.com\/index.php?rest_route=%2Fwp%2Fv2%2Fcategories&post=941"},{"taxonomy":"post_tag","embeddable":true,"href":"https:\/\/retirada37.com\/index.php?rest_route=%2Fwp%2Fv2%2Ftags&post=941"}],"curies":[{"name":"wp","href":"https:\/\/api.w.org\/{rel}","templated":true}]}}