{"id":764,"date":"2016-03-26T11:56:06","date_gmt":"2016-03-26T10:56:06","guid":{"rendered":"http:\/\/retirada37.com\/?p=764"},"modified":"2016-03-26T11:56:06","modified_gmt":"2016-03-26T10:56:06","slug":"la-blessure-de-lexil-espagnol","status":"publish","type":"post","link":"https:\/\/retirada37.com\/?p=764","title":{"rendered":"La blessure de l&rsquo;exil espagnol"},"content":{"rendered":"<p>Article de \u00ab\u00a0La Nouvelle r\u00e9publique\u00a0\u00bb du 24 mars 2016.<br \/>\n<img loading=\"lazy\" decoding=\"async\" class=\"alignnone size-full wp-image-765\" src=\"https:\/\/retirada37.com\/wp-content\/uploads\/2016\/03\/La-blessure-de-l-exil-espagnol_image_article_droite.jpg\" alt=\"REFUGIES ESPAGNOLS TETE (1)\" width=\"323\" height=\"330\" srcset=\"https:\/\/retirada37.com\/wp-content\/uploads\/2016\/03\/La-blessure-de-l-exil-espagnol_image_article_droite.jpg 323w, https:\/\/retirada37.com\/wp-content\/uploads\/2016\/03\/La-blessure-de-l-exil-espagnol_image_article_droite-294x300.jpg 294w\" sizes=\"auto, (max-width: 323px) 100vw, 323px\" \/><\/p>\n<p>Mar-y-Luz Cari\u00f1o-Lopez tient dans ses mains une photo de son p\u00e8re. Ce dernier a \u00e9t\u00e9 d\u00e9cor\u00e9 par De Gaulle pour sa participation \u00e0 la lib\u00e9ration de la France.<\/p>\n<p>2016 marque les 80 ans de la guerre d\u2019Espagne. Elle se conclut par l\u2019exil de centaines de milliers de R\u00e9publicains en France. T\u00e9moignage d\u2019une Lochoise, fille d\u2019un exil\u00e9 qui a combattu aussi les nazis.<\/p>\n<p>Longtemps, elle n&rsquo;a rien su, ou presque, des \u00e9preuves de son p\u00e8re. Simplement qu&rsquo;il avait d\u00e9sert\u00e9 l&rsquo;arm\u00e9e franquiste et fait la Seconde Guerre mondiale dans la 2e DB du mar\u00e9chal Leclerc. Son p\u00e8re, Angel Rodriguez-Leira, n&rsquo;en parlait jamais. Mais, en 2010, plus de trente ans apr\u00e8s sa mort, Mar-y-Luz Cari\u00f1o-Lopez en a appris bien davantage gr\u00e2ce \u00e0 l&rsquo;historien Robert Coale dans le cadre d&rsquo;un hommage aux r\u00e9publicains espagnols\u2009: \u00ab J&rsquo;ai pris un coup de poing \u00e0 la figure \u00bb.<\/p>\n<p>Cette habitante de Ferri\u00e8re-sur-Beaulieu porte le pr\u00e9nom que son p\u00e8re avait donn\u00e9 au canon de son tank qui d\u00e9filera dans Paris lib\u00e9r\u00e9e. Quant \u00e0 son nom, Cari\u00f1o-Lopez, c&rsquo;est celui que son p\u00e8re s&rsquo;est choisi, par s\u00e9curit\u00e9, en 1943, en s&rsquo;engageant dans les corps francs d&rsquo;Afrique. Il renvoie au village espagnol o\u00f9 il est n\u00e9 en 1914\u2009: Cari\u00f1o. Dans ce port de Galice, il est marin p\u00eacheur et adh\u00e9rent au syndicat anarchiste CNT lorsqu&rsquo;\u00e9clate le coup d&rsquo;Etat nationaliste de Franco en 1936. Il est mari\u00e9, p\u00e8re d&rsquo;une petite fille, et son \u00e9pouse attend un deuxi\u00e8me enfant, qui na\u00eetra apr\u00e8s son d\u00e9part pour la guerre.<\/p>\n<p><strong>\u00ab\u00a0\u2009Continuer la lutte\u2009\u00a0\u00bb<\/strong><\/p>\n<p>R\u00e9quisitionn\u00e9 dans l&rsquo;arm\u00e9e franquiste fin 1937-d\u00e9but 1938, Angel Rodriguez-Leira d\u00e9serte et passe du c\u00f4t\u00e9 des R\u00e9publicains. Quand Madrid tombe aux mains de Franco fin mars 1939, son seul salut est de fuir l&rsquo;Espagne par bateau depuis les environs d&rsquo;Alicante. Avec d&rsquo;autres R\u00e9publicains, il traverse la M\u00e9diterrann\u00e9e en chaloupe, \u00e0 la rame. Accoste en Alg\u00e9rie fran\u00e7aise. Comme dans l&rsquo;Hexagone, il va conna\u00eetre, de l&rsquo;\u00e2ge de 25 ans \u00e0 28 ans, les camps o\u00f9 la France a parqu\u00e9 les Espagnols exil\u00e9s. Il s&rsquo;\u00e9vade, mais est repris. \u00ab On lui a dit\u2009: soit vous rentrez dans la L\u00e9gion \u00e9trang\u00e8re, soit vous retournez chez Franco. \u00bb Ce qui signifiait l&rsquo;envoyer \u00e0 une mort presque certaine. Ce sera donc la L\u00e9gion.<br \/>\nIl y reste huit mois, puis d\u00e9serte une nouvelle fois le 27 juin 1943. Le lendemain, il signe dans les corps francs d&rsquo;Afrique sous sa nouvelle identit\u00e9. Rapidement, il int\u00e8gre, au sein de la 2e DB, \u00ab la nueve \u00bb, une compagnie majoritairement compos\u00e9e de R\u00e9publicains espagnols. \u00ab Ils n&rsquo;avaient qu&rsquo;une id\u00e9e en t\u00eate\u2009: continuer la lutte. \u00bb Et, au bout de la victoire des Alli\u00e9s, reprendre l&rsquo;Espagne aux Franquistes. Les espoirs d&rsquo;Angel Rodriguez-Leira seront trahis. Jamais les alli\u00e9s n&rsquo;ont envisag\u00e9 de renverser Franco pour y r\u00e9instaurer la R\u00e9publique.<br \/>\nEn France, l&rsquo;exil\u00e9 espagnol fondera une nouvelle famille, sans jamais oublier la premi\u00e8re. Mais il ne reverra pas l&rsquo;Espagne.<\/p>\n<p><strong>Pierre Calmeilles<\/strong><\/p>\n","protected":false},"excerpt":{"rendered":"<p>Article de \u00ab\u00a0La Nouvelle r\u00e9publique\u00a0\u00bb du 24 mars 2016. Mar-y-Luz Cari\u00f1o-Lopez tient dans ses mains une photo de son p\u00e8re. Ce dernier a \u00e9t\u00e9 d\u00e9cor\u00e9 par De Gaulle pour sa participation \u00e0 la lib\u00e9ration de la France. 2016 marque les 80 ans de la guerre d\u2019Espagne. Elle se conclut par l\u2019exil de centaines de milliers &hellip; <a href=\"https:\/\/retirada37.com\/?p=764\" class=\"more-link\">Continuer la lecture de <span class=\"screen-reader-text\">La blessure de l&rsquo;exil espagnol<\/span>  <span class=\"meta-nav\">&rarr;<\/span><\/a><\/p>\n","protected":false},"author":3,"featured_media":0,"comment_status":"open","ping_status":"open","sticky":false,"template":"","format":"standard","meta":{"_bbp_topic_count":0,"_bbp_reply_count":0,"_bbp_total_topic_count":0,"_bbp_total_reply_count":0,"_bbp_voice_count":0,"_bbp_anonymous_reply_count":0,"_bbp_topic_count_hidden":0,"_bbp_reply_count_hidden":0,"_bbp_forum_subforum_count":0,"footnotes":""},"categories":[13,15],"tags":[],"class_list":["post-764","post","type-post","status-publish","format-standard","hentry","category-medias","category-temoignages-et-recits"],"_links":{"self":[{"href":"https:\/\/retirada37.com\/index.php?rest_route=\/wp\/v2\/posts\/764","targetHints":{"allow":["GET"]}}],"collection":[{"href":"https:\/\/retirada37.com\/index.php?rest_route=\/wp\/v2\/posts"}],"about":[{"href":"https:\/\/retirada37.com\/index.php?rest_route=\/wp\/v2\/types\/post"}],"author":[{"embeddable":true,"href":"https:\/\/retirada37.com\/index.php?rest_route=\/wp\/v2\/users\/3"}],"replies":[{"embeddable":true,"href":"https:\/\/retirada37.com\/index.php?rest_route=%2Fwp%2Fv2%2Fcomments&post=764"}],"version-history":[{"count":1,"href":"https:\/\/retirada37.com\/index.php?rest_route=\/wp\/v2\/posts\/764\/revisions"}],"predecessor-version":[{"id":766,"href":"https:\/\/retirada37.com\/index.php?rest_route=\/wp\/v2\/posts\/764\/revisions\/766"}],"wp:attachment":[{"href":"https:\/\/retirada37.com\/index.php?rest_route=%2Fwp%2Fv2%2Fmedia&parent=764"}],"wp:term":[{"taxonomy":"category","embeddable":true,"href":"https:\/\/retirada37.com\/index.php?rest_route=%2Fwp%2Fv2%2Fcategories&post=764"},{"taxonomy":"post_tag","embeddable":true,"href":"https:\/\/retirada37.com\/index.php?rest_route=%2Fwp%2Fv2%2Ftags&post=764"}],"curies":[{"name":"wp","href":"https:\/\/api.w.org\/{rel}","templated":true}]}}