{"id":72,"date":"2015-03-14T19:52:38","date_gmt":"2015-03-14T18:52:38","guid":{"rendered":"http:\/\/retirada37.com\/?p=72"},"modified":"2015-05-22T18:38:29","modified_gmt":"2015-05-22T17:38:29","slug":"memoires-dun-homme-daction","status":"publish","type":"post","link":"https:\/\/retirada37.com\/?p=72","title":{"rendered":"M\u00e9moires d&rsquo;un homme d&rsquo;action"},"content":{"rendered":"<p><small><small><big><a href=\"https:\/\/retirada37.com\/wp-content\/uploads\/2015\/03\/Juan_Garc\u00eda_Oliver1.jpg\"><img loading=\"lazy\" decoding=\"async\" class=\"alignnone size-full wp-image-79\" src=\"https:\/\/retirada37.com\/wp-content\/uploads\/2015\/03\/Juan_Garc\u00eda_Oliver1.jpg\" alt=\"Juan_Garc\u00eda_Oliver\" width=\"700\" height=\"445\" srcset=\"https:\/\/retirada37.com\/wp-content\/uploads\/2015\/03\/Juan_Garc\u00eda_Oliver1.jpg 700w, https:\/\/retirada37.com\/wp-content\/uploads\/2015\/03\/Juan_Garc\u00eda_Oliver1-300x191.jpg 300w\" sizes=\"auto, (max-width: 700px) 100vw, 700px\" \/><\/a>JUAN GARCIA OLIVER : <\/big><big>L&rsquo;\u00e9cho des pas<\/big><\/small><\/small><br \/>\n<small><small><big><\/big><\/small><\/small><small><small><big><small>Enfin traduit en fran\u00e7ais, le livre\/\u00e9pop\u00e9e des m\u00e9moires de Juan Garcia Oliver <\/small><\/big><\/small><small><small><\/small><\/small><br \/>\n<\/small><small><small><big><small>640 pages &#8211; 25 \u20ac <\/small><\/big><\/small><\/small><\/p>\n<p><small><small><\/small><\/small><small><small><\/small><\/small><small><small>L&rsquo;\u00e9cho des pas est rest\u00e9 jusqu&rsquo;\u00e0 ce jour in\u00e9dit en fran\u00e7ais. A sa parution originale en espagnol en 1978, \u00ab le pav\u00e9 de Garcia Oliver -650 pages- y produisit quelques effets, dont l&rsquo;irritation ne fut pas le moindre. C&rsquo;est que le bonhomme avait l&rsquo;avantage d&rsquo;exasp\u00e9rer d&rsquo;abord les siens, et ce depuis longtemps \u00bb comme l&rsquo;\u00e9crit Freddy Gomez qui signe la pr\u00e9face de cette \u00e9dition fran\u00e7aise.<\/small><\/small><br \/>\n<small><small>Quand il proposa au Plenum du 23 juillet 1936 que la CNT prenne tout le pouvoir en Catalogne, Garcia Oliver ne fut pas suivi. Seul le canton du Bas Llobregat vota pour sa proposition. C&rsquo;est le ralliement \u00e0 l&rsquo;id\u00e9ologie de front r\u00e9publicain qui pr\u00e9valut&#8230;<\/small><\/small><br \/>\n<small><small>Pour Garcia Oliver, tout s&rsquo;est jou\u00e9 ce 23 juillet. \u00ab Je n\u2019en revenais pas. C\u2019\u00e9tait le Pl\u00e9num de f\u00e9d\u00e9rations locales et cantonales le plus insolite. Des d\u00e9l\u00e9gu\u00e9s convoqu\u00e9s dans l\u2019urgence et ignorant ce dont on allait parler dans cette assembl\u00e9e, venaient d\u2019adopter des positions qui jetaient par terre tous les accords fondamentaux de la CNT ignorant les aspects les plus \u00e9l\u00e9mentaires de son histoire d\u2019organisation fortement influenc\u00e9e par le radicalisme anarchiste (&#8230;) \u00e9crit-il .<\/small><\/small><br \/>\n<small><small>Le t\u00e9moignage de celui qui fut, depuis 1919, un des hommes cl\u00e9 de la CNT, tour \u00e0 tour gar\u00e7on de caf\u00e9, organisateur de syndicats, homme d&rsquo;action revolver au poing et&#8230; ministre de la justice est incontournable(&#8230;)<\/small><\/small><\/p>\n<p><small><small><small><small><small><big><big><big><big><a href=\"http:\/\/www.lecoquelicot.info\/commandes.html\">commander<\/a><br \/>\n<\/big><\/big><\/big><\/big><\/small><\/small><\/small><\/small><\/small><small><big><big><small><small><\/small><\/small><\/big><\/big><\/small>\u00a0<small><big><big><small><small><br \/>\n<\/small><\/small><\/big><\/big><small><big><big><small><small>Il s&rsquo;agit des m\u00e9moires parues en 1978, in\u00e9dites en Fran\u00e7ais de celui qui \u00ab\u00a0n&rsquo;a pas voulu occulter tout ce qui jusqu&rsquo;alors avait \u00e9t\u00e9 censur\u00e9 m\u00eame par les propres anarchistes ou trait\u00e9 de fa\u00e7on obscure dans l&rsquo;histoire de la CNT. En d\u00e9finitive, il ne se tait pas pour critiquer les mythes et les martyrs de l&rsquo;anarchisme.\u00a0\u00bb<br \/>\n<\/small><\/small><\/big><\/big><\/small><\/small><\/p>\n<div><small><big><big><small><small><small>(extrait de Solidaridad Obrera n\u00b0 sp\u00e9cial 2007)<\/small><\/small><\/small><\/big><\/big><\/small><\/div>\n","protected":false},"excerpt":{"rendered":"<p>JUAN GARCIA OLIVER : L&rsquo;\u00e9cho des pas Enfin traduit en fran\u00e7ais, le livre\/\u00e9pop\u00e9e des m\u00e9moires de Juan Garcia Oliver 640 pages &#8211; 25 \u20ac L&rsquo;\u00e9cho des pas est rest\u00e9 jusqu&rsquo;\u00e0 ce jour in\u00e9dit en fran\u00e7ais. A sa parution originale en espagnol en 1978, \u00ab le pav\u00e9 de Garcia Oliver -650 pages- y produisit quelques effets, &hellip; <a href=\"https:\/\/retirada37.com\/?p=72\" class=\"more-link\">Continuer la lecture de <span class=\"screen-reader-text\">M\u00e9moires d&rsquo;un homme d&rsquo;action<\/span>  <span class=\"meta-nav\">&rarr;<\/span><\/a><\/p>\n","protected":false},"author":3,"featured_media":0,"comment_status":"open","ping_status":"open","sticky":false,"template":"","format":"standard","meta":{"_bbp_topic_count":0,"_bbp_reply_count":0,"_bbp_total_topic_count":0,"_bbp_total_reply_count":0,"_bbp_voice_count":0,"_bbp_anonymous_reply_count":0,"_bbp_topic_count_hidden":0,"_bbp_reply_count_hidden":0,"_bbp_forum_subforum_count":0,"footnotes":""},"categories":[15],"tags":[],"class_list":["post-72","post","type-post","status-publish","format-standard","hentry","category-temoignages-et-recits"],"_links":{"self":[{"href":"https:\/\/retirada37.com\/index.php?rest_route=\/wp\/v2\/posts\/72","targetHints":{"allow":["GET"]}}],"collection":[{"href":"https:\/\/retirada37.com\/index.php?rest_route=\/wp\/v2\/posts"}],"about":[{"href":"https:\/\/retirada37.com\/index.php?rest_route=\/wp\/v2\/types\/post"}],"author":[{"embeddable":true,"href":"https:\/\/retirada37.com\/index.php?rest_route=\/wp\/v2\/users\/3"}],"replies":[{"embeddable":true,"href":"https:\/\/retirada37.com\/index.php?rest_route=%2Fwp%2Fv2%2Fcomments&post=72"}],"version-history":[{"count":4,"href":"https:\/\/retirada37.com\/index.php?rest_route=\/wp\/v2\/posts\/72\/revisions"}],"predecessor-version":[{"id":243,"href":"https:\/\/retirada37.com\/index.php?rest_route=\/wp\/v2\/posts\/72\/revisions\/243"}],"wp:attachment":[{"href":"https:\/\/retirada37.com\/index.php?rest_route=%2Fwp%2Fv2%2Fmedia&parent=72"}],"wp:term":[{"taxonomy":"category","embeddable":true,"href":"https:\/\/retirada37.com\/index.php?rest_route=%2Fwp%2Fv2%2Fcategories&post=72"},{"taxonomy":"post_tag","embeddable":true,"href":"https:\/\/retirada37.com\/index.php?rest_route=%2Fwp%2Fv2%2Ftags&post=72"}],"curies":[{"name":"wp","href":"https:\/\/api.w.org\/{rel}","templated":true}]}}