{"id":64,"date":"2015-03-14T19:43:21","date_gmt":"2015-03-14T18:43:21","guid":{"rendered":"http:\/\/retirada37.com\/?p=64"},"modified":"2015-03-26T18:16:21","modified_gmt":"2015-03-26T17:16:21","slug":"hommage-aux-republicains-espagnols-de-la-nueve-qui-ont-libere-paris-en-aout-44","status":"publish","type":"post","link":"https:\/\/retirada37.com\/?p=64","title":{"rendered":"Hommage aux R\u00e9publicains espagnols de \u00ab\u00a0la Nueve\u00a0\u00bb qui ont lib\u00e9r\u00e9 Paris en ao\u00fbt 44"},"content":{"rendered":"<p><a href=\"https:\/\/retirada37.com\/wp-content\/uploads\/2015\/03\/La-Nueve-Pont-dAusterlitz-Paris-ao\u00fbt-1944-2014-0063.jpg\"><img loading=\"lazy\" decoding=\"async\" class=\"alignnone size-medium wp-image-89\" src=\"https:\/\/retirada37.com\/wp-content\/uploads\/2015\/03\/La-Nueve-Pont-dAusterlitz-Paris-ao\u00fbt-1944-2014-0063-225x300.jpg\" alt=\"La Nueve (Pont d'Austerlitz, Paris) ao\u00fbt 1944 - 2014 006\" width=\"225\" height=\"300\" srcset=\"https:\/\/retirada37.com\/wp-content\/uploads\/2015\/03\/La-Nueve-Pont-dAusterlitz-Paris-ao\u00fbt-1944-2014-0063-225x300.jpg 225w, https:\/\/retirada37.com\/wp-content\/uploads\/2015\/03\/La-Nueve-Pont-dAusterlitz-Paris-ao\u00fbt-1944-2014-0063.jpg 436w\" sizes=\"auto, (max-width: 225px) 100vw, 225px\" \/><\/a>En pr\u00e9sence de nombreuses personnalit\u00e9s, quai Henry IV, Paris (4e) le dimanche 24 ao\u00fbt 2014 \u00e0 18h &#8211; VID\u00c9O caphi<\/p>\n<p><iframe loading=\"lazy\" title=\"70 ans apr\u00e8s la Lib\u00e9ration de Paris, les hommages sont rendus aux Espagnols de la &quot;Nueve&quot;\" width=\"474\" height=\"267\" src=\"https:\/\/www.youtube.com\/embed\/eU9kpeU9ajo?feature=oembed\" frameborder=\"0\" allow=\"accelerometer; autoplay; clipboard-write; encrypted-media; gyroscope; picture-in-picture; web-share\" referrerpolicy=\"strict-origin-when-cross-origin\" allowfullscreen><\/iframe><\/p>\n<p><iframe loading=\"lazy\" title=\"Hommage aux R\u00e9publicains espagnols de &quot;la Nueve&quot; lib\u00e9rateurs de Paris, 24 ao\u00fbt  2014\" width=\"474\" height=\"267\" src=\"https:\/\/www.youtube.com\/embed\/JNa8nK5cmu0?feature=oembed\" frameborder=\"0\" allow=\"accelerometer; autoplay; clipboard-write; encrypted-media; gyroscope; picture-in-picture; web-share\" referrerpolicy=\"strict-origin-when-cross-origin\" allowfullscreen><\/iframe><\/p>\n","protected":false},"excerpt":{"rendered":"<p>En pr\u00e9sence de nombreuses personnalit\u00e9s, quai Henry IV, Paris (4e) le dimanche 24 ao\u00fbt 2014 \u00e0 18h &#8211; VID\u00c9O caphi<\/p>\n","protected":false},"author":3,"featured_media":0,"comment_status":"open","ping_status":"open","sticky":false,"template":"","format":"video","meta":{"_bbp_topic_count":0,"_bbp_reply_count":0,"_bbp_total_topic_count":0,"_bbp_total_reply_count":0,"_bbp_voice_count":0,"_bbp_anonymous_reply_count":0,"_bbp_topic_count_hidden":0,"_bbp_reply_count_hidden":0,"_bbp_forum_subforum_count":0,"footnotes":""},"categories":[13,4],"tags":[],"class_list":["post-64","post","type-post","status-publish","format-video","hentry","category-medias","category-videos","post_format-post-format-video"],"_links":{"self":[{"href":"https:\/\/retirada37.com\/index.php?rest_route=\/wp\/v2\/posts\/64","targetHints":{"allow":["GET"]}}],"collection":[{"href":"https:\/\/retirada37.com\/index.php?rest_route=\/wp\/v2\/posts"}],"about":[{"href":"https:\/\/retirada37.com\/index.php?rest_route=\/wp\/v2\/types\/post"}],"author":[{"embeddable":true,"href":"https:\/\/retirada37.com\/index.php?rest_route=\/wp\/v2\/users\/3"}],"replies":[{"embeddable":true,"href":"https:\/\/retirada37.com\/index.php?rest_route=%2Fwp%2Fv2%2Fcomments&post=64"}],"version-history":[{"count":3,"href":"https:\/\/retirada37.com\/index.php?rest_route=\/wp\/v2\/posts\/64\/revisions"}],"predecessor-version":[{"id":90,"href":"https:\/\/retirada37.com\/index.php?rest_route=\/wp\/v2\/posts\/64\/revisions\/90"}],"wp:attachment":[{"href":"https:\/\/retirada37.com\/index.php?rest_route=%2Fwp%2Fv2%2Fmedia&parent=64"}],"wp:term":[{"taxonomy":"category","embeddable":true,"href":"https:\/\/retirada37.com\/index.php?rest_route=%2Fwp%2Fv2%2Fcategories&post=64"},{"taxonomy":"post_tag","embeddable":true,"href":"https:\/\/retirada37.com\/index.php?rest_route=%2Fwp%2Fv2%2Ftags&post=64"}],"curies":[{"name":"wp","href":"https:\/\/api.w.org\/{rel}","templated":true}]}}