{"id":62,"date":"2015-03-14T19:40:47","date_gmt":"2015-03-14T18:40:47","guid":{"rendered":"http:\/\/retirada37.com\/?p=62"},"modified":"2015-03-26T18:15:24","modified_gmt":"2015-03-26T17:15:24","slug":"presentation-du-livre-la-nueve-par-son-auteur-evelyn-mesquidaa-la-librairie-espagnole-de-paris","status":"publish","type":"post","link":"https:\/\/retirada37.com\/?p=62","title":{"rendered":"Pr\u00e9sentation du livre la nueve par son auteur ,Evelyn Mesquida,\u00e0 la librairie espagnole de Paris ."},"content":{"rendered":"<p><iframe loading=\"lazy\" title=\"evelyn Mesquida -la nueve\" width=\"474\" height=\"356\" src=\"https:\/\/www.youtube.com\/embed\/L4PCm1cM1lw?feature=oembed\" frameborder=\"0\" allow=\"accelerometer; autoplay; clipboard-write; encrypted-media; gyroscope; picture-in-picture; web-share\" referrerpolicy=\"strict-origin-when-cross-origin\" allowfullscreen><\/iframe><br \/>\nC&rsquo;est l&rsquo;histoire d&rsquo;une compagnie de la division blind\u00e9e du g\u00e9n\u00e9ral Leclerc,compagnie enti\u00e8rement constitu\u00e9e d&rsquo;espagnols (r\u00e9fugi\u00e9s r\u00e9publicains) et qui participa \u00e0 la lib\u00e9ration de Paris.<\/p>\n","protected":false},"excerpt":{"rendered":"<p>C&rsquo;est l&rsquo;histoire d&rsquo;une compagnie de la division blind\u00e9e du g\u00e9n\u00e9ral Leclerc,compagnie enti\u00e8rement constitu\u00e9e d&rsquo;espagnols (r\u00e9fugi\u00e9s r\u00e9publicains) et qui participa \u00e0 la lib\u00e9ration de Paris.<\/p>\n","protected":false},"author":3,"featured_media":0,"comment_status":"open","ping_status":"open","sticky":false,"template":"","format":"standard","meta":{"_bbp_topic_count":0,"_bbp_reply_count":0,"_bbp_total_topic_count":0,"_bbp_total_reply_count":0,"_bbp_voice_count":0,"_bbp_anonymous_reply_count":0,"_bbp_topic_count_hidden":0,"_bbp_reply_count_hidden":0,"_bbp_forum_subforum_count":0,"footnotes":""},"categories":[13,4],"tags":[],"class_list":["post-62","post","type-post","status-publish","format-standard","hentry","category-medias","category-videos"],"_links":{"self":[{"href":"https:\/\/retirada37.com\/index.php?rest_route=\/wp\/v2\/posts\/62","targetHints":{"allow":["GET"]}}],"collection":[{"href":"https:\/\/retirada37.com\/index.php?rest_route=\/wp\/v2\/posts"}],"about":[{"href":"https:\/\/retirada37.com\/index.php?rest_route=\/wp\/v2\/types\/post"}],"author":[{"embeddable":true,"href":"https:\/\/retirada37.com\/index.php?rest_route=\/wp\/v2\/users\/3"}],"replies":[{"embeddable":true,"href":"https:\/\/retirada37.com\/index.php?rest_route=%2Fwp%2Fv2%2Fcomments&post=62"}],"version-history":[{"count":1,"href":"https:\/\/retirada37.com\/index.php?rest_route=\/wp\/v2\/posts\/62\/revisions"}],"predecessor-version":[{"id":63,"href":"https:\/\/retirada37.com\/index.php?rest_route=\/wp\/v2\/posts\/62\/revisions\/63"}],"wp:attachment":[{"href":"https:\/\/retirada37.com\/index.php?rest_route=%2Fwp%2Fv2%2Fmedia&parent=62"}],"wp:term":[{"taxonomy":"category","embeddable":true,"href":"https:\/\/retirada37.com\/index.php?rest_route=%2Fwp%2Fv2%2Fcategories&post=62"},{"taxonomy":"post_tag","embeddable":true,"href":"https:\/\/retirada37.com\/index.php?rest_route=%2Fwp%2Fv2%2Ftags&post=62"}],"curies":[{"name":"wp","href":"https:\/\/api.w.org\/{rel}","templated":true}]}}