{"id":4322,"date":"2024-04-24T21:13:13","date_gmt":"2024-04-24T20:13:13","guid":{"rendered":"http:\/\/retirada37.com\/?p=4322"},"modified":"2024-04-24T21:13:13","modified_gmt":"2024-04-24T20:13:13","slug":"memoires-croisees","status":"publish","type":"post","link":"https:\/\/retirada37.com\/?p=4322","title":{"rendered":"M\u00e9moires crois\u00e9es"},"content":{"rendered":"<div class=\"headArticle\">\n<div class=\"headArticle__container\">\n<div class=\"headArticle__block headArticle__block--title\">\n<h1 class=\"headArticle__title\">M\u00e9moires crois\u00e9es : quand une fille de SS et une petite-fille de Franquiste se rencontrent pour partager leurs histoires<\/h1>\n<div class=\"headArticle__dates\"><\/div>\n<\/div>\n<div class=\"headArticle__block headArticle__block--media\">\n<figure class=\"headArticle__illustration\" aria-hidden=\"true\"><img loading=\"lazy\" decoding=\"async\" class=\"article-image not-lazy\" src=\"https:\/\/france3-regions.francetvinfo.fr\/image\/uPq4WoKvof9WsmkfTopwWtIfFVY\/600x400\/regions\/2024\/04\/23\/fanco-6627c6a8e2bb0634791180.jpg\" alt=\"Loreto Urraca, petite-fille de Franquiste, et Barbara Brix, fille de SS, \u00e9taient r\u00e9unies pour partager leurs histoires, \u00e0 la fois diff\u00e9rentes et similaires.\" width=\"630\" height=\"427\" \/><figcaption>\n<div class=\"illustration__credits\">Loreto Urraca, petite-fille de Franquiste, et Barbara Brix, fille de SS, \u00e9taient r\u00e9unies pour partager leurs histoires, \u00e0 la fois diff\u00e9rentes et similaires.\u00a0<span class=\"separator\">\u2022\u00a0<\/span>\u00a9 A.Sabatier\/France 3 Occitanie<\/div>\n<\/figcaption><\/figure>\n<\/div>\n<\/div>\n<\/div>\n<div class=\"article_page\">\n<div class=\"article_metas\">\n<div class=\"headArticle__author\">\u00c9crit par\u00a0<span class=\"authors\"><a class=\"authors__author__link\" href=\"https:\/\/france3-regions.francetvinfo.fr\/redaction\/gentiane-goubet\" data-name=\"Gentiane Goubet\" data-region=\"https:\/\/france3-regions.francetvinfo.fr\/occitanie\/\"><span class=\"authors__author\">Gentiane Goubet<\/span><\/a>\u00a0et\u00a0<a class=\"authors__author__link\" href=\"https:\/\/france3-regions.francetvinfo.fr\/redaction\/alain-sabatier\" data-name=\"Alain Sabatier\" data-region=\"https:\/\/france3-regions.francetvinfo.fr\/occitanie\/\"><span class=\"authors__author\">Alain Sabatier<\/span><\/a><\/span><\/div>\n<p><span class=\"date__published\">Publi\u00e9 le\u00a024\/04\/2024 \u00e0 06h25<\/span><\/p>\n<\/div>\n<div class=\"article\">\n<div class=\"article__body\">\n<p class=\"article__intro\">Barbara Brix et Loreto Urraca portent toutes les deux une lourde histoire de famille : l&rsquo;une est fille de SS, l&rsquo;autre petite-fille de Franquiste. Dans une rencontre ouverte au public, organis\u00e9e par une librairie de Port-Vendre, elles ont pu partager et croiser leurs v\u00e9cus.<\/p>\n<p>Transmettre la m\u00e9moire, l&rsquo;histoire de leur famille, pour mieux s&rsquo;en d\u00e9tacher. Barbara Brix est fille d&rsquo;un SS,\u00a0Loreto Urraca petite-fille d&rsquo;un Franquiste. Toutes les deux ont d\u00e9couvert le lourd pass\u00e9 de leur famille apr\u00e8s la mort de leurs a\u00efeux ; elles \u00e9taient r\u00e9unies \u00e0 Port-Vendre, dans une rencontre ouverte au public organis\u00e9e par la librairie Oxymore, afin de partager leurs histoires.<\/p>\n<p>Pour Barbara, ancienne professeure de langues et d&rsquo;histoire, la r\u00e9v\u00e9lation est venue d&rsquo;un ami, archiviste et historien. Le p\u00e8re de cette Allemande, maintenant install\u00e9e \u00e0 Perpignan, est d\u00e9c\u00e9d\u00e9 en 1980. Des ann\u00e9es apr\u00e8s, en 2006, son ami lui rend visite, et lui demande brusquement :\u00a0<em>\u00ab\u00a0Barbara, savais-tu que ton p\u00e8re a fait partie des Einsatzgruppen ?\u00a0\u00bb<\/em><\/p>\n<h2 class=\"subheader\">\u00ab\u00a0Le choc de ma vie\u00a0\u00bb<\/h2>\n<p><em>\u00ab\u00a0D\u2019abord, \u00e7a a \u00e9t\u00e9 le choc de ma vie,<\/em>\u00a0se souvient Barbara Brix.\u00a0<em>Et en m\u00eame temps, c&rsquo;\u00e9tait bizarre mais j\u2019avais aussi comme un sentiment de soulagement. Car je me suis rendu compte que pendant les derni\u00e8res ann\u00e9es, j\u2019avais le sentiment qu\u2019il y avait quelque chose de faux dans le narratif familial, on ne parlait presque pas de la guerre. Il y avait un soup\u00e7on en moi.\u00a0\u00bb<\/em><\/p>\n<p>Le choc de la r\u00e9v\u00e9lation pass\u00e9, l&rsquo;ancienne professeure se met imm\u00e9diatement \u00e0 faire des recherches sur le pass\u00e9 de son p\u00e8re, le m\u00e9decin\u00a0Peter Kr\u00f6ger. Elle sait qu&rsquo;il avait \u00e9t\u00e9 sur le front russe pendant la Seconde Guerre mondiale ; elle d\u00e9couvre vite qu&rsquo;il s&rsquo;est port\u00e9 volontaire, d\u00e8s septembre 1939, pour faire partie des SS allemands. Il part m\u00eame avec les Einsatzgruppen, les unit\u00e9s d&rsquo;extermination du III<sup>e<\/sup>\u00a0Reich, et participe \u00e0 l&rsquo;invasion de l&rsquo;Ukraine en 1941.<\/p>\n<blockquote class=\"ftvi_content_quote\">\n<p class=\"ftvi_citation_quote\">J&rsquo;ai men\u00e9 des recherches pour me confronter \u00e0 cette terrible v\u00e9rit\u00e9. Avant, je n\u2019aurais jamais pu imaginer que mon p\u00e8re soit pr\u00e9sent dans un acte d\u2019extermination.<\/p>\n<div>\n<p><cite class=\"ftvi_citation_author\">Barbara Brix, fille d&rsquo;un SS<\/cite><\/p>\n<p class=\"ftvi_citation_source\">France 3 Occitanie<\/p>\n<\/div>\n<\/blockquote>\n<p><em>\u00ab\u00a0J&rsquo;ai trouv\u00e9 un document qui date du proc\u00e8s contre les Einsatzgruppen. Un commandant interrog\u00e9 racontait qu\u2019\u00e0 Lviv, il avait re\u00e7u l&rsquo;ordre de fusiller, avec son commando, une centaine de personnes juives,<\/em>\u00a0rapporte Barbara Brix.\u00a0<em>Ce commandant dit qu&rsquo;il y avait invit\u00e9 le m\u00e9decin, mon p\u00e8re, pour garantir par sa pr\u00e9sence que \u00e7a se passe de mani\u00e8re \u00ab\u00a0clean\u00a0\u00bb. L\u00e0, j&rsquo;ai eu la premi\u00e8re preuve.\u00a0\u00bb<\/em><\/p>\n<p>Barbara d\u00e9couvre ensuite que son p\u00e8re \u00e9tait probablement pr\u00e9sent, avec son commando des Einsatzgruppen C, lors du massacre de Babi Yar, \u00e0 Kiev, en septembre 1941. La Shoah par balle y avait fait 33\u00a0771\u00a0victimes parmi la population juive.<\/p>\n<h2 class=\"subheader\">M\u00e9moire traumatique<\/h2>\n<p>Ses recherches ont permis \u00e0 Barbara Brix de se d\u00e9tacher de l&rsquo;histoire de son p\u00e8re, en parler permet d&rsquo;ext\u00e9rioriser cette m\u00e9moire traumatique.\u00a0Loreto Urraca a v\u00e9cu la m\u00eame chose avec l&rsquo;histoire de son grand-p\u00e8re paternel, policier en Espagne pendant la Seconde Guerre mondiale, en r\u00e9alit\u00e9 \u00ab\u00a0chasseur de Rouges\u00a0\u00bb, ces r\u00e9publicains qui avaient fui l&rsquo;Espagne franquiste.<\/p>\n<p>C&rsquo;est en lisant le r\u00e9sum\u00e9 d&rsquo;une th\u00e8se, justement intitul\u00e9 \u00ab\u00a0Chasseur de Rouges\u00a0\u00bb et paru dans la presse, que Loreto tombe sur la photo et le nom de son grand-p\u00e8re, \u00e0 sa<em>\u00a0\u00ab\u00a0grande surprise\u00a0\u00bb<\/em>. Elle apprend dans ce r\u00e9sum\u00e9 que son a\u00efeul, en tant que policier, \u00e9tait charg\u00e9\u00a0<em>\u00ab\u00a0de localiser o\u00f9 \u00e9taient les plus hauts responsables de la R\u00e9publique, pour les capturer et les rapatrier en Espagne. Certains ont \u00e9t\u00e9 ex\u00e9cut\u00e9s\u00a0\u00bb,\u00a0<\/em>r\u00e9sume cette Espagnole, maintenant install\u00e9e en France.<\/p>\n<blockquote class=\"ftvi_content_quote\">\n<p class=\"ftvi_citation_quote\">Quand je lis l&rsquo;article, j&rsquo;ai un fort sentiment de honte. La honte de me savoir petite-fille d\u2019un bourreau tortionnaire, capable d\u2019attraper des personnes en sachant qu\u2019elles allaient \u00eatre ex\u00e9cut\u00e9es.<\/p>\n<div>\n<p><cite class=\"ftvi_citation_author\">Loreto Urraca, petite-fille de Franquiste<\/cite><\/p>\n<p class=\"ftvi_citation_source\">France 3 Occitanie<\/p>\n<\/div>\n<\/blockquote>\n<p>En 2008, au moment de sa d\u00e9couverte, son grand-p\u00e8re est mort depuis longtemps, en 1989, et elle n&rsquo;entretient que peu de liens avec sa famille paternelle. Pourtant, Loreto Urraca ne se lance pas tout de suite, comme l&rsquo;avait fait Barbara Brix, dans la recherche de v\u00e9rit\u00e9.\u00a0<em>\u00ab\u00a0Je n\u2019ai pas su assumer \u00e0 ce moment-l\u00e0. Je ressentais plus de la rage, parce que ce nom de famille n&rsquo;est pas tr\u00e8s commun en Espagne, et quelqu&rsquo;un pouvait faire un lien tr\u00e8s facilement entre ce bourreau et moi-m\u00eame.\u00a0\u00bb<\/em><\/p>\n<p>Ce lien, une journaliste le fait,\u00a0<em>\u00ab\u00a0quelque temps plus tard\u00a0\u00bb<\/em>, en demandant \u00e0 Loreto de participer \u00e0 un reportage.\u00a0<em>\u00ab\u00a0Elle me donnait la possibilit\u00e9 de donner mon impression, c&rsquo;\u00e9tait mon premier acte de d\u00e9nonciation publique. J&rsquo;ai ressenti le besoin de d\u00e9fier ce tortionnaire.\u00a0\u00bb<\/em><\/p>\n<h2 class=\"subheader\">\u00ab\u00a0Chasseur de Rouges\u00a0\u00bb et agent nazi<\/h2>\n<p>Cet \u00e9v\u00e9nement sert de d\u00e9clencheur, et Loreto Urraca se met \u00e0 consulter une s\u00e9rie d&rsquo;archives pour en apprendre plus. Elle d\u00e9couvre peu \u00e0 peu\u00a0<em>\u00ab\u00a0une deuxi\u00e8me facette de [son] grand-p\u00e8re : il n&rsquo;\u00e9tait pas seulement un \u00ab\u00a0chasseur de Rouges\u00a0\u00bb, mais aussi un agent nazi.\u00a0\u00bb<\/em>\u00a0Pedro Urraca est soup\u00e7onn\u00e9, notamment, d&rsquo;avoir facilit\u00e9 la capture de Jean Moulin par les nazis. En 1948, il est d&rsquo;ailleurs condamn\u00e9 en France \u00e0 la peine de mort par contumace.<\/p>\n<p>Durant ses recherches, Loreto Urraca se rend aussi compte que le sujet de l&rsquo;exil r\u00e9publicain et de l&rsquo;implication de l&rsquo;Espagne dans la Seconde Guerre mondiale n&rsquo;est que tr\u00e8s peu abord\u00e9 dans le pays.\u00a0<em>\u00ab\u00a0Ce qui \u00e9tait terrible pour moi, c&rsquo;est qu\u2019on aurait dit que j\u2019\u00e9tais la seule \u00e0 faire des recherches. C&rsquo;est un parcours solitaire, ingrat.\u00a0\u00bb<\/em><\/p>\n<blockquote class=\"ftvi_content_quote\">\n<p class=\"ftvi_citation_quote\">Je ne ressentais pas de la culpabilit\u00e9, mais de la responsabilit\u00e9 : je devais donner une valeur \u00e0 toutes les informations que j\u2019avais, c&rsquo;\u00e9tait mon seul moyen de r\u00e9parer, \u00e0 ma fa\u00e7on, tout le malheur.<\/p>\n<div>\n<p><cite class=\"ftvi_citation_author\">Loreto Urraca, petite-fille de Franquiste<\/cite><\/p>\n<p class=\"ftvi_citation_source\">France 3 Occitanie<\/p>\n<\/div>\n<\/blockquote>\n<p>Loreto se lance alors dans l&rsquo;\u00e9criture d&rsquo;un roman, m\u00ealant l&rsquo;histoire \u00e0 la fiction, pour finaliser le\u00a0<em>\u00ab\u00a0trajet de d\u00e9-filiation\u00a0\u00bb<\/em>\u00a0avec son grand-p\u00e8re paternel.\u00a0<em>Comme des hy\u00e8nes<\/em>,\u00a0<em>Portrait de famille sur fond de guerre\u00a0<\/em>para\u00eet en d\u00e9cembre 2023. Une v\u00e9ritable volont\u00e9 de transmettre, pour celle qui n&rsquo;avait\u00a0<em>\u00ab\u00a0jamais eu de transmission de m\u00e9moire\u00a0\u00bb<\/em>\u00a0dans sa famille.<\/p>\n<\/div>\n<\/div>\n<\/div>\n","protected":false},"excerpt":{"rendered":"<p>M\u00e9moires crois\u00e9es : quand une fille de SS et une petite-fille de Franquiste se rencontrent pour partager leurs histoires Loreto Urraca, petite-fille de Franquiste, et Barbara Brix, fille de SS, \u00e9taient r\u00e9unies pour partager leurs histoires, \u00e0 la fois diff\u00e9rentes et similaires.\u00a0\u2022\u00a0\u00a9 A.Sabatier\/France 3 Occitanie \u00c9crit par\u00a0Gentiane Goubet\u00a0et\u00a0Alain Sabatier Publi\u00e9 le\u00a024\/04\/2024 \u00e0 06h25 Barbara Brix &hellip; <a href=\"https:\/\/retirada37.com\/?p=4322\" class=\"more-link\">Continuer la lecture de <span class=\"screen-reader-text\">M\u00e9moires crois\u00e9es<\/span>  <span class=\"meta-nav\">&rarr;<\/span><\/a><\/p>\n","protected":false},"author":9,"featured_media":0,"comment_status":"open","ping_status":"open","sticky":false,"template":"","format":"standard","meta":{"_bbp_topic_count":0,"_bbp_reply_count":0,"_bbp_total_topic_count":0,"_bbp_total_reply_count":0,"_bbp_voice_count":0,"_bbp_anonymous_reply_count":0,"_bbp_topic_count_hidden":0,"_bbp_reply_count_hidden":0,"_bbp_forum_subforum_count":0,"footnotes":""},"categories":[15],"tags":[],"class_list":["post-4322","post","type-post","status-publish","format-standard","hentry","category-temoignages-et-recits"],"_links":{"self":[{"href":"https:\/\/retirada37.com\/index.php?rest_route=\/wp\/v2\/posts\/4322","targetHints":{"allow":["GET"]}}],"collection":[{"href":"https:\/\/retirada37.com\/index.php?rest_route=\/wp\/v2\/posts"}],"about":[{"href":"https:\/\/retirada37.com\/index.php?rest_route=\/wp\/v2\/types\/post"}],"author":[{"embeddable":true,"href":"https:\/\/retirada37.com\/index.php?rest_route=\/wp\/v2\/users\/9"}],"replies":[{"embeddable":true,"href":"https:\/\/retirada37.com\/index.php?rest_route=%2Fwp%2Fv2%2Fcomments&post=4322"}],"version-history":[{"count":2,"href":"https:\/\/retirada37.com\/index.php?rest_route=\/wp\/v2\/posts\/4322\/revisions"}],"predecessor-version":[{"id":4324,"href":"https:\/\/retirada37.com\/index.php?rest_route=\/wp\/v2\/posts\/4322\/revisions\/4324"}],"wp:attachment":[{"href":"https:\/\/retirada37.com\/index.php?rest_route=%2Fwp%2Fv2%2Fmedia&parent=4322"}],"wp:term":[{"taxonomy":"category","embeddable":true,"href":"https:\/\/retirada37.com\/index.php?rest_route=%2Fwp%2Fv2%2Fcategories&post=4322"},{"taxonomy":"post_tag","embeddable":true,"href":"https:\/\/retirada37.com\/index.php?rest_route=%2Fwp%2Fv2%2Ftags&post=4322"}],"curies":[{"name":"wp","href":"https:\/\/api.w.org\/{rel}","templated":true}]}}