{"id":4320,"date":"2024-04-16T08:00:17","date_gmt":"2024-04-16T07:00:17","guid":{"rendered":"http:\/\/retirada37.com\/?p=4320"},"modified":"2024-04-29T19:41:12","modified_gmt":"2024-04-29T18:41:12","slug":"maquis-histoire-des-guerillas-anti-franquistes","status":"publish","type":"post","link":"https:\/\/retirada37.com\/?p=4320","title":{"rendered":"Maquis, histoire des gu\u00e9rillas anti-franquistes"},"content":{"rendered":"<p>La gu\u00e9rilla anti-franquiste s&rsquo;oppose au franquisme sur le territoire espagnol, pendant la guerre civile, et ce en zone nationaliste, puis apr\u00e8s 1939 dans d\u2019autres r\u00e9gions. Les diff\u00e9rents mouvements de gu\u00e9rilla, tous R\u00e9publicains voulaient un retour \u00e0 la constitution espagnole de 1931.<\/p>\n<p>Une des op\u00e9rations de r\u00e9sistance concerne aussi la France, c&rsquo;est L&rsquo;invasion du Val d&rsquo;Aran, connue sous le nom de code Operaci\u00f3n Reconquista de Espa\u00f1a. Elle est lanc\u00e9e en octobre 1944 par la Uni\u00f3n Nacional Espa\u00f1ola, rassemble des communistes, des socialistes, des anarchistes et visait \u00e0 \u00e9tablir un gouvernement provisoire r\u00e9publicain dans le Val d&rsquo;Aran, \u00e0 la fronti\u00e8re entre la France et l&rsquo;Espagne, par l&rsquo;interm\u00e9diaire d&rsquo;une attaque de gu\u00e9rilleros anti-franquistes ayant particip\u00e9 \u00e0 la Seconde Guerre mondiale au sein de la R\u00e9sistance fran\u00e7aise et v\u00e9t\u00e9rans de la guerre d&rsquo;Espagne sur ce territoire. On comptait parmi eux des anciens de la Nueve, 2eme DB. Elle fut un \u00e9chec total, 588 morts parmi les gu\u00e9rilleros.<\/p>\n<p>Contrairement \u00e0 ce qui est avanc\u00e9 par certain-e-s historien-nes peu regardant-e-s, la r\u00e9sistance arm\u00e9e (plus ou moins massive) au Franquisme n&rsquo;a pas cess\u00e9 en 1950 (date \u00e0 laquelle le PCE a d\u00e9cid\u00e9 de cesser cette activit\u00e9). Des actions directes contre le r\u00e9gime ont perdur\u00e9 jusqu&rsquo;en 1960 (principalement du fait de militants de la CNT en marge de leur organisation).<\/p>\n<p><strong>Le lien ci-dessous permet d\u2019acc\u00e9der \u00e0 25 brochures (en fran\u00e7ais et en espagnol) qui donne un juste panorama de cette p\u00e9riode h\u00e9ro\u00efque de la lutte anti-franquiste<\/strong> : <a href=\"https:\/\/www.babelio.com\/liste\/5408\/Maquis-histoire-des-guerillas-anti-franquistes#\">https:\/\/www.babelio.com\/liste\/5408\/Maquis-histoire-des-guerillas-anti-franquistes#<\/a><\/p>\n","protected":false},"excerpt":{"rendered":"<p>La gu\u00e9rilla anti-franquiste s&rsquo;oppose au franquisme sur le territoire espagnol, pendant la guerre civile, et ce en zone nationaliste, puis apr\u00e8s 1939 dans d\u2019autres r\u00e9gions. Les diff\u00e9rents mouvements de gu\u00e9rilla, tous R\u00e9publicains voulaient un retour \u00e0 la constitution espagnole de 1931. Une des op\u00e9rations de r\u00e9sistance concerne aussi la France, c&rsquo;est L&rsquo;invasion du Val d&rsquo;Aran, &hellip; <a href=\"https:\/\/retirada37.com\/?p=4320\" class=\"more-link\">Continuer la lecture de <span class=\"screen-reader-text\">Maquis, histoire des gu\u00e9rillas anti-franquistes<\/span>  <span class=\"meta-nav\">&rarr;<\/span><\/a><\/p>\n","protected":false},"author":3,"featured_media":0,"comment_status":"open","ping_status":"open","sticky":false,"template":"","format":"standard","meta":{"_bbp_topic_count":0,"_bbp_reply_count":0,"_bbp_total_topic_count":0,"_bbp_total_reply_count":0,"_bbp_voice_count":0,"_bbp_anonymous_reply_count":0,"_bbp_topic_count_hidden":0,"_bbp_reply_count_hidden":0,"_bbp_forum_subforum_count":0,"footnotes":""},"categories":[14],"tags":[],"class_list":["post-4320","post","type-post","status-publish","format-standard","hentry","category-histoire"],"_links":{"self":[{"href":"https:\/\/retirada37.com\/index.php?rest_route=\/wp\/v2\/posts\/4320","targetHints":{"allow":["GET"]}}],"collection":[{"href":"https:\/\/retirada37.com\/index.php?rest_route=\/wp\/v2\/posts"}],"about":[{"href":"https:\/\/retirada37.com\/index.php?rest_route=\/wp\/v2\/types\/post"}],"author":[{"embeddable":true,"href":"https:\/\/retirada37.com\/index.php?rest_route=\/wp\/v2\/users\/3"}],"replies":[{"embeddable":true,"href":"https:\/\/retirada37.com\/index.php?rest_route=%2Fwp%2Fv2%2Fcomments&post=4320"}],"version-history":[{"count":1,"href":"https:\/\/retirada37.com\/index.php?rest_route=\/wp\/v2\/posts\/4320\/revisions"}],"predecessor-version":[{"id":4321,"href":"https:\/\/retirada37.com\/index.php?rest_route=\/wp\/v2\/posts\/4320\/revisions\/4321"}],"wp:attachment":[{"href":"https:\/\/retirada37.com\/index.php?rest_route=%2Fwp%2Fv2%2Fmedia&parent=4320"}],"wp:term":[{"taxonomy":"category","embeddable":true,"href":"https:\/\/retirada37.com\/index.php?rest_route=%2Fwp%2Fv2%2Fcategories&post=4320"},{"taxonomy":"post_tag","embeddable":true,"href":"https:\/\/retirada37.com\/index.php?rest_route=%2Fwp%2Fv2%2Ftags&post=4320"}],"curies":[{"name":"wp","href":"https:\/\/api.w.org\/{rel}","templated":true}]}}