{"id":4305,"date":"2024-04-09T09:39:44","date_gmt":"2024-04-09T08:39:44","guid":{"rendered":"http:\/\/retirada37.com\/?p=4305"},"modified":"2024-04-09T09:39:44","modified_gmt":"2024-04-09T08:39:44","slug":"retour-sur-la-soiree-du-6-avril-2024","status":"publish","type":"post","link":"https:\/\/retirada37.com\/?p=4305","title":{"rendered":"Retour sur la soir\u00e9e du 6 avril 2024"},"content":{"rendered":"<p>Samedi 6 avril 2024, ch\u00e2teau du Plessis \u00e0 La Riche, nous sommes accompagn\u00e9s par la douceur printani\u00e8re.<\/p>\n<p>En fin d\u2019apr\u00e8s midi, la Cie Diotima, V\u00e9ro LP et Jos\u00e9 Manuel Cano Lopez retiennent notre attention avec des contes, chansons populaires et po\u00e8mes espagnols, accompagn\u00e9s par la d\u00e9gustation de tapas\u2026<\/p>\n<p>En soir\u00e9e nous avons v\u00e9cu des moments tr\u00e8s forts en \u00e9motions, avec la repr\u00e9sentation de RAPSODIA concert th\u00e9\u00e2tralis\u00e9 de la Cie Arsenika \u00ab m\u00e9moires de femmes ayant v\u00e9cu la guerre d\u2019Espagne et la r\u00e9pression du franquisme \u00bb.<\/p>\n<p>Un spectacle exceptionnel !!! nous avons pu le mesurer \u00e0 la fin, par des applaudissements nourris et tr\u00e8s longs&#8230;<\/p>\n<p>Clara a \u00e9t\u00e9 sublime dans ces interpr\u00e9tations du d\u00e9but \u00e0 la fin, Rapha\u00ebl nous a transport\u00e9 avec ses instruments \u00e0 cordes et percussions, je me souviendrai longtemps de ces morceaux interpr\u00e9t\u00e9s au \u00ab Lavta \u00bb.<\/p>\n<p>Un grand bravo \u00e0 cette compagnie, surtout, n\u2019h\u00e9sitez pas \u00e0 vous d\u00e9placer pour voir ce spectacle et m\u00eame le produire si vous en avez la possibilit\u00e9.<\/p>\n<p>Merci \u00e0 toute l\u2019\u00e9quipe \u00ab du Plessis, Tiers lieu Commun Culturel et Humaniste \u00bb<br \/>\nA la Cie Rapsodia<\/p>\n<p>Et aux membres de Retirada37<\/p>\n<p><strong>James<\/strong><\/p>\n","protected":false},"excerpt":{"rendered":"<p>Samedi 6 avril 2024, ch\u00e2teau du Plessis \u00e0 La Riche, nous sommes accompagn\u00e9s par la douceur printani\u00e8re. En fin d\u2019apr\u00e8s midi, la Cie Diotima, V\u00e9ro LP et Jos\u00e9 Manuel Cano Lopez retiennent notre attention avec des contes, chansons populaires et po\u00e8mes espagnols, accompagn\u00e9s par la d\u00e9gustation de tapas\u2026 En soir\u00e9e nous avons v\u00e9cu des moments &hellip; <a href=\"https:\/\/retirada37.com\/?p=4305\" class=\"more-link\">Continuer la lecture de <span class=\"screen-reader-text\">Retour sur la soir\u00e9e du 6 avril 2024<\/span>  <span class=\"meta-nav\">&rarr;<\/span><\/a><\/p>\n","protected":false},"author":3,"featured_media":0,"comment_status":"open","ping_status":"open","sticky":false,"template":"","format":"standard","meta":{"_bbp_topic_count":0,"_bbp_reply_count":0,"_bbp_total_topic_count":0,"_bbp_total_reply_count":0,"_bbp_voice_count":0,"_bbp_anonymous_reply_count":0,"_bbp_topic_count_hidden":0,"_bbp_reply_count_hidden":0,"_bbp_forum_subforum_count":0,"footnotes":""},"categories":[2,20,14],"tags":[],"class_list":["post-4305","post","type-post","status-publish","format-standard","hentry","category-actualites","category-culture","category-histoire"],"_links":{"self":[{"href":"https:\/\/retirada37.com\/index.php?rest_route=\/wp\/v2\/posts\/4305","targetHints":{"allow":["GET"]}}],"collection":[{"href":"https:\/\/retirada37.com\/index.php?rest_route=\/wp\/v2\/posts"}],"about":[{"href":"https:\/\/retirada37.com\/index.php?rest_route=\/wp\/v2\/types\/post"}],"author":[{"embeddable":true,"href":"https:\/\/retirada37.com\/index.php?rest_route=\/wp\/v2\/users\/3"}],"replies":[{"embeddable":true,"href":"https:\/\/retirada37.com\/index.php?rest_route=%2Fwp%2Fv2%2Fcomments&post=4305"}],"version-history":[{"count":1,"href":"https:\/\/retirada37.com\/index.php?rest_route=\/wp\/v2\/posts\/4305\/revisions"}],"predecessor-version":[{"id":4306,"href":"https:\/\/retirada37.com\/index.php?rest_route=\/wp\/v2\/posts\/4305\/revisions\/4306"}],"wp:attachment":[{"href":"https:\/\/retirada37.com\/index.php?rest_route=%2Fwp%2Fv2%2Fmedia&parent=4305"}],"wp:term":[{"taxonomy":"category","embeddable":true,"href":"https:\/\/retirada37.com\/index.php?rest_route=%2Fwp%2Fv2%2Fcategories&post=4305"},{"taxonomy":"post_tag","embeddable":true,"href":"https:\/\/retirada37.com\/index.php?rest_route=%2Fwp%2Fv2%2Ftags&post=4305"}],"curies":[{"name":"wp","href":"https:\/\/api.w.org\/{rel}","templated":true}]}}