{"id":4302,"date":"2024-04-08T10:32:27","date_gmt":"2024-04-08T09:32:27","guid":{"rendered":"http:\/\/retirada37.com\/?p=4302"},"modified":"2024-04-08T10:32:27","modified_gmt":"2024-04-08T09:32:27","slug":"hommage-au-maquis-des-glieres","status":"publish","type":"post","link":"https:\/\/retirada37.com\/?p=4302","title":{"rendered":"Hommage au maquis des Glieres"},"content":{"rendered":"<p>Macron, lors de son hommage au maquis des Glieres a rendu hommages aux \u00e9trangers, aux gaullistes, aux communistes et&#8230; aux anarchistes qui y ont combattus. :  \u00ab <em>Des professeurs, paysans, notables, juifs comme catholiques, communistes, socialistes ou gaullistes, anarchistes, officiers fran\u00e7ais et \u00e9trangers unis dans le m\u00eame combat face au nazisme<\/em> \u00bb (Ouest-France, France Inter) .<br \/>\n<a href=\"https:\/\/retirada37.com\/wp-content\/uploads\/2024\/04\/cropped-Photo-page-accueil11.jpg\"><img loading=\"lazy\" decoding=\"async\" src=\"https:\/\/retirada37.com\/wp-content\/uploads\/2024\/04\/cropped-Photo-page-accueil11.jpg\" alt=\"\" width=\"605\" height=\"270\" class=\"alignnone size-full wp-image-4303\" srcset=\"https:\/\/retirada37.com\/wp-content\/uploads\/2024\/04\/cropped-Photo-page-accueil11.jpg 605w, https:\/\/retirada37.com\/wp-content\/uploads\/2024\/04\/cropped-Photo-page-accueil11-300x134.jpg 300w\" sizes=\"auto, (max-width: 605px) 100vw, 605px\" \/><\/a><br \/>\nC&rsquo;est la premi\u00e8re fois qu&rsquo;un pr\u00e9sident de de la r\u00e9publique rend compte du r\u00f4le des anarchistes (la plupart espagnols) dans les combats de la r\u00e9sistance en France (r\u00f4le important en Auvergne, Ari\u00e8ge, Limousin et haute Garonne). (<a href=\"https:\/\/france3-regions.francetvinfo.fr\/auvergne-rhone-alpes\/haute-savoie\/video-emmanuel-macron-aux-glieres-retour-sur-l-histoire-de-ce-maquis-symbole-de-la-resistance-2946399.html\">https:\/\/france3-regions.francetvinfo.fr\/auvergne-rhone-alpes\/haute-savoie\/video-emmanuel-macron-aux-glieres-retour-sur-l-histoire-de-ce-maquis-symbole-de-la-resistance-2946399.html<\/a>)<\/p>\n<p>Pour en sa voir plus : <a href=\"http:\/\/resistance-espagnole74.com\/pourquoi-des-espagnols-a-glieres\/\">http:\/\/resistance-espagnole74.com\/pourquoi-des-espagnols-a-glieres\/<\/a><\/p>\n<p><a href=\"https:\/\/www.24-aout-1944.org\/Les-combattants-espagnols-dans-la\/\">https:\/\/www.24-aout-1944.org\/Les-combattants-espagnols-dans-la\/<\/a><\/p>\n","protected":false},"excerpt":{"rendered":"<p>Macron, lors de son hommage au maquis des Glieres a rendu hommages aux \u00e9trangers, aux gaullistes, aux communistes et&#8230; aux anarchistes qui y ont combattus. : \u00ab Des professeurs, paysans, notables, juifs comme catholiques, communistes, socialistes ou gaullistes, anarchistes, officiers fran\u00e7ais et \u00e9trangers unis dans le m\u00eame combat face au nazisme \u00bb (Ouest-France, France Inter) &hellip; <a href=\"https:\/\/retirada37.com\/?p=4302\" class=\"more-link\">Continuer la lecture de <span class=\"screen-reader-text\">Hommage au maquis des Glieres<\/span>  <span class=\"meta-nav\">&rarr;<\/span><\/a><\/p>\n","protected":false},"author":3,"featured_media":0,"comment_status":"open","ping_status":"open","sticky":false,"template":"","format":"standard","meta":{"_bbp_topic_count":0,"_bbp_reply_count":0,"_bbp_total_topic_count":0,"_bbp_total_reply_count":0,"_bbp_voice_count":0,"_bbp_anonymous_reply_count":0,"_bbp_topic_count_hidden":0,"_bbp_reply_count_hidden":0,"_bbp_forum_subforum_count":0,"footnotes":""},"categories":[2,14],"tags":[],"class_list":["post-4302","post","type-post","status-publish","format-standard","hentry","category-actualites","category-histoire"],"_links":{"self":[{"href":"https:\/\/retirada37.com\/index.php?rest_route=\/wp\/v2\/posts\/4302","targetHints":{"allow":["GET"]}}],"collection":[{"href":"https:\/\/retirada37.com\/index.php?rest_route=\/wp\/v2\/posts"}],"about":[{"href":"https:\/\/retirada37.com\/index.php?rest_route=\/wp\/v2\/types\/post"}],"author":[{"embeddable":true,"href":"https:\/\/retirada37.com\/index.php?rest_route=\/wp\/v2\/users\/3"}],"replies":[{"embeddable":true,"href":"https:\/\/retirada37.com\/index.php?rest_route=%2Fwp%2Fv2%2Fcomments&post=4302"}],"version-history":[{"count":1,"href":"https:\/\/retirada37.com\/index.php?rest_route=\/wp\/v2\/posts\/4302\/revisions"}],"predecessor-version":[{"id":4304,"href":"https:\/\/retirada37.com\/index.php?rest_route=\/wp\/v2\/posts\/4302\/revisions\/4304"}],"wp:attachment":[{"href":"https:\/\/retirada37.com\/index.php?rest_route=%2Fwp%2Fv2%2Fmedia&parent=4302"}],"wp:term":[{"taxonomy":"category","embeddable":true,"href":"https:\/\/retirada37.com\/index.php?rest_route=%2Fwp%2Fv2%2Fcategories&post=4302"},{"taxonomy":"post_tag","embeddable":true,"href":"https:\/\/retirada37.com\/index.php?rest_route=%2Fwp%2Fv2%2Ftags&post=4302"}],"curies":[{"name":"wp","href":"https:\/\/api.w.org\/{rel}","templated":true}]}}