{"id":4288,"date":"2024-04-03T08:00:56","date_gmt":"2024-04-03T07:00:56","guid":{"rendered":"http:\/\/retirada37.com\/?p=4288"},"modified":"2024-04-01T20:53:00","modified_gmt":"2024-04-01T19:53:00","slug":"fureur-contre-lespagne","status":"publish","type":"post","link":"https:\/\/retirada37.com\/?p=4288","title":{"rendered":"\u00a0\u00bb Fureur contre l&rsquo;Espagne \u00ab\u00a0"},"content":{"rendered":"<blockquote><p><iframe loading=\"lazy\" width=\"560\" height=\"315\" src=\"https:\/\/www.youtube.com\/embed\/CGz4N0rTNBY?si=emOs0JAMlSf2YCsu\" title=\"YouTube video player\" frameborder=\"0\" allow=\"accelerometer; autoplay; clipboard-write; encrypted-media; gyroscope; picture-in-picture; web-share\" referrerpolicy=\"strict-origin-when-cross-origin\" allowfullscreen><\/iframe><\/p><\/blockquote>\n<p>Film documentaire r\u00e9alis\u00e9 par la branche internationale de la CNT-FAI \u00e0 Barcelone en 1936 (Aujourd&rsquo;hui dans le domaine public). \u00ab\u00a0Fury Over Spain\u00a0\u00bb est sorti aux \u00c9tats-Unis en 1937, d&rsquo;abord \u00e0 New York, appuy\u00e9 par le New York Times, puis lors d&rsquo;\u00e9v\u00e9nements de collecte de fonds \u00e0 travers le pays, \u00e9galement au Canada et en Australie. Le New York Times a exalt\u00e9 le r\u00f4le de Peter Weinschenk en tant que cam\u00e9raman et photographe.<\/p>\n<p>Weinschenk changera plus tard son nom en Pablo Tabernero en Argentine o\u00f9 il v\u00e9cut entre 1937 et 1967. Le film \u00ab\u00a0Searching 4-Tabernero\u00a0\u00bb d&rsquo;Eduardo Montes-Bradley aborde en d\u00e9tail la vie de Pablo Weinschenk.<\/p>\n","protected":false},"excerpt":{"rendered":"<p>Film documentaire r\u00e9alis\u00e9 par la branche internationale de la CNT-FAI \u00e0 Barcelone en 1936 (Aujourd&rsquo;hui dans le domaine public). \u00ab\u00a0Fury Over Spain\u00a0\u00bb est sorti aux \u00c9tats-Unis en 1937, d&rsquo;abord \u00e0 New York, appuy\u00e9 par le New York Times, puis lors d&rsquo;\u00e9v\u00e9nements de collecte de fonds \u00e0 travers le pays, \u00e9galement au Canada et en Australie. &hellip; <a href=\"https:\/\/retirada37.com\/?p=4288\" class=\"more-link\">Continuer la lecture de <span class=\"screen-reader-text\">\u00a0\u00bb Fureur contre l&rsquo;Espagne \u00ab\u00a0<\/span>  <span class=\"meta-nav\">&rarr;<\/span><\/a><\/p>\n","protected":false},"author":3,"featured_media":0,"comment_status":"open","ping_status":"open","sticky":false,"template":"","format":"video","meta":{"_bbp_topic_count":0,"_bbp_reply_count":0,"_bbp_total_topic_count":0,"_bbp_total_reply_count":0,"_bbp_voice_count":0,"_bbp_anonymous_reply_count":0,"_bbp_topic_count_hidden":0,"_bbp_reply_count_hidden":0,"_bbp_forum_subforum_count":0,"footnotes":""},"categories":[14],"tags":[],"class_list":["post-4288","post","type-post","status-publish","format-video","hentry","category-histoire","post_format-post-format-video"],"_links":{"self":[{"href":"https:\/\/retirada37.com\/index.php?rest_route=\/wp\/v2\/posts\/4288","targetHints":{"allow":["GET"]}}],"collection":[{"href":"https:\/\/retirada37.com\/index.php?rest_route=\/wp\/v2\/posts"}],"about":[{"href":"https:\/\/retirada37.com\/index.php?rest_route=\/wp\/v2\/types\/post"}],"author":[{"embeddable":true,"href":"https:\/\/retirada37.com\/index.php?rest_route=\/wp\/v2\/users\/3"}],"replies":[{"embeddable":true,"href":"https:\/\/retirada37.com\/index.php?rest_route=%2Fwp%2Fv2%2Fcomments&post=4288"}],"version-history":[{"count":3,"href":"https:\/\/retirada37.com\/index.php?rest_route=\/wp\/v2\/posts\/4288\/revisions"}],"predecessor-version":[{"id":4293,"href":"https:\/\/retirada37.com\/index.php?rest_route=\/wp\/v2\/posts\/4288\/revisions\/4293"}],"wp:attachment":[{"href":"https:\/\/retirada37.com\/index.php?rest_route=%2Fwp%2Fv2%2Fmedia&parent=4288"}],"wp:term":[{"taxonomy":"category","embeddable":true,"href":"https:\/\/retirada37.com\/index.php?rest_route=%2Fwp%2Fv2%2Fcategories&post=4288"},{"taxonomy":"post_tag","embeddable":true,"href":"https:\/\/retirada37.com\/index.php?rest_route=%2Fwp%2Fv2%2Ftags&post=4288"}],"curies":[{"name":"wp","href":"https:\/\/api.w.org\/{rel}","templated":true}]}}