{"id":4265,"date":"2024-03-22T21:59:28","date_gmt":"2024-03-22T20:59:28","guid":{"rendered":"http:\/\/retirada37.com\/?p=4265"},"modified":"2024-03-22T21:59:38","modified_gmt":"2024-03-22T20:59:38","slug":"la-violence-extreme-de-la-dictature-de-franco","status":"publish","type":"post","link":"https:\/\/retirada37.com\/?p=4265","title":{"rendered":"La violence extr\u00eame de la dictature de Franco"},"content":{"rendered":"<header class=\"article-header svelte-15uk1hj\">\n<h1 id=\"MainContent\" class=\"g-heading-h1 title-page svelte-15uk1hj\">Trois jours de colloque sur le franquisme et une grande expo \u00e0 Toulouse\u00a0: \u00ab\u00a0C&rsquo;est exceptionnel en Europe\u00a0\u00bb<\/h1>\n<\/header>\n<div class=\"container-article svelte-15uk1hj\">\n<div class=\"signature-article svelte-15uk1hj\">\n<div class=\"Locations svelte-1i5ikpq\">\n<div class=\"Tag svelte-9ssm21\"><a class=\"Link TagLink svelte-1y0knz5\" href=\"https:\/\/www.francebleu.fr\/occitanie\/haute-garonne-31\/toulouse-31555\"><span class=\"svelte-9ssm21\">Toulouse<\/span><\/a><\/div>\n<\/div>\n<div class=\"EditorialInfo svelte-vioyy5\">\n<div class=\"svelte-vioyy5\">\n<p><span class=\"author svelte-vioyy5\" data-svelte-h=\"svelte-3lr6e9\">De<\/span><\/p>\n<ul class=\"svelte-vioyy5\">\n<li class=\"svelte-vioyy5\"><a class=\"Link g-label-link svelte-1y0knz5\" href=\"https:\/\/www.francebleu.fr\/les-equipes\/mathieu-ferri\">Mathieu Ferri<\/a><\/li>\n<\/ul>\n<\/div>\n<div class=\"published-date svelte-vioyy5\">Mercredi 20 mars 2024 \u00e0 21:41<\/div>\n<p><span class=\"author svelte-vioyy5\" data-svelte-h=\"svelte-15c3i2f\">Par<\/span><\/p>\n<ul class=\"svelte-vioyy5\">\n<li class=\"svelte-vioyy5\">France Bleu Occitanie<\/li>\n<\/ul>\n<\/div>\n<\/div>\n<p class=\"standFirst svelte-15uk1hj\">Jusqu&rsquo;\u00e0 vendredi, des historiens participent \u00e0 Toulouse \u00e0 un colloque sur le franquisme, la dictature de Franco en Espagne, de 1939 \u00e0 1977. Une grande exposition suivra ensuite \u00e0 partir du 4 avril. Avec un \u00e9cho particulier \u00e0 Toulouse, qui f\u00fbt capitale de l&rsquo;exil des R\u00e9publicains espagnols.<\/p>\n<div class=\"content-article svelte-15uk1hj\">\n<div class=\"main-media\">\n<div class=\"Visual svelte-12g804e\">\n<figure class=\"Figure svelte-1qxh27b\">\n<div><\/div>\n<div class=\"svelte-1qxh27b\"><img loading=\"lazy\" decoding=\"async\" class=\"svelte-1qxh27b\" src=\"https:\/\/www.francebleu.fr\/s3\/cruiser-production-eu3\/2024\/03\/6a5d2d60-e02f-4a71-8b15-f5c568c2a8d9\/1200x680_sc_whatsapp-image-2024-03-20-at-20-36-13.jpg\" alt=\"Le colloque se d\u00e9roule dans l'h\u00e9micycle d\u00e9partemental.\" width=\"1200\" height=\"680\" \/><\/div><figcaption class=\"FigCaption g-body-3 svelte-10ri9z3\">Le colloque se d\u00e9roule dans l&rsquo;h\u00e9micycle d\u00e9partemental.\u00a0\u00a9\u00a0Radio France\u00a0&#8211;\u00a0Mathieu FERRI<\/figcaption><\/figure>\n<\/div>\n<\/div>\n<div class=\"Body\">\n<p>\u00ab\u00a0<em>C&rsquo;est le d\u00e9but d&rsquo;un cycle scientifique et m\u00e9moriel<\/em>\u00a0\u00bb r\u00e9sume Fran\u00e7ois Godicheau. L&rsquo;historien toulousain sp\u00e9cialiste de la guerre d&rsquo;Espagne et de ses suites, est l&rsquo;organisateur de \u00ab\u00a0<em>Anatomie du franquisme<\/em>\u00a0\u00bb : un colloque jusqu&rsquo;\u00e0 vendredi au Conseil d\u00e9partemental de Haute-Garonne, et\u00a0<strong>une grande exposition qui d\u00e9butera le 4 avril<\/strong>\u00a0au mus\u00e9e d\u00e9partemental de la R\u00e9sistance et de la D\u00e9portation, \u00e0 Toulouse. Il y en aura une deuxi\u00e8me en 2025.<\/p>\n<p>\u00ab\u00a0<em>C&rsquo;est exceptionnel \u00e0 Toulouse, en France et en Europe. C&rsquo;est\u00a0<strong>le premier colloque de synth\u00e8se sur l&rsquo;histoire du franquisme<\/strong>\u00a0apr\u00e8s trois d\u00e9cennies de recherche intense<\/em>\u00a0\u00bb insiste Fran\u00e7ois Godicheau. Pour ces \u00e9changes en langue espagnole, les meilleurs historiens de l&rsquo;autre c\u00f4t\u00e9 des Pyr\u00e9n\u00e9es sont pr\u00e9sents pour exposer leurs travaux sur la dictature du g\u00e9n\u00e9ral Franco, qui a r\u00e9gn\u00e9 sur l&rsquo;Espagne de la fin de la guerre civile en 1939 jusqu&rsquo;\u00e0 sa mort en 1975. Le r\u00e9gime a perdur\u00e9 jusqu&rsquo;en 1977.<\/p>\n<div class=\"consent-notice svelte-is7bee\" data-check-didomi-vendor=\"c:twitter-rNGnjKz6\">\n<div class=\"embed-layout svelte-is7bee\">\n<div class=\"embed-container\">\n<p class=\"svelte-is7bee\">Pour afficher ce contenu Twitter, vous devez accepter les cookies\u00a0<b>R\u00e9seaux Sociaux<\/b>.<\/p>\n<p>Ces cookies permettent de partager ou r\u00e9agir directement sur les r\u00e9seaux sociaux auxquels vous \u00eates connect\u00e9s ou d&rsquo;int\u00e9grer du contenu initialement post\u00e9 sur ces r\u00e9seaux sociaux. Ils permettent aussi aux r\u00e9seaux sociaux d&rsquo;utiliser vos visites sur nos sites et applications \u00e0 des fins de personnalisation et de ciblage publicitaire.<\/p>\n<\/div>\n<\/div>\n<\/div>\n<h2>\u00ab\u00a0Une dictature d&rsquo;une violence extr\u00eame\u00a0\u00bb<\/h2>\n<p>Ces historiens r\u00e9unis \u00e0 Toulouse viennent des universit\u00e9s de Madrid, de Barcelone, de Saint-Jacques-de-Compostelle, de Valence, etc. Leur but\u00a0:\u00a0<strong>faire mieux prendre conscience les horreurs de cette dictature<\/strong>\u00a0aux Fran\u00e7ais. Car pour Fran\u00e7ois Godicheau, il y une ignorance sur le sujet\u00a0: \u00ab\u00a0<em>Dans les consciences en Europe, ce r\u00e9gime \u00e9tait certes autoritaire, mais finalement paternaliste sur la fin, etc. Non, c&rsquo;\u00e9tait une dictature d&rsquo;une violence extr\u00eame\u00a0! (&#8230;)\u00a0Il y a une condamnation morale absolue du fascisme et du nazisme dans la conscience europ\u00e9enne, mais elle n&rsquo;a pas touch\u00e9 le franquisme. C&rsquo;est donc extr\u00eamement important de r\u00e9tablir ce qu&rsquo;a \u00e9t\u00e9 cette dictature et de comprendre sa nature et comment elle a dur\u00e9 40 ans<\/em>\u00ab\u00a0.<\/p>\n<div class=\"consent-notice svelte-is7bee\" data-check-didomi-vendor=\"c:twitter-rNGnjKz6\">\n<div class=\"embed-layout svelte-is7bee\">\n<div class=\"embed-container\">\n<p class=\"svelte-is7bee\">Pour afficher ce contenu Twitter, vous devez accepter les cookies\u00a0<b>R\u00e9seaux Sociaux<\/b>.<\/p>\n<p>Ces cookies permettent de partager ou r\u00e9agir directement sur les r\u00e9seaux sociaux auxquels vous \u00eates connect\u00e9s ou d&rsquo;int\u00e9grer du contenu initialement post\u00e9 sur ces r\u00e9seaux sociaux. Ils permettent aussi aux r\u00e9seaux sociaux d&rsquo;utiliser vos visites sur nos sites et applications \u00e0 des fins de personnalisation et de ciblage publicitaire.<\/p>\n<\/div>\n<\/div>\n<\/div>\n<h2>Toulouse, capitale de l&rsquo;exil r\u00e9publicain&#8230; mais qui l&rsquo;oublie<\/h2>\n<p>Et le choix de\u00a0<strong>Toulouse n&rsquo;a rien d&rsquo;un hasard<\/strong>\u00a0: la ville a \u00e9t\u00e9 la \u00ab\u00a0capitale de l&rsquo;exil\u00a0\u00bb des r\u00e9publicains espagnols. Des familles qui ont fuit les combats en 1936-1939 et qui ont refus\u00e9 la dictature de Franco. En 1945, 10% de la population de Toulouse \u00e9tait ainsi d&rsquo;origine espagnole. La ville a aussi accueilli le si\u00e8ge de plusieurs partis politiques, et notamment du PSOE (Parti Socialiste Ouvrier Espagnol).<\/p>\n<p>Parmi les spectateurs de ce colloque, Placer Marey-Thibon. Cette fille de r\u00e9fugi\u00e9s est pr\u00e9sidente du CTDEE, le Centre Toulousain de Documentation sur l&rsquo;Exil Espagnol. Avec le temps, et la progressive int\u00e9gration en France, difficile de maintenir une identit\u00e9 et de transmettre la m\u00e9moire des Espagnols exil\u00e9s \u00e0 Toulouse. Mais Placer Thibon esp\u00e8re que ce colloque et cette expo vont donner\u00a0<strong>\u00ab\u00a0<em>un nouveau souffle<\/em>\u00a0\u00bb et \u00ab\u00a0<em>une prise de conscience<\/em>\u00ab\u00a0.<\/strong><\/p>\n<h2>Pas de projet de mus\u00e9e \u00e0 l&rsquo;horizon<\/h2>\n<p>Placer Marey-Thibon r\u00eave aussi d&rsquo;un mus\u00e9e, mais pour l&rsquo;instant aucune collectivit\u00e9, Ville, D\u00e9partement ou R\u00e9gion, ne semble int\u00e9ress\u00e9e\u00a0: \u00ab\u00a0<em>Toulouse se revendique ville capitale de l&rsquo;exil r\u00e9publicain, mais je pense qu&rsquo;il y a beaucoup de gens qui ne savent m\u00eame pas ce que cela signifie<\/em>\u00ab\u00a0.<\/p>\n<p>\u00ab\u00a0<em><strong>On a l&rsquo;impression d&rsquo;\u00eatre parfois ignor\u00e9<\/strong>\u00a0et c&rsquo;est un peu douloureux. Si on a fond\u00e9 cette association en 2008, c&rsquo;est pour essayer de perp\u00e9tuer cette m\u00e9moire. On essaie de r\u00e9cup\u00e9rer beaucoup de choses, mais c&rsquo;est aussi tr\u00e8s frustrant parce qu&rsquo;on se dit la m\u00e9moire va \u00eatre perdue, que nous sommes les derniers des Mohicans&#8230;\u00a0\u00bb<\/em><\/p>\n<p><strong>Elle insiste aussi sur l&rsquo;h\u00e9ritage<\/strong>\u00a0: \u00ab\u00a0<em>La plupart des enfants de r\u00e9fugi\u00e9s ont compt\u00e9 dans la vie toulousaine, dans la vie culturelle, scientifique, etc. Alors c&rsquo;est dommage de l&rsquo;oublier. Nos parents ont eu un r\u00f4le. Nous, on continue \u00e0 avoir un r\u00f4le. Peut-\u00eatre que ces journ\u00e9es vont \u00eatre un d\u00e9clencheur<\/em>\u00ab\u00a0.<\/p>\n<p>Notamment pour l&rsquo;avenir du CTDEE\u00a0: le centre doit \u00eatre d\u00e9log\u00e9 de son local au faubourg Bonnefoy, rue des cheminots. Il est h\u00e9berg\u00e9 par la mairie, mais le quartier est en d\u00e9molition et en transformation. Le CTDEE va devoir d\u00e9m\u00e9nager, mais \u00e0 ce jour, il n&rsquo;a pas de point de chute.<\/p>\n<\/div>\n<\/div>\n<\/div>\n<p>&nbsp;<\/p>\n","protected":false},"excerpt":{"rendered":"<p>Trois jours de colloque sur le franquisme et une grande expo \u00e0 Toulouse\u00a0: \u00ab\u00a0C&rsquo;est exceptionnel en Europe\u00a0\u00bb Toulouse De Mathieu Ferri Mercredi 20 mars 2024 \u00e0 21:41 Par France Bleu Occitanie Jusqu&rsquo;\u00e0 vendredi, des historiens participent \u00e0 Toulouse \u00e0 un colloque sur le franquisme, la dictature de Franco en Espagne, de 1939 \u00e0 1977. Une &hellip; <a href=\"https:\/\/retirada37.com\/?p=4265\" class=\"more-link\">Continuer la lecture de <span class=\"screen-reader-text\">La violence extr\u00eame de la dictature de Franco<\/span>  <span class=\"meta-nav\">&rarr;<\/span><\/a><\/p>\n","protected":false},"author":9,"featured_media":0,"comment_status":"open","ping_status":"open","sticky":false,"template":"","format":"standard","meta":{"_bbp_topic_count":0,"_bbp_reply_count":0,"_bbp_total_topic_count":0,"_bbp_total_reply_count":0,"_bbp_voice_count":0,"_bbp_anonymous_reply_count":0,"_bbp_topic_count_hidden":0,"_bbp_reply_count_hidden":0,"_bbp_forum_subforum_count":0,"footnotes":""},"categories":[2],"tags":[],"class_list":["post-4265","post","type-post","status-publish","format-standard","hentry","category-actualites"],"_links":{"self":[{"href":"https:\/\/retirada37.com\/index.php?rest_route=\/wp\/v2\/posts\/4265","targetHints":{"allow":["GET"]}}],"collection":[{"href":"https:\/\/retirada37.com\/index.php?rest_route=\/wp\/v2\/posts"}],"about":[{"href":"https:\/\/retirada37.com\/index.php?rest_route=\/wp\/v2\/types\/post"}],"author":[{"embeddable":true,"href":"https:\/\/retirada37.com\/index.php?rest_route=\/wp\/v2\/users\/9"}],"replies":[{"embeddable":true,"href":"https:\/\/retirada37.com\/index.php?rest_route=%2Fwp%2Fv2%2Fcomments&post=4265"}],"version-history":[{"count":4,"href":"https:\/\/retirada37.com\/index.php?rest_route=\/wp\/v2\/posts\/4265\/revisions"}],"predecessor-version":[{"id":4269,"href":"https:\/\/retirada37.com\/index.php?rest_route=\/wp\/v2\/posts\/4265\/revisions\/4269"}],"wp:attachment":[{"href":"https:\/\/retirada37.com\/index.php?rest_route=%2Fwp%2Fv2%2Fmedia&parent=4265"}],"wp:term":[{"taxonomy":"category","embeddable":true,"href":"https:\/\/retirada37.com\/index.php?rest_route=%2Fwp%2Fv2%2Fcategories&post=4265"},{"taxonomy":"post_tag","embeddable":true,"href":"https:\/\/retirada37.com\/index.php?rest_route=%2Fwp%2Fv2%2Ftags&post=4265"}],"curies":[{"name":"wp","href":"https:\/\/api.w.org\/{rel}","templated":true}]}}