{"id":4212,"date":"2024-02-12T09:03:22","date_gmt":"2024-02-12T08:03:22","guid":{"rendered":"http:\/\/retirada37.com\/?p=4212"},"modified":"2024-02-09T19:05:36","modified_gmt":"2024-02-09T18:05:36","slug":"lassociation-24-aout-1944-le-collectif-pour-la-commemoration-des-resistants-etrangers-en-france-vous-invitent-le-21-fevrier","status":"publish","type":"post","link":"https:\/\/retirada37.com\/?p=4212","title":{"rendered":"L&rsquo;association 24 ao\u00fbt 1944  &#038;   Le collectif pour la comm\u00e9moration des r\u00e9sistants \u00e9trangers en France  vous invitent le 21 F\u00e9vrier"},"content":{"rendered":"<p>Afin de rendre hommage, \u00e0 l\u2019occasion de l\u2019entr\u00e9e de Missak Manouchian au Panth\u00e9on, aux r\u00e9sistants \u00e9trangers et plus particuli\u00e8rement aux Portugais et aux R\u00e9publicains espagnols. Un certain nombre d\u2019actes auront lieu ce 21 f\u00e9vrier tant \u00e0 Bordeaux qu\u2019\u00e0 Paris. Nous vous invitons \u00e0 consulter le programme (ci dessous) et \u00e0 vous joindre \u00e0 nous pour cette c\u00e9r\u00e9monie collective.<\/p>\n<p>Le collectif  :<\/p>\n<p>    La Ligue des Combattants et R\u00e9sistants portugais, r\u00e9gion Nouvelle-Aquitaine\/ Le Comit\u00e9 Sousa Mendes\/ Le CERMI, Centre d\u2019\u00c9tudes et de Recherche sur les Migrations Ib\u00e9riques \/ L\u2019Amicale des anciens Gu\u00e9rilleros espagnols \/ Ay Carmela de Bordeaux \/ Le Rahmi\/ La Ligue des Droits de l\u2019Homme, section de Bordeaux \/ La Ligue des Droits de l\u2019Homme, f\u00e9d\u00e9ration de la Gironde \/ La Cl\u00e9 des Ondes \/ Le Luso Jornal \/ M\u00e9moire vivante \/ Ancrage en partage \/ Les Amis du Plateau, Champigny \/ Radio Alpha \/ M\u00e9moire vivante \/ Association du 24 aout 1944 \/ Activa \/ CCPF \/ Terre de Lutte et de M\u00e9moire d\u2019Oloron-Sainte-Marie.<\/p>\n<p>Les partenaires et institutions :<\/p>\n<p>    Mairie de Bordeaux \/ L\u2019ONAC \/ Groupement r\u00e9gional du Groupement des porte-drapeaux de la zone Sud-Ouest Aquitaine \/ Le cin\u00e9ma Utopia \u00e0 Bordeaux \/ Mairie de Paris \/ Mairie de Montrouge \/ Ambassade du Portugal et consulat du Portugal \u00e0 Paris \/ Mairie de Bordeaux et consulat du Portugal de Bordeaux \/ Ambassade espagnole et consulat d\u2019Espagne de Paris et de Bordeaux \/ Universit\u00e9 Paris 8 \/ Caminar \/ O Sol de Portugal.<\/p>\n<p>Contacts  :<\/p>\n<p>Contacts \u00e0 Paris : Marie-Christine Volovitch Tavares et Cristina Cl\u00edmaco<\/p>\n<p>Contacts \u00e0 Bordeaux : Manuel Dias et Valentin Fernandes.<\/p>\n<p>D&rsquo;autre part, nous vous convions \u00e0<\/p>\n<p>la Projection du 28 f\u00e9vrier<\/p>\n<p><strong>TERRORISTES \u00c0 LA RETRAITE<\/strong><\/p>\n<p> un documentaire :<\/p>\n<p>de Mosco Levi Boucault<\/p>\n<p>(1983\/diffus\u00e9 le 5 \/06\/1985 gr\u00e2ce \u00e0 Marin Karmitz ; MK2 dans son cin\u00e9ma, 14 juillet Racine)<br \/>\n(84\u2019)<\/p>\n<p>Des terroristes \u00e0 la retraite, soutenu par l\u2019actrice Simone Signoret. Le film raconte l&rsquo;histoire d&rsquo;\u00e9migr\u00e9s venus de l&rsquo;Est, r\u00e9unis par la CGT au sein de ses sections \u00e9trang\u00e8res de la M.O.I (main-d&rsquo;\u0153uvre immigr\u00e9e), et qui vont prendre les armes, (quand le pacte germano-sovi\u00e9tique sera rompu), \u00e0 l&rsquo;instigation du Parti communiste fran\u00e7ais, pour mener des actions de gu\u00e9rilla contre l&rsquo;arm\u00e9e allemande \u00e0 Paris.<\/p>\n<p>\u00ab\u00a0L&rsquo;Affiche rouge\u00a0\u00bb symbolise leur combat : elle porte les photos de 10 de leurs 23 camarades arr\u00eat\u00e9s et fusill\u00e9s au Mont Val\u00e9rien le 21 f\u00e9vrier 1944. Parmi eux le po\u00e8te arm\u00e9nien Missak Manouchian qui \u00e9crira dans sa derni\u00e8re lettre \u00e0 son \u00e9pouse M\u00e9lin\u00e9e: \u00ab\u00a0je pardonne \u00e0 tous ceux qui m&rsquo;ont fait du mal, ou qui ont voulu me faire du mal, sauf \u00e0 celui qui nous a trahis pour sauver sa peau et \u00e0 ceux qui nous ont vendus\u00a0\u00bb.<\/p>\n<p>Ces paroles \u00ab\u00a0ceux qui nous ont vendus\u00a0\u00bb se r\u00e9f\u00e8rent \u00e0 la direction militaire du Parti communiste clandestin en r\u00e9gion parisienne qui n&rsquo;a pas su mettre \u00e0 l&rsquo;abri les combattants \u00e9trangers des FTP.MOI (francs-tireurs partisans de la main-d&rsquo;\u0153uvre immigr\u00e9e) malgr\u00e9 des informations concordantes qui lui \u00e9taient parvenues sur les filatures de la police qui les mena\u00e7aient.<\/p>\n<p>Le sc\u00e9nario reconstitue le parcours de cinq ex MOI en l&rsquo;\u00e9maillant du t\u00e9moignage de camarades. Ces sources de premi\u00e8re main, celles des seuls survivants, sont pr\u00e9sent\u00e9es dans le cadre d&rsquo;une contextualisation confi\u00e9e \u00e0 des historiens.<\/p>\n<p>La projection sera suivie d\u2019un d\u00e9bat avec le r\u00e9alisateur Mosco Boucault (sous r\u00e9serve), et Jean Estivill le neveu de Celestino Alfonso et en pr\u00e9sence de Mesdames Juana Alfonso, petite fille et Christine Montiel ni\u00e8ce de Celestino Alfonso, un des 23 fusill\u00e9s du 21 f\u00e9vrier 44 au Mont Valerien.  <\/p>\n<p>Le mercredi 28 f\u00e9vrier 2024 \u00e0 19h<\/p>\n<p>Paris\u2019Anim ; Centre Place des F\u00eates<\/p>\n<p>2\/4 rue des Lilas<\/p>\n<p>75019 Paris  <\/p>\n<p>Entr\u00e9e gratuite<\/p>\n<p><a href=\"https:\/\/retirada37.com\/wp-content\/uploads\/2024\/02\/terror_retraite-scaled.jpg\"><img loading=\"lazy\" decoding=\"async\" src=\"https:\/\/retirada37.com\/wp-content\/uploads\/2024\/02\/terror_retraite-scaled.jpg\" alt=\"\" width=\"1824\" height=\"2560\" class=\"alignnone size-full wp-image-4213\" srcset=\"https:\/\/retirada37.com\/wp-content\/uploads\/2024\/02\/terror_retraite-scaled.jpg 1824w, https:\/\/retirada37.com\/wp-content\/uploads\/2024\/02\/terror_retraite-214x300.jpg 214w, https:\/\/retirada37.com\/wp-content\/uploads\/2024\/02\/terror_retraite-730x1024.jpg 730w, https:\/\/retirada37.com\/wp-content\/uploads\/2024\/02\/terror_retraite-768x1078.jpg 768w, https:\/\/retirada37.com\/wp-content\/uploads\/2024\/02\/terror_retraite-1094x1536.jpg 1094w, https:\/\/retirada37.com\/wp-content\/uploads\/2024\/02\/terror_retraite-1459x2048.jpg 1459w\" sizes=\"auto, (max-width: 1824px) 100vw, 1824px\" \/><\/a><\/p>\n","protected":false},"excerpt":{"rendered":"<p>Afin de rendre hommage, \u00e0 l\u2019occasion de l\u2019entr\u00e9e de Missak Manouchian au Panth\u00e9on, aux r\u00e9sistants \u00e9trangers et plus particuli\u00e8rement aux Portugais et aux R\u00e9publicains espagnols. Un certain nombre d\u2019actes auront lieu ce 21 f\u00e9vrier tant \u00e0 Bordeaux qu\u2019\u00e0 Paris. Nous vous invitons \u00e0 consulter le programme (ci dessous) et \u00e0 vous joindre \u00e0 nous pour &hellip; <a href=\"https:\/\/retirada37.com\/?p=4212\" class=\"more-link\">Continuer la lecture de <span class=\"screen-reader-text\">L&rsquo;association 24 ao\u00fbt 1944  &#038;   Le collectif pour la comm\u00e9moration des r\u00e9sistants \u00e9trangers en France  vous invitent le 21 F\u00e9vrier<\/span>  <span class=\"meta-nav\">&rarr;<\/span><\/a><\/p>\n","protected":false},"author":3,"featured_media":0,"comment_status":"open","ping_status":"open","sticky":false,"template":"","format":"standard","meta":{"_bbp_topic_count":0,"_bbp_reply_count":0,"_bbp_total_topic_count":0,"_bbp_total_reply_count":0,"_bbp_voice_count":0,"_bbp_anonymous_reply_count":0,"_bbp_topic_count_hidden":0,"_bbp_reply_count_hidden":0,"_bbp_forum_subforum_count":0,"footnotes":""},"categories":[2],"tags":[],"class_list":["post-4212","post","type-post","status-publish","format-standard","hentry","category-actualites"],"_links":{"self":[{"href":"https:\/\/retirada37.com\/index.php?rest_route=\/wp\/v2\/posts\/4212","targetHints":{"allow":["GET"]}}],"collection":[{"href":"https:\/\/retirada37.com\/index.php?rest_route=\/wp\/v2\/posts"}],"about":[{"href":"https:\/\/retirada37.com\/index.php?rest_route=\/wp\/v2\/types\/post"}],"author":[{"embeddable":true,"href":"https:\/\/retirada37.com\/index.php?rest_route=\/wp\/v2\/users\/3"}],"replies":[{"embeddable":true,"href":"https:\/\/retirada37.com\/index.php?rest_route=%2Fwp%2Fv2%2Fcomments&post=4212"}],"version-history":[{"count":1,"href":"https:\/\/retirada37.com\/index.php?rest_route=\/wp\/v2\/posts\/4212\/revisions"}],"predecessor-version":[{"id":4214,"href":"https:\/\/retirada37.com\/index.php?rest_route=\/wp\/v2\/posts\/4212\/revisions\/4214"}],"wp:attachment":[{"href":"https:\/\/retirada37.com\/index.php?rest_route=%2Fwp%2Fv2%2Fmedia&parent=4212"}],"wp:term":[{"taxonomy":"category","embeddable":true,"href":"https:\/\/retirada37.com\/index.php?rest_route=%2Fwp%2Fv2%2Fcategories&post=4212"},{"taxonomy":"post_tag","embeddable":true,"href":"https:\/\/retirada37.com\/index.php?rest_route=%2Fwp%2Fv2%2Ftags&post=4212"}],"curies":[{"name":"wp","href":"https:\/\/api.w.org\/{rel}","templated":true}]}}