{"id":4156,"date":"2024-02-06T23:36:44","date_gmt":"2024-02-06T22:36:44","guid":{"rendered":"http:\/\/retirada37.com\/?p=4156"},"modified":"2024-02-06T23:51:00","modified_gmt":"2024-02-06T22:51:00","slug":"au-memorial-de-la-shoah-des-documents-inedits-pour-presenter-manouchian-et-tous-les-etrangers-de-la-resistance","status":"publish","type":"post","link":"https:\/\/retirada37.com\/?p=4156","title":{"rendered":"Au m\u00e9morial de la Shoah : des documents in\u00e9dits pour pr\u00e9senter Manouchian et tous les \u00e9trangers de la r\u00e9sistance"},"content":{"rendered":"<p>EXPOSITION : \u00c0 l\u2019occasion de la panth\u00e9onisation de Missak et M\u00e9lin\u00e9e Manouchian,<br \/>\nle m\u00e9morial de la Shoah pr\u00e9sente une exposition<br \/>\npour c\u00e9l\u00e9brer l\u2019engagement des \u00e9trangers dans la R\u00e9sistance.<\/p>\n<p>Au c\u0153ur du m\u00e9morial de la Shoah, au pied de l\u2019escalier qui m\u00e8ne \u00e0 l\u2019exposition, g\u00eet la \u00ab\u00a0tache de sang\u00a0\u00bb, comme l\u2019appelait Louis Aragon.\u00a0L\u2019Affiche rouge, haute de pr\u00e8s d\u2019un m\u00e8tre, accueille le visiteur. Les visages des combattants de\u00a0\u00ab\u00a0l\u2019arm\u00e9e du crime\u00a0\u00bb\u00a0y sont pr\u00e9sent\u00e9s comme autant de cibles\u00a0\u00ab\u00a0terroristes\u00a0\u00bb\u00a0abattues par les nazis. Une propagande qui d\u00e8s ses origines\u00a0\u00ab\u00a0n\u2019a pas fonctionn\u00e9\u00a0\u00bb,\u00a0rappelle la commissaire d\u2019exposition Ren\u00e9e Poznanski.<\/p>\n<p>Placard\u00e9e partout sur les murs de Paris et dans plusieurs formats, elle avait pour but de d\u00e9signer les ennemis\u00a0: tous des\u00a0\u00e9trangers coupables d\u2019attentats contre les Fran\u00e7ais. Faux, leurs actions \u00e9taient cibl\u00e9es et ne tuaient que des\u00a0occupants allemands. Leur assignation \u00e0 r\u00e9sidence communautaire est\u00a0\u00ab\u00a0un anachronisme d\u00e9j\u00e0 pour l\u2019\u00e9poque\u00a0\u00bb. \u00ab\u00a0Ces r\u00e9sistants \u00e9taient travers\u00e9s par une convergence ou une polyvalence identitaires.\u00a0\u00bb Juifs, Hongrois, Polonais, Arm\u00e9niens, Italiens, Espagnols, communistes\u2026 Ces identit\u00e9s ne rentraient pas en concurrence, ne se hi\u00e9rarchisaient pas. Ce qui pr\u00e9valait, c\u2019\u00e9tait leur volont\u00e9 de lib\u00e9rer la France. Le d\u00e9nominateur commun de leur combat\u00a0: l\u2019id\u00e9al des Lumi\u00e8res contre le fascisme et le nazisme.<br \/>\n\u200b L\u2019Arm\u00e9nien, apatride, aura vu par deux fois son souhait de devenir fran\u00e7ais rejet\u00e9<br \/>\nLa pr\u00e9sentation \u00e9rudite, compos\u00e9e essentiellement d\u2019archives de la pr\u00e9fecture de police et de textes fa\u00e7onn\u00e9s par les historiens et commissaires de l\u2019exposition, Ren\u00e9e Poznanski et Denis Peschanski, met en \u00e9videncela grande part prise par les \u00e9trangers dans la R\u00e9sistance fran\u00e7aise\u00a0alors que la majorit\u00e9 des Fran\u00e7ais n\u2019ont choisi ni la R\u00e9sistance ni la collaboration, mais plut\u00f4t l\u2019inaction. La lumi\u00e8re est mise sur le groupe Manouchian, \u00e0 l\u2019occasion de\u00a0l\u2019entr\u00e9e au Panth\u00e9on de Missak et de M\u00e9lin\u00e9e.\u00a0<\/p>\n<p>Le m\u00e9morial de la Shoah rappelle que la grande majorit\u00e9 de ces r\u00e9sistants immigr\u00e9s \u00e9taient communistes et pour la plupart ouvriers, int\u00e9gr\u00e9s \u00e0 l\u2019organisation des Francs-tireurs et partisans-Main-d\u2019\u0153uvre immigr\u00e9e (FTP-MOI). Le r\u00f4le du PCF dans l\u2019accueil des \u00e9trangers d\u00e8s les ann\u00e9es 1920 et l\u2019engagement des militants dans la lutte arm\u00e9e sont ainsi rendus \u00e0 leur juste v\u00e9racit\u00e9 historique.<br \/>\nDes\u00a0documents in\u00e9dits sont pr\u00e9sent\u00e9s. Comme la seconde demande de naturalisation de Missak Manouchian,\u00a0\u00ab\u00a0finalement trouv\u00e9e dans les archives, il y a\u00a0moins d\u2019un an\u00a0\u00bb,\u00a0pr\u00e9cise Denis Peschanski.\u00a0L\u2019Arm\u00e9nien, apatride, aura vu par deux fois son souhait de devenir fran\u00e7ais rejet\u00e9, avant de mourir pour la France. Les actes produits par la police de Vichy, \u00e0 laquelle l\u2019occupant nazi avait d\u00e9l\u00e9gu\u00e9 la traque des \u00ab\u00a0communo-terroristes\u00a0\u00bb, provoquent des haut-le-c\u0153ur.<\/p>\n<p>M\u00e9thodiquement, les brigades sp\u00e9ciales ont men\u00e9 des op\u00e9rations de filature pour d\u00e9manteler l\u2019ensemble du r\u00e9seau des FTP-MOI. Pi\u00e8ces ma\u00eetresses de l\u2019exposition, quatre graphiques\u00a0correspondant aux diff\u00e9rents groupes tissent la toile de leurs r\u00e9seaux respectifs. Sur l\u2019un d\u2019eux, au milieu de traits reliant des noms de code figure celui de \u00ab\u00a0Bourg\u00a0\u00bb. Il renvoie \u00e0 la fiche de renseignement num\u00e9ro\u00a018. Identification\u00a0: Missak Manouchian. Ils \u00e9taient 23 face \u00e0 200 professionnels de la traque, 23\u00a0\u00e9trangers morts pour la France.<br \/>\nArticle de Scarlett Bain<br \/>\nParu dans l&rsquo;Humanit\u00e9 du 7 f\u00e9vrier 2024 sous le titre \u00ab\u00a0Vive les \u00e9trangers, Vive la France libre !\u00a0\u00bb<br \/>\nL&rsquo;exposition peut se voir jusqu&rsquo;au 20 octobre, au M\u00e9morial de la Shoa, Paris(4\u00e8me)<\/p>\n","protected":false},"excerpt":{"rendered":"<p>EXPOSITION : \u00c0 l\u2019occasion de la panth\u00e9onisation de Missak et M\u00e9lin\u00e9e Manouchian, le m\u00e9morial de la Shoah pr\u00e9sente une exposition pour c\u00e9l\u00e9brer l\u2019engagement des \u00e9trangers dans la R\u00e9sistance. Au c\u0153ur du m\u00e9morial de la Shoah, au pied de l\u2019escalier qui m\u00e8ne \u00e0 l\u2019exposition, g\u00eet la \u00ab\u00a0tache de sang\u00a0\u00bb, comme l\u2019appelait Louis Aragon.\u00a0L\u2019Affiche rouge, haute de &hellip; <a href=\"https:\/\/retirada37.com\/?p=4156\" class=\"more-link\">Continuer la lecture de <span class=\"screen-reader-text\">Au m\u00e9morial de la Shoah : des documents in\u00e9dits pour pr\u00e9senter Manouchian et tous les \u00e9trangers de la r\u00e9sistance<\/span>  <span class=\"meta-nav\">&rarr;<\/span><\/a><\/p>\n","protected":false},"author":2,"featured_media":0,"comment_status":"open","ping_status":"open","sticky":false,"template":"","format":"standard","meta":{"_bbp_topic_count":0,"_bbp_reply_count":0,"_bbp_total_topic_count":0,"_bbp_total_reply_count":0,"_bbp_voice_count":0,"_bbp_anonymous_reply_count":0,"_bbp_topic_count_hidden":0,"_bbp_reply_count_hidden":0,"_bbp_forum_subforum_count":0,"footnotes":""},"categories":[2],"tags":[],"class_list":["post-4156","post","type-post","status-publish","format-standard","hentry","category-actualites"],"_links":{"self":[{"href":"https:\/\/retirada37.com\/index.php?rest_route=\/wp\/v2\/posts\/4156","targetHints":{"allow":["GET"]}}],"collection":[{"href":"https:\/\/retirada37.com\/index.php?rest_route=\/wp\/v2\/posts"}],"about":[{"href":"https:\/\/retirada37.com\/index.php?rest_route=\/wp\/v2\/types\/post"}],"author":[{"embeddable":true,"href":"https:\/\/retirada37.com\/index.php?rest_route=\/wp\/v2\/users\/2"}],"replies":[{"embeddable":true,"href":"https:\/\/retirada37.com\/index.php?rest_route=%2Fwp%2Fv2%2Fcomments&post=4156"}],"version-history":[{"count":3,"href":"https:\/\/retirada37.com\/index.php?rest_route=\/wp\/v2\/posts\/4156\/revisions"}],"predecessor-version":[{"id":4161,"href":"https:\/\/retirada37.com\/index.php?rest_route=\/wp\/v2\/posts\/4156\/revisions\/4161"}],"wp:attachment":[{"href":"https:\/\/retirada37.com\/index.php?rest_route=%2Fwp%2Fv2%2Fmedia&parent=4156"}],"wp:term":[{"taxonomy":"category","embeddable":true,"href":"https:\/\/retirada37.com\/index.php?rest_route=%2Fwp%2Fv2%2Fcategories&post=4156"},{"taxonomy":"post_tag","embeddable":true,"href":"https:\/\/retirada37.com\/index.php?rest_route=%2Fwp%2Fv2%2Ftags&post=4156"}],"curies":[{"name":"wp","href":"https:\/\/api.w.org\/{rel}","templated":true}]}}