{"id":4147,"date":"2024-02-08T00:59:59","date_gmt":"2024-02-07T23:59:59","guid":{"rendered":"http:\/\/retirada37.com\/?p=4147"},"modified":"2024-02-04T15:02:39","modified_gmt":"2024-02-04T14:02:39","slug":"en-1929-il-voit-le-jour-dans-un-petit-village-ginesta-de-ebro-baigne-par-lebre-cest-sa-patrie-lendroit-ou-il-prend-ses-racines-de-la-il-va-suivre-sa-famille-au-fil-de","status":"publish","type":"post","link":"https:\/\/retirada37.com\/?p=4147","title":{"rendered":"Valentin Montane\u0301, une vie \u00e0 la CNT espagnole en exil !"},"content":{"rendered":"<p>En 1929, il voit le jour dans un petit village (Ginesta de Ebro) baign\u00e9 par l\u2019Ebre. C\u2019est sa patrie, l\u2019endroit o\u00f9 il prend ses racines. De l\u00e0, il va suivre sa famille au fil de l\u2019histoire bondissante de l\u2019Espagne. En f\u00e9vrier 1939, r\u00e9fugi\u00e9 en France, , dans le Loiret, il nous conte en d\u00e9tail ce que fut son existence, sa conscience libertaire et son engagement de toute une vie dans la lutte anarco-syndicaliste. Au d\u00e9tour de son r\u00e9cit, il ne manque pas de rendre hommage aux habitants de Puiseaux qui ont accueillis sa famille \u00e0 bras ouverts, parmi d\u2019autres exil\u00e9s, et les ont prot\u00e9g\u00e9s tout au long de la guerre mondiale.<br \/>\nPour lui, l\u2019exil fut synonyme de sauvetage, de paix et de d\u00e9veloppement. Mais il n\u2019a jamais cess\u00e9 son engagement dans sa vie professionnelle et pour lutter contre la dictature franquiste en maintenant vivace son id\u00e9al \u00e0 travers ses actes de militants de la CNT espagnole en exil.<\/p>\n<blockquote><p><iframe loading=\"lazy\" width=\"560\" height=\"315\" src=\"https:\/\/www.youtube.com\/embed\/GmPNJZ98mvE?si=38RR28xfU_9kg0DT\" title=\"YouTube video player\" frameborder=\"0\" allow=\"accelerometer; autoplay; clipboard-write; encrypted-media; gyroscope; picture-in-picture; web-share\" allowfullscreen><\/iframe><\/p><\/blockquote>\n","protected":false},"excerpt":{"rendered":"<p>En 1929, il voit le jour dans un petit village (Ginesta de Ebro) baign\u00e9 par l\u2019Ebre. C\u2019est sa patrie, l\u2019endroit o\u00f9 il prend ses racines. De l\u00e0, il va suivre sa famille au fil de l\u2019histoire bondissante de l\u2019Espagne. En f\u00e9vrier 1939, r\u00e9fugi\u00e9 en France, , dans le Loiret, il nous conte en d\u00e9tail ce &hellip; <a href=\"https:\/\/retirada37.com\/?p=4147\" class=\"more-link\">Continuer la lecture de <span class=\"screen-reader-text\">Valentin Montane\u0301, une vie \u00e0 la CNT espagnole en exil !<\/span>  <span class=\"meta-nav\">&rarr;<\/span><\/a><\/p>\n","protected":false},"author":3,"featured_media":0,"comment_status":"open","ping_status":"open","sticky":false,"template":"","format":"standard","meta":{"_bbp_topic_count":0,"_bbp_reply_count":0,"_bbp_total_topic_count":0,"_bbp_total_reply_count":0,"_bbp_voice_count":0,"_bbp_anonymous_reply_count":0,"_bbp_topic_count_hidden":0,"_bbp_reply_count_hidden":0,"_bbp_forum_subforum_count":0,"footnotes":""},"categories":[15,4],"tags":[],"class_list":["post-4147","post","type-post","status-publish","format-standard","hentry","category-temoignages-et-recits","category-videos"],"_links":{"self":[{"href":"https:\/\/retirada37.com\/index.php?rest_route=\/wp\/v2\/posts\/4147","targetHints":{"allow":["GET"]}}],"collection":[{"href":"https:\/\/retirada37.com\/index.php?rest_route=\/wp\/v2\/posts"}],"about":[{"href":"https:\/\/retirada37.com\/index.php?rest_route=\/wp\/v2\/types\/post"}],"author":[{"embeddable":true,"href":"https:\/\/retirada37.com\/index.php?rest_route=\/wp\/v2\/users\/3"}],"replies":[{"embeddable":true,"href":"https:\/\/retirada37.com\/index.php?rest_route=%2Fwp%2Fv2%2Fcomments&post=4147"}],"version-history":[{"count":2,"href":"https:\/\/retirada37.com\/index.php?rest_route=\/wp\/v2\/posts\/4147\/revisions"}],"predecessor-version":[{"id":4149,"href":"https:\/\/retirada37.com\/index.php?rest_route=\/wp\/v2\/posts\/4147\/revisions\/4149"}],"wp:attachment":[{"href":"https:\/\/retirada37.com\/index.php?rest_route=%2Fwp%2Fv2%2Fmedia&parent=4147"}],"wp:term":[{"taxonomy":"category","embeddable":true,"href":"https:\/\/retirada37.com\/index.php?rest_route=%2Fwp%2Fv2%2Fcategories&post=4147"},{"taxonomy":"post_tag","embeddable":true,"href":"https:\/\/retirada37.com\/index.php?rest_route=%2Fwp%2Fv2%2Ftags&post=4147"}],"curies":[{"name":"wp","href":"https:\/\/api.w.org\/{rel}","templated":true}]}}