{"id":4142,"date":"2024-02-06T21:31:51","date_gmt":"2024-02-06T20:31:51","guid":{"rendered":"http:\/\/retirada37.com\/?p=4142"},"modified":"2024-02-06T21:46:03","modified_gmt":"2024-02-06T20:46:03","slug":"le-camps-de-femmes-de-rieucros-et-michel-del-castillo","status":"publish","type":"post","link":"https:\/\/retirada37.com\/?p=4142","title":{"rendered":"Le camps de femmes de Rieucros et Michel del Castillo"},"content":{"rendered":"<p><img decoding=\"async\" src=\"https:\/\/scontent-cdg4-1.xx.fbcdn.net\/v\/t39.30808-6\/421890243_7323757394348649_824282890573332547_n.jpg?_nc_cat=110&amp;ccb=1-7&amp;_nc_sid=dd5e9f&amp;_nc_ohc=Y-j_bXTlY7IAX-CRUei&amp;_nc_ht=scontent-cdg4-1.xx&amp;oh=00_AfB054mxzoJK1tYnyZFmGYBv_ox504r7EquMxyrjKwxSdA&amp;oe=65C17609\" alt=\"Peut \u00eatre une image de texte\" \/><\/p>\n<p>&nbsp;<\/p>\n<p><span style=\"color: #050505\"><span style=\"font-family: inherit\"><span style=\"font-size: medium\">\u00ab CES CAMPS FURENT TR\u00c8S REPR\u00c9SENTATIFS DU MERDIER FRAN\u00c7AIS \u00bb<\/span><\/span><\/span><\/p>\n<p align=\"LEFT\"><span style=\"color: #050505\"><span style=\"font-family: inherit\"><span style=\"font-size: medium\">Michel del Castillo<\/span><\/span><\/span><\/p>\n<p align=\"LEFT\"><span style=\"color: #050505\"><span style=\"font-family: inherit\"><span style=\"font-size: medium\">\u00ab Mon souvenir le plus fort, c&rsquo;est l&rsquo;obscurit\u00e9. Enfant, cela vous terrifie. Il devait y avoir une ou deux ampoules de 25 watts pour toute la baraque. On arrivait au bout du monde, on ne savait plus o\u00f9 on \u00e9tait et, dans ce magma de femmes espagnoles d\u00e9penaill\u00e9es, j&rsquo;\u00e9tais une crevure qui allait de pneumonie en pneumonie. Je ne bougeais plus, coll\u00e9 contre ma m\u00e8re, je lisais des partitions de musique. Le froid, la faim, bien s\u00fbr, inutile d&rsquo;en parler. J&rsquo;allais surtout dans la baraque des Allemandes, les Espagnoles n&rsquo;arr\u00eataient pas de se hurler dessus. L&rsquo;enfermement concentre des gens qui n&rsquo;ont rien en commun, socialement, politiquement. Ma m\u00e8re est arriv\u00e9e avec un beau manteau, tr\u00e8s maquill\u00e9e, on l&rsquo;a regard\u00e9e m\u00e9chamment. Des femmes seules, confin\u00e9es, sans contact avec les hommes, ne restent pas longtemps gentilles. Mais, chez les Allemandes, tout \u00e9tait propre, c&rsquo;\u00e9tait des communistes cultiv\u00e9es, qui lisaient, \u00e9crivaient, dessinaient, me racontaient des histoires. J&rsquo;avais besoin d&rsquo;une loi, elles avaient cette discipline qui leur avait permis de tenir en Allemagne.<\/span><\/span><\/span><\/p>\n<p align=\"LEFT\"><span style=\"color: #050505\"><span style=\"font-family: inherit\"><span style=\"font-size: medium\">On avait \u00e9t\u00e9 chass\u00e9s d&rsquo;Espagne en 1939 et on m&rsquo;avait dit que la France \u00e9tait un pays o\u00f9 l&rsquo;on mange bien, o\u00f9 l&rsquo;on est poli. Le plus triste pour moi, c&rsquo;est que mon p\u00e8re, qui nous avait d\u00e9nonc\u00e9s, \u00e9tait fran\u00e7ais. Je trouvais \u00e7a scandaleux, je n&rsquo;arr\u00eatais pas de r\u00e9p\u00e9ter : je ne suis pas espagnol.<\/span><\/span><\/span><\/p>\n<p align=\"LEFT\"><span style=\"color: #050505\"><span style=\"font-family: inherit\"><span style=\"font-size: medium\">C&rsquo;est \u00e0 Rieucros que j&rsquo;ai commenc\u00e9 \u00e0 \u00e9crire. Des petits contes. L&rsquo;un d&rsquo;eux parlait d&rsquo;un des sept nains qui avait tr\u00e8s froid dans une baraque&#8230; Ils ont \u00e9t\u00e9 affich\u00e9s \u00e0 l&rsquo;exposition organis\u00e9e \u00e0 Mende par le maire : il \u00e9tait furieux contre ce camp, dont les habitants croyaient au d\u00e9part qu&rsquo;il ne renfermait que des droits communs et, pour les obliger \u00e0 prendre en compte les d\u00e9tenues, il avait expos\u00e9 des objets qu&rsquo;elles avaient fabriqu\u00e9s. Certaines prisonni\u00e8res sont venues \u00e0 Mende, les Fran\u00e7ais les regardaient, ils \u00e9taient gentils, ils essayaient de comprendre. Le dimanche, ils venaient se promener autour du camp, le vallon de Rieucros ayant toujours \u00e9t\u00e9 un lieu de vill\u00e9giature. Certaines d\u00e9tenues se livraient \u00e0 la prostitution, derri\u00e8re le camp.<\/span><\/span><\/span><\/p>\n<p align=\"LEFT\"><span style=\"color: #050505\"><span style=\"font-family: inherit\"><span style=\"font-size: medium\">Ces camps furent tr\u00e8s repr\u00e9sentatifs du merdier fran\u00e7ais. Cela aurait pu \u00eatre bien pire : on aurait pu \u00eatre livr\u00e9, battu, tu\u00e9. Moi-m\u00eame, je pouvais aller \u00e0 l&rsquo;\u00e9cole \u00e0 Mende. On pataugeait dans l&rsquo;improvisation, on nous laissait avoir froid, avoir faim, un climat \u00e9trange o\u00f9 se m\u00ealaient la d\u00e9b\u00e2cle, la peur de l&rsquo;\u00e9tranger et une gentillesse fonci\u00e8re. Quelque chose de bizarre, d&rsquo;un peu merdique. \u00ab\u00a0<\/span><\/span><\/span><\/p>\n","protected":false},"excerpt":{"rendered":"<p>&nbsp; \u00ab CES CAMPS FURENT TR\u00c8S REPR\u00c9SENTATIFS DU MERDIER FRAN\u00c7AIS \u00bb Michel del Castillo \u00ab Mon souvenir le plus fort, c&rsquo;est l&rsquo;obscurit\u00e9. Enfant, cela vous terrifie. Il devait y avoir une ou deux ampoules de 25 watts pour toute la baraque. On arrivait au bout du monde, on ne savait plus o\u00f9 on \u00e9tait et, &hellip; <a href=\"https:\/\/retirada37.com\/?p=4142\" class=\"more-link\">Continuer la lecture de <span class=\"screen-reader-text\">Le camps de femmes de Rieucros et Michel del Castillo<\/span>  <span class=\"meta-nav\">&rarr;<\/span><\/a><\/p>\n","protected":false},"author":9,"featured_media":0,"comment_status":"open","ping_status":"open","sticky":false,"template":"","format":"standard","meta":{"_bbp_topic_count":0,"_bbp_reply_count":0,"_bbp_total_topic_count":0,"_bbp_total_reply_count":0,"_bbp_voice_count":0,"_bbp_anonymous_reply_count":0,"_bbp_topic_count_hidden":0,"_bbp_reply_count_hidden":0,"_bbp_forum_subforum_count":0,"footnotes":""},"categories":[15],"tags":[],"class_list":["post-4142","post","type-post","status-publish","format-standard","hentry","category-temoignages-et-recits"],"_links":{"self":[{"href":"https:\/\/retirada37.com\/index.php?rest_route=\/wp\/v2\/posts\/4142","targetHints":{"allow":["GET"]}}],"collection":[{"href":"https:\/\/retirada37.com\/index.php?rest_route=\/wp\/v2\/posts"}],"about":[{"href":"https:\/\/retirada37.com\/index.php?rest_route=\/wp\/v2\/types\/post"}],"author":[{"embeddable":true,"href":"https:\/\/retirada37.com\/index.php?rest_route=\/wp\/v2\/users\/9"}],"replies":[{"embeddable":true,"href":"https:\/\/retirada37.com\/index.php?rest_route=%2Fwp%2Fv2%2Fcomments&post=4142"}],"version-history":[{"count":2,"href":"https:\/\/retirada37.com\/index.php?rest_route=\/wp\/v2\/posts\/4142\/revisions"}],"predecessor-version":[{"id":4144,"href":"https:\/\/retirada37.com\/index.php?rest_route=\/wp\/v2\/posts\/4142\/revisions\/4144"}],"wp:attachment":[{"href":"https:\/\/retirada37.com\/index.php?rest_route=%2Fwp%2Fv2%2Fmedia&parent=4142"}],"wp:term":[{"taxonomy":"category","embeddable":true,"href":"https:\/\/retirada37.com\/index.php?rest_route=%2Fwp%2Fv2%2Fcategories&post=4142"},{"taxonomy":"post_tag","embeddable":true,"href":"https:\/\/retirada37.com\/index.php?rest_route=%2Fwp%2Fv2%2Ftags&post=4142"}],"curies":[{"name":"wp","href":"https:\/\/api.w.org\/{rel}","templated":true}]}}