{"id":4138,"date":"2024-02-02T12:02:47","date_gmt":"2024-02-02T11:02:47","guid":{"rendered":"http:\/\/retirada37.com\/?p=4138"},"modified":"2024-02-02T12:02:47","modified_gmt":"2024-02-02T11:02:47","slug":"le-3-fevrier-contre-la-loi-immigration-on-lache-rien","status":"publish","type":"post","link":"https:\/\/retirada37.com\/?p=4138","title":{"rendered":"Le 3 f\u00e9vrier, contre la Loi immigration on l\u00e2che rien !"},"content":{"rendered":"<p>Les fortes mobilisations des 14 et 21 janvier 2024 contre la loi immigration, loi raciste et x\u00e9nophobe, ont permis le retrait des dispositions les plus naus\u00e9abondes par le Conseil Constitutionnel.<br \/>\nCe qui en reste demeure l\u2019une des pires loi anti-immigr\u00e9s. Non seulement elle les pr\u00e9carise davantage mais de plus elle favorise le dumping social entre tous les travailleur.ses.<br \/>\nElle facilitera grandement les conditions d\u2019expulsions, sans respect des droits fondamentaux, rendra plus pr\u00e9caire l\u2019accueil des r\u00e9fugi\u00e9.es et plus difficile les conditions de vie, pas seulement pour les sans-papiers, mais pour l\u2019ensemble des personnes d\u2019origine \u00e9trang\u00e8re.<br \/>\nNous d\u00e9non\u00e7ons l\u2019ouverture de nouveaux \u00ab Camps \u00bb de r\u00e9tention administratif (CRA), qui sont des lieux d\u2019enfermement et de privation de libert\u00e9 pour des familles avant l\u2019expulsion, comme celui qui vient d\u2019ouvrir \u00e0 Olivet (45).<br \/>\nEn cons\u00e9quence nous appelons \u00e0 une nouvelle mobilisation le samedi 3 f\u00e9vrier \u00e0 15 h place de la Libert\u00e9 \u00e0 Tours pour l\u2019abrogation de la Loi Immigration.<br \/>\nContre le racisme, la x\u00e9nophobie et pour d\u00e9fendre une politique migratoire d\u2019accueil et de solidarit\u00e9, pour une v\u00e9ritable \u00e9galit\u00e9 des droits humains et des papiers pour tous.tes.<br \/>\nNotre collectif s\u2019inscrit dans les mobilisations unitaires nationales initi\u00e9es depuis le 14 janvier jusqu\u2019\u00e0 l\u2019abrogation de cette loi sc\u00e9l\u00e9rate.<br \/>\nCollectif Interorga unitaire contre la Loi immigration.<br \/>\nSignataires :<br \/>\nAssociations et collectifs : Action F\u00e9ministes Tours, AMMI-Val d&rsquo;Amboise, ATTAC 37, Chr\u00e9tien Migrants,<br \/>\nCIMADE37, CIP 37, Collectif Notre Sant\u00e9 en Danger 37, Collectif Pas d\u2019Enfants \u00e0 la Rue, Convergence Services<br \/>\nPublics 37, Derni\u00e8re R\u00e9novation Tours, Emma\u00fcs 100 pour 1, Entraide et Solidarit\u00e9, Extinction R\u00e9bellion,<br \/>\nFEUTRE, ICEM &#8211; P\u00e9dagogie Freinet 37, Le CAT, LISTE, Organisation de Solidarit\u00e9 Trans Tours, R\u00e9seau<br \/>\nF\u00e9ministe 37, RESF 37,  Retirada 37, LDH 37, Le collectif des sports et loisirs pour les migrants chinonais,<br \/>\nLes Soul\u00e8vements De La Terre Touraine, Naya, Stop Harc\u00e8lement De Rue Tours, La Table de Jeanne Marie,<br \/>\nTours Antifa, Utopia 56, Le Mouvement pour la Paix.<br \/>\nSyndicats : FSE, SET, SOLIDAIRES 37, Solidaires \u00e9tudiant.es, USL 37, UD CGT 37.<br \/>\nOrganisations politiques : CATDP, Les Ecologistes 37, GES 37, Les Jeunes Ecologistes 37, Les Jeunes.Insoumis.es 37, Jeunes Socialistes Touraine, LFI 37, MJCF 37, NPA 37, Parti des Travailleurs 37, PCF 37, PCOF<br \/>\n37, Parti de Gauche 37, POI 37, PS 37, UCL 37 <\/p>\n","protected":false},"excerpt":{"rendered":"<p>Les fortes mobilisations des 14 et 21 janvier 2024 contre la loi immigration, loi raciste et x\u00e9nophobe, ont permis le retrait des dispositions les plus naus\u00e9abondes par le Conseil Constitutionnel. Ce qui en reste demeure l\u2019une des pires loi anti-immigr\u00e9s. Non seulement elle les pr\u00e9carise davantage mais de plus elle favorise le dumping social entre &hellip; <a href=\"https:\/\/retirada37.com\/?p=4138\" class=\"more-link\">Continuer la lecture de <span class=\"screen-reader-text\">Le 3 f\u00e9vrier, contre la Loi immigration on l\u00e2che rien !<\/span>  <span class=\"meta-nav\">&rarr;<\/span><\/a><\/p>\n","protected":false},"author":2,"featured_media":0,"comment_status":"open","ping_status":"open","sticky":false,"template":"","format":"standard","meta":{"_bbp_topic_count":0,"_bbp_reply_count":0,"_bbp_total_topic_count":0,"_bbp_total_reply_count":0,"_bbp_voice_count":0,"_bbp_anonymous_reply_count":0,"_bbp_topic_count_hidden":0,"_bbp_reply_count_hidden":0,"_bbp_forum_subforum_count":0,"footnotes":""},"categories":[2],"tags":[],"class_list":["post-4138","post","type-post","status-publish","format-standard","hentry","category-actualites"],"_links":{"self":[{"href":"https:\/\/retirada37.com\/index.php?rest_route=\/wp\/v2\/posts\/4138","targetHints":{"allow":["GET"]}}],"collection":[{"href":"https:\/\/retirada37.com\/index.php?rest_route=\/wp\/v2\/posts"}],"about":[{"href":"https:\/\/retirada37.com\/index.php?rest_route=\/wp\/v2\/types\/post"}],"author":[{"embeddable":true,"href":"https:\/\/retirada37.com\/index.php?rest_route=\/wp\/v2\/users\/2"}],"replies":[{"embeddable":true,"href":"https:\/\/retirada37.com\/index.php?rest_route=%2Fwp%2Fv2%2Fcomments&post=4138"}],"version-history":[{"count":1,"href":"https:\/\/retirada37.com\/index.php?rest_route=\/wp\/v2\/posts\/4138\/revisions"}],"predecessor-version":[{"id":4139,"href":"https:\/\/retirada37.com\/index.php?rest_route=\/wp\/v2\/posts\/4138\/revisions\/4139"}],"wp:attachment":[{"href":"https:\/\/retirada37.com\/index.php?rest_route=%2Fwp%2Fv2%2Fmedia&parent=4138"}],"wp:term":[{"taxonomy":"category","embeddable":true,"href":"https:\/\/retirada37.com\/index.php?rest_route=%2Fwp%2Fv2%2Fcategories&post=4138"},{"taxonomy":"post_tag","embeddable":true,"href":"https:\/\/retirada37.com\/index.php?rest_route=%2Fwp%2Fv2%2Ftags&post=4138"}],"curies":[{"name":"wp","href":"https:\/\/api.w.org\/{rel}","templated":true}]}}