{"id":4133,"date":"2024-02-01T14:52:16","date_gmt":"2024-02-01T13:52:16","guid":{"rendered":"http:\/\/retirada37.com\/?p=4133"},"modified":"2024-02-01T14:53:55","modified_gmt":"2024-02-01T13:53:55","slug":"des-frontieres-et-des-femmes-de-manuela-parra","status":"publish","type":"post","link":"https:\/\/retirada37.com\/?p=4133","title":{"rendered":"Des fronti\u00e8res et des femmes, de Manuela Parra"},"content":{"rendered":"<p><a href=\"https:\/\/www.radiofrance.fr\/francebleu\/podcasts\/les-invites-du-16-19-de-france-bleu-herault\/des-frontieres-et-des-femmes-de-manuela-parra-4398720\">https:\/\/www.radiofrance.fr\/francebleu\/podcasts\/les-invites-du-16-19-de-france-bleu-herault\/des-frontieres-et-des-femmes-de-manuela-parra-4398720<\/a><\/p>\n<p><a href=\"https:\/\/retirada37.com\/wp-content\/uploads\/2024\/02\/560x315_sc_cvt-des-frontieres-et-des-femmes-5338.webp\"><img loading=\"lazy\" decoding=\"async\" src=\"https:\/\/retirada37.com\/wp-content\/uploads\/2024\/02\/560x315_sc_cvt-des-frontieres-et-des-femmes-5338.webp\" alt=\"\" width=\"560\" height=\"315\" class=\"alignnone size-full wp-image-4135\" srcset=\"https:\/\/retirada37.com\/wp-content\/uploads\/2024\/02\/560x315_sc_cvt-des-frontieres-et-des-femmes-5338.webp 560w, https:\/\/retirada37.com\/wp-content\/uploads\/2024\/02\/560x315_sc_cvt-des-frontieres-et-des-femmes-5338-300x169.webp 300w\" sizes=\"auto, (max-width: 560px) 100vw, 560px\" \/><\/a>Manuela Parra organise chaque ann\u00e9e les journ\u00e9es de rencontres franco-espagnoles de Montpellier. Aujourd&rsquo;hui, elle vient nous parler de son ouvrage, Des Fronti\u00e8res et des Femmes.<\/p>\n<p>\u00ab\u00a0Fran\u00e7aisespagnole\u00a0\u00bb, voil\u00e0 comment se d\u00e9finit Manuela Parra.<\/p>\n<p>Dans son ouvrage Des fronti\u00e8res et des femmes, Manuela transcrit les r\u00e9cits d&rsquo;exils de femmes qu&rsquo;elle a rencontr\u00e9e. Ces r\u00e9cits sont ponctu\u00e9s d&rsquo;illustrations et de po\u00e8mes.<\/p>\n","protected":false},"excerpt":{"rendered":"<p>https:\/\/www.radiofrance.fr\/francebleu\/podcasts\/les-invites-du-16-19-de-france-bleu-herault\/des-frontieres-et-des-femmes-de-manuela-parra-4398720 Manuela Parra organise chaque ann\u00e9e les journ\u00e9es de rencontres franco-espagnoles de Montpellier. Aujourd&rsquo;hui, elle vient nous parler de son ouvrage, Des Fronti\u00e8res et des Femmes. \u00ab\u00a0Fran\u00e7aisespagnole\u00a0\u00bb, voil\u00e0 comment se d\u00e9finit Manuela Parra. Dans son ouvrage Des fronti\u00e8res et des femmes, Manuela transcrit les r\u00e9cits d&rsquo;exils de femmes qu&rsquo;elle a rencontr\u00e9e. Ces r\u00e9cits sont ponctu\u00e9s &hellip; <a href=\"https:\/\/retirada37.com\/?p=4133\" class=\"more-link\">Continuer la lecture de <span class=\"screen-reader-text\">Des fronti\u00e8res et des femmes, de Manuela Parra<\/span>  <span class=\"meta-nav\">&rarr;<\/span><\/a><\/p>\n","protected":false},"author":3,"featured_media":0,"comment_status":"open","ping_status":"open","sticky":false,"template":"","format":"standard","meta":{"_bbp_topic_count":0,"_bbp_reply_count":0,"_bbp_total_topic_count":0,"_bbp_total_reply_count":0,"_bbp_voice_count":0,"_bbp_anonymous_reply_count":0,"_bbp_topic_count_hidden":0,"_bbp_reply_count_hidden":0,"_bbp_forum_subforum_count":0,"footnotes":""},"categories":[2,15],"tags":[],"class_list":["post-4133","post","type-post","status-publish","format-standard","hentry","category-actualites","category-temoignages-et-recits"],"_links":{"self":[{"href":"https:\/\/retirada37.com\/index.php?rest_route=\/wp\/v2\/posts\/4133","targetHints":{"allow":["GET"]}}],"collection":[{"href":"https:\/\/retirada37.com\/index.php?rest_route=\/wp\/v2\/posts"}],"about":[{"href":"https:\/\/retirada37.com\/index.php?rest_route=\/wp\/v2\/types\/post"}],"author":[{"embeddable":true,"href":"https:\/\/retirada37.com\/index.php?rest_route=\/wp\/v2\/users\/3"}],"replies":[{"embeddable":true,"href":"https:\/\/retirada37.com\/index.php?rest_route=%2Fwp%2Fv2%2Fcomments&post=4133"}],"version-history":[{"count":3,"href":"https:\/\/retirada37.com\/index.php?rest_route=\/wp\/v2\/posts\/4133\/revisions"}],"predecessor-version":[{"id":4137,"href":"https:\/\/retirada37.com\/index.php?rest_route=\/wp\/v2\/posts\/4133\/revisions\/4137"}],"wp:attachment":[{"href":"https:\/\/retirada37.com\/index.php?rest_route=%2Fwp%2Fv2%2Fmedia&parent=4133"}],"wp:term":[{"taxonomy":"category","embeddable":true,"href":"https:\/\/retirada37.com\/index.php?rest_route=%2Fwp%2Fv2%2Fcategories&post=4133"},{"taxonomy":"post_tag","embeddable":true,"href":"https:\/\/retirada37.com\/index.php?rest_route=%2Fwp%2Fv2%2Ftags&post=4133"}],"curies":[{"name":"wp","href":"https:\/\/api.w.org\/{rel}","templated":true}]}}