{"id":4115,"date":"2024-01-25T13:59:19","date_gmt":"2024-01-25T12:59:19","guid":{"rendered":"http:\/\/retirada37.com\/?p=4115"},"modified":"2024-01-25T14:01:08","modified_gmt":"2024-01-25T13:01:08","slug":"lindre-et-loire-se-mobilise-pour-dire-non-a-la-loi-immigration","status":"publish","type":"post","link":"https:\/\/retirada37.com\/?p=4115","title":{"rendered":"L\u2019INDRE-ET-LOIRE SE MOBILISE POUR DIRE NON \u00c0 LA LOI IMMIGRATION"},"content":{"rendered":"<p>A l&rsquo; appel de plus de 50 associations, collectifs, orgas syndicales et politiques, nous avons \u00e9t\u00e9 des milliers \u00e0 manifester dans les rues de Tours, dimanche 14 janvier et dimanche 21 janvier, contre cette loi raciste et x\u00e9nophobe. Soyons encore plus nombreux.ses samedi 3 f\u00e9vrier.<\/p>\n<p>Partant d\u2019une situation dramatique avec une crise de l\u2019accueil en cours depuis des ann\u00e9es dans le pays, cette loi va aggraver les conditions d\u2019existence des \u00e9tranger\u00b7\u00e8res sur le sol fran\u00e7ais.<\/p>\n<p>Cette loi raciste et x\u00e9nophobe restreint le droit au s\u00e9jour, accentue consid\u00e9rablement la r\u00e9pression, s&rsquo;attaque au droit d&rsquo;asile, au droit du sol, aux \u00e9tranger\u00b7\u00e8res malades, aux \u00e9tudiant.es non europ\u00e9en\u00b7nes, au regroupement familial. L&rsquo;attaque contre l&rsquo;h\u00e9bergement d&rsquo;urgence, le durcissement de l&rsquo;acc\u00e8s aux prestations sociales dont les allocations familiales et les aides aux logements vont jeter des familles \u00e0 la rue ou dans les bras de marchands de sommeil, particuli\u00e8rement les femmes migrantes. Cette loi va pr\u00e9cariser davantage les travailleuses et travailleurs, les lyc\u00e9en\u00b7nes, les \u00e9tudiant\u00b7es avec ou sans papiers.<\/p>\n<p>L\u2019extr\u00eame droitisation de la politique gouvernementale s\u2019ins\u00e8re d\u00e9sormais dans la loi, gr\u00e2ce \u00e0 l\u2019alliance des macronistes, de la droite et de l\u2019extr\u00eame droite. Il s&rsquo;agit de la loi la plus r\u00e9gressive depuis 40 ans.<\/p>\n<p>Cette loi s&rsquo;attaque aux libert\u00e9s publiques, bafoue les droits fondamentaux tel que le droit d&rsquo;asile et r\u00e9instaure la double peine. La d\u00e9mocratie doit se b\u00e2tir sur des valeurs d&rsquo;\u00e9galit\u00e9 entre toutes et tous. Nous exigeons l\u2019abandon de cette loi.<\/p>\n<p>Nous avons une responsabilit\u00e9 collective \u00e0 poursuivre une action massive et populaire contre cette loi qui banalise un projet raciste et x\u00e9nophobe. Toutes les organisations appellent \u00e0 une mobilisation la plus forte possible le samedi 3 f\u00e9vrier, et jusqu\u2019\u00e0 son abandon.<\/p>\n<p>\u00c9galement contre l\u2019ouverture, le 1er f\u00e9vrier, du 25 \u00e8me Centre de R\u00e9tention Administrative dans notre r\u00e9gion, \u00e0 Orl\u00e9ans. Les CRA sont dans les faits des prisons o\u00f9 l\u2019Etat fran\u00e7ais enferme les personnes, hommes, femmes et enfants qui n\u2019ont pas les bons papiers dans le but officiel de les expulser vers leur pays d\u2019origine. Et cela sans avoir commis aucun d\u00e9lit et sans passer devant un.e juge, au m\u00e9pris de tout respect des droits et des libert\u00e9s humaines.<\/p>\n<p>Nous soutenons les personnes sans-papiers, menac\u00e9.es d&rsquo;expulsion, les \u00e9lu\u00b7es qui continueront \u00e0 verser des allocations, les m\u00e9decins qui soigneront, les enseignant\u00b7es qui prot\u00e9geront leurs \u00e9l\u00e8ves et les syndicats qui agiront.<\/p>\n<p>Signataires :<br \/>\n<strong>Associations et collectifs<\/strong> : Action F\u00e9ministes Tours, AMMI-Val d&rsquo;Amboise, ATTAC 37, Chr\u00e9tien Migrants, CIMADE37, CIP 37, Collectif Notre Sant\u00e9 en Danger 37, Collectif Pas d\u2019Enfants \u00e0 la Rue, Convergence Services Publics 37, Derni\u00e8re R\u00e9novation Tours, Emma\u00fcs 100 pour 1, Entraide et Solidarit\u00e9, Extinction R\u00e9bellion, FEUTRE, ICEM &#8211; P\u00e9dagogie Freinet 37, Le CAT, LISTE, Organisation de Solidarit\u00e9 Trans Tours, R\u00e9seau F\u00e9ministe 37, RESF 37, La <strong>Retirada 37<\/strong>, LDH 37, Le collectif des sports et loisirs pour les migrants chinonais, Les Soul\u00e8vements De La Terre Touraine, Naya, Stop Harc\u00e8lement De Rue Tours, La Table de Jeanne Marie, Tours Antifa, Utopia 56, Le Mouvement pour la Paix.<\/p>\n<p><strong>Syndicats<\/strong> : FSE, SET, SOLIDAIRES 37, Solidaires \u00e9tudiant.es, USL 37<\/p>\n<p><strong>Organisations politiques<\/strong> : CATDP, Les Ecologistes 37, GES 37, Les Jeunes Ecologistes 37, Les Jeunes Insoumis.es 37, Jeunes Socialistes Touraine, LFI 37, MJCF 37, NPA 37, Parti des Travailleurs 37, PCF 37, PCOF 37, Parti de Gauche 37, POI 37, PS 37, UCL 37<\/p>\n<p><strong>MANIFESTATION<\/p>\n<p>SAMEDI 3 F\u00c9VRIER<\/p>\n<p>15H<\/p>\n<p>PLACE DE LA LIBERT\u00c9, \u00c0 TOURS<\/strong><\/p>\n","protected":false},"excerpt":{"rendered":"<p>A l&rsquo; appel de plus de 50 associations, collectifs, orgas syndicales et politiques, nous avons \u00e9t\u00e9 des milliers \u00e0 manifester dans les rues de Tours, dimanche 14 janvier et dimanche 21 janvier, contre cette loi raciste et x\u00e9nophobe. Soyons encore plus nombreux.ses samedi 3 f\u00e9vrier. Partant d\u2019une situation dramatique avec une crise de l\u2019accueil en &hellip; <a href=\"https:\/\/retirada37.com\/?p=4115\" class=\"more-link\">Continuer la lecture de <span class=\"screen-reader-text\">L\u2019INDRE-ET-LOIRE SE MOBILISE POUR DIRE NON \u00c0 LA LOI IMMIGRATION<\/span>  <span class=\"meta-nav\">&rarr;<\/span><\/a><\/p>\n","protected":false},"author":3,"featured_media":0,"comment_status":"open","ping_status":"open","sticky":false,"template":"","format":"standard","meta":{"_bbp_topic_count":0,"_bbp_reply_count":0,"_bbp_total_topic_count":0,"_bbp_total_reply_count":0,"_bbp_voice_count":0,"_bbp_anonymous_reply_count":0,"_bbp_topic_count_hidden":0,"_bbp_reply_count_hidden":0,"_bbp_forum_subforum_count":0,"footnotes":""},"categories":[2],"tags":[],"class_list":["post-4115","post","type-post","status-publish","format-standard","hentry","category-actualites"],"_links":{"self":[{"href":"https:\/\/retirada37.com\/index.php?rest_route=\/wp\/v2\/posts\/4115","targetHints":{"allow":["GET"]}}],"collection":[{"href":"https:\/\/retirada37.com\/index.php?rest_route=\/wp\/v2\/posts"}],"about":[{"href":"https:\/\/retirada37.com\/index.php?rest_route=\/wp\/v2\/types\/post"}],"author":[{"embeddable":true,"href":"https:\/\/retirada37.com\/index.php?rest_route=\/wp\/v2\/users\/3"}],"replies":[{"embeddable":true,"href":"https:\/\/retirada37.com\/index.php?rest_route=%2Fwp%2Fv2%2Fcomments&post=4115"}],"version-history":[{"count":3,"href":"https:\/\/retirada37.com\/index.php?rest_route=\/wp\/v2\/posts\/4115\/revisions"}],"predecessor-version":[{"id":4118,"href":"https:\/\/retirada37.com\/index.php?rest_route=\/wp\/v2\/posts\/4115\/revisions\/4118"}],"wp:attachment":[{"href":"https:\/\/retirada37.com\/index.php?rest_route=%2Fwp%2Fv2%2Fmedia&parent=4115"}],"wp:term":[{"taxonomy":"category","embeddable":true,"href":"https:\/\/retirada37.com\/index.php?rest_route=%2Fwp%2Fv2%2Fcategories&post=4115"},{"taxonomy":"post_tag","embeddable":true,"href":"https:\/\/retirada37.com\/index.php?rest_route=%2Fwp%2Fv2%2Ftags&post=4115"}],"curies":[{"name":"wp","href":"https:\/\/api.w.org\/{rel}","templated":true}]}}