{"id":408,"date":"2015-10-18T14:50:17","date_gmt":"2015-10-18T13:50:17","guid":{"rendered":"http:\/\/retirada37.com\/?p=408"},"modified":"2015-10-18T14:50:17","modified_gmt":"2015-10-18T13:50:17","slug":"quappelle-t-on-la-retirada-2","status":"publish","type":"post","link":"https:\/\/retirada37.com\/?p=408","title":{"rendered":"Qu&rsquo;appelle-t-on la RETIRADA ?"},"content":{"rendered":"<p><a href=\"https:\/\/retirada37.com\/wp-content\/uploads\/2015\/10\/TRI.jpg\"><img loading=\"lazy\" decoding=\"async\" class=\"alignnone size-medium wp-image-409\" src=\"https:\/\/retirada37.com\/wp-content\/uploads\/2015\/10\/TRI-300x144.jpg\" alt=\"TRI\" width=\"300\" height=\"144\" srcset=\"https:\/\/retirada37.com\/wp-content\/uploads\/2015\/10\/TRI-300x144.jpg 300w, https:\/\/retirada37.com\/wp-content\/uploads\/2015\/10\/TRI.jpg 520w\" sizes=\"auto, (max-width: 300px) 100vw, 300px\" \/><\/a><\/p>\n<p><strong>Un peu d\u2019histoire<\/strong> : la seconde R\u00e9publique espagnole a \u00e9t\u00e9 proclam\u00e9e \u00e0 la suite des <a href=\"http:\/\/fr.wikipedia.org\/wiki\/%C3%89lections_municipales_espagnoles_de_1931\"><u>\u00e9lections municipales<\/u><\/a> d\u2019<a href=\"http:\/\/fr.wikipedia.org\/wiki\/Avril_1931\"><u>avril<\/u><\/a> <a href=\"http:\/\/fr.wikipedia.org\/wiki\/1931\"><u>1931<\/u><\/a>. Le roi <a href=\"http:\/\/fr.wikipedia.org\/wiki\/Alphonse_XIII_d%27Espagne\"><u>Alphonse XIII<\/u><\/a>\u00a0\u00a0abandonne Madrid et part en exil sans avoir abdiqu\u00e9. Ce fut la fin de la dictature monarchique espagnole (1923-1930).<\/p>\n<p>En juillet 1931, d\u00e9but de la <strong>2<sup>\u00e8me<\/sup> R\u00e9publique espagnole<\/strong>, la gauche espagnole a donc le pouvoir de transformer par voie l\u00e9gislative l\u2019ordre social et \u00e9conomique du pays, et de moderniser l\u2019Espagne.<\/p>\n<p>Malheureusement, compte tenu notamment de la complexit\u00e9 de la soci\u00e9t\u00e9 espagnole et des divergences entre les diff\u00e9rents acteurs politiques (mouvements libertaires et anarchistes d\u00e9fenseurs de la r\u00e9volution sociale, communistes mod\u00e9r\u00e9s ou staliniens, socialistes, partis r\u00e9gionalistes),\u00a0et malgr\u00e9 les nombreuses r\u00e9formes progressistes\u00a0mises en place,\u00a0les espoirs suscit\u00e9s par ce r\u00e9gime r\u00e9publicain seront partiellement d\u00e9\u00e7us.<\/p>\n<p>N\u00e9anmoins, les \u00e9lections du 16 f\u00e9vrier 1936 ont vu la victoire du Frente Popular (front populaire espagnol).<\/p>\n<p>Mais le coup d\u2019\u00e9tat de juillet 1936 men\u00e9 par le g\u00e9n\u00e9ral Franco, avec l\u2019appui d\u2019une grande partie de l\u2019arm\u00e9e, des grands propri\u00e9taires terriens et de la grande majorit\u00e9 du clerg\u00e9, plongera l\u2019Espagne dans une guerre civile au cours de laquelle Hitler et Mussolini apporteront un soutien militaire d\u00e9cisif aux franquistes. Les estimations actuelles font \u00e9tat d\u2019environ 500\u00a0000 victimes majoritairement dans le camp r\u00e9publicain.<\/p>\n<p>La France, l\u2019Angleterre et les USA resteront quasiment neutres dans ce conflit durant lequel les allemands ont pu tester leurs forces, leur strat\u00e9gie de combat et leurs mat\u00e9riels, avant de poursuivre avec le d\u00e9clenchement de la deuxi\u00e8me guerre mondiale.<\/p>\n<p>Et malgr\u00e9 l\u2019appui de l\u2019URSS et le d\u00e9ploiement extraordinaire des brigades internationales venues soutenir l\u2019arm\u00e9e de la R\u00e9publique, le camp r\u00e9publicain, dont les diff\u00e9rentes composantes ont malheureusement \u00e9t\u00e9 souvent divis\u00e9es, perdra la guerre \u00e0 laquelle Franco mettra un terme le 1<sup>er<\/sup> avril 1939, apr\u00e8s avoir provoqu\u00e9 d\u00e9but 1939 l\u2019exil de pr\u00e8s de <strong>500\u00a0000 r\u00e9publicains espagnols<\/strong> majoritairement vers la France, pour \u00e9chapper \u00e0 la f\u00e9roce r\u00e9pression des franquistes.<\/p>\n<p><strong>Cet<\/strong> <strong>exil sera par la suite appel\u00e9 \u00ab\u00a0retirada\u00a0\u00bb en espagnol et catalan.<\/strong><\/p>\n<p><a href=\"https:\/\/retirada37.com\/wp-content\/uploads\/2015\/05\/la-foule-des-refugies-au-perthus-29-janvier-1939_451624_516x332.jpg\"><img loading=\"lazy\" decoding=\"async\" class=\"alignnone size-medium wp-image-239\" src=\"https:\/\/retirada37.com\/wp-content\/uploads\/2015\/05\/la-foule-des-refugies-au-perthus-29-janvier-1939_451624_516x332-300x193.jpg\" alt=\"la-foule-des-refugies-au-perthus-29-janvier-1939_451624_516x332\" width=\"300\" height=\"193\" srcset=\"https:\/\/retirada37.com\/wp-content\/uploads\/2015\/05\/la-foule-des-refugies-au-perthus-29-janvier-1939_451624_516x332-300x193.jpg 300w, https:\/\/retirada37.com\/wp-content\/uploads\/2015\/05\/la-foule-des-refugies-au-perthus-29-janvier-1939_451624_516x332.jpg 516w\" sizes=\"auto, (max-width: 300px) 100vw, 300px\" \/><\/a> <a href=\"https:\/\/retirada37.com\/wp-content\/uploads\/2015\/03\/RETIRADA-1939.jpg\"><img loading=\"lazy\" decoding=\"async\" class=\"alignnone size-medium wp-image-236\" src=\"https:\/\/retirada37.com\/wp-content\/uploads\/2015\/03\/RETIRADA-1939-300x213.jpg\" alt=\"RETIRADA 1939\" width=\"300\" height=\"213\" srcset=\"https:\/\/retirada37.com\/wp-content\/uploads\/2015\/03\/RETIRADA-1939-300x213.jpg 300w, https:\/\/retirada37.com\/wp-content\/uploads\/2015\/03\/RETIRADA-1939.jpg 499w\" sizes=\"auto, (max-width: 300px) 100vw, 300px\" \/><\/a><\/p>\n<p>Ces r\u00e9fugi\u00e9s seront \u00ab\u00a0parqu\u00e9s\u00a0\u00bb dans des conditions d\u00e9plorables dans des camps de concentration mis en place \u00e0 la h\u00e2te notamment sur les plages du Roussillon (Argel\u00e8s-sur-Mer, Saint Cyprien, Le Barcar\u00e8s, Rivesaltes,\u2026) et dans d\u2019autres r\u00e9gions (Le Vernet d\u2019Ari\u00e8ge, Gurs, Angoul\u00eame, \u2026) avant d\u2018\u00eatre ensuite dispers\u00e9s sur tout le territoire ou envoy\u00e9s dans les camps de concentration allemands. D\u2019autres partiront vers\u00a0l\u2019Afrique du nord et certains pays d\u2019Am\u00e9rique latine, notamment le Mexique et le Br\u00e9sil.<\/p>\n<p>Beaucoup de combattants espagnols rejoindront la r\u00e9sistance fran\u00e7aise ou la l\u00e9gion puis la 2<sup>\u00e8me<\/sup> DB du G\u00e9n\u00e9ral Leclerc notamment.<\/p>\n<p>Certains seront incit\u00e9s par les \u00e9tats fran\u00e7ais et espagnol \u00e0 retourner en Espagne. Ceux qui y retourneront seront aussit\u00f4t intern\u00e9s dans les ge\u00f4les du Caudillo.<\/p>\n<p>En Espagne, Franco mettra en place une dictature et une terrible r\u00e9pression perdurera durant de nombreuses ann\u00e9es \u00e0 l\u2019encontre des combattants de la R\u00e9publique, de leurs familles, amis,\u00a0\u2026.<\/p>\n<p>Apr\u00e8s la victoire des alli\u00e9s sur les nazis, les r\u00e9publicains espagnols esp\u00e9raient qu\u2019ils chasseraient Franco pour r\u00e9tablir un r\u00e9gime d\u00e9mocratique mais la strat\u00e9gie des alli\u00e9s n\u2019\u00e9tait pas celle-ci.<\/p>\n<p>La majorit\u00e9 des r\u00e9fugi\u00e9s espagnols ont fait leur vie en France et leurs enfants se sont parfaitement int\u00e9gr\u00e9s.<\/p>\n<p><strong>Pour en savoir plus<\/strong>, on pourra se reporter aux tr\u00e8s nombreux ouvrages \u00e9crits sur la guerre d\u2019Espagne et la retirada, notamment le livre de Genevi\u00e8ve DREYFUS-ARMAND : \u00ab\u00a0L\u2019exil des r\u00e9publicains espagnols en France. De la guerre civile \u00e0 la mort de Franco\u00a0\u00bb. (Editions Albin Michel), ainsi que sur de nombreux sites internet de diverses associations.<\/p>\n<p>http:\/\/www.histoire-immigration.fr\/des-dossiers-thematiques-sur-l-histoire-de-l-immigration\/la-retirada-ou-l-exil-republicain-espagnol-d-apres-guerre<\/p>\n<p><a href=\"http:\/\/fr.wikipedia.org\/wiki\/Retirada\"><u>http:\/\/fr.wikipedia.org\/wiki\/Retirada<\/u><\/a><\/p>\n<p><a href=\"https:\/\/retirada37.com\/wp-content\/uploads\/2015\/10\/PASSAGE-FRONTIERE-39.jpg\"><img loading=\"lazy\" decoding=\"async\" class=\"size-medium wp-image-410 aligncenter\" src=\"https:\/\/retirada37.com\/wp-content\/uploads\/2015\/10\/PASSAGE-FRONTIERE-39-300x182.jpg\" alt=\"PASSAGE FRONTIERE 39\" width=\"300\" height=\"182\" srcset=\"https:\/\/retirada37.com\/wp-content\/uploads\/2015\/10\/PASSAGE-FRONTIERE-39-300x182.jpg 300w, https:\/\/retirada37.com\/wp-content\/uploads\/2015\/10\/PASSAGE-FRONTIERE-39.jpg 824w\" sizes=\"auto, (max-width: 300px) 100vw, 300px\" \/><\/a> <a href=\"https:\/\/retirada37.com\/wp-content\/uploads\/2015\/03\/RETIRADA-1939-2.jpg\"><img loading=\"lazy\" decoding=\"async\" class=\"size-medium wp-image-237 aligncenter\" src=\"https:\/\/retirada37.com\/wp-content\/uploads\/2015\/03\/RETIRADA-1939-2-300x191.jpg\" alt=\"RETIRADA 1939 2\" width=\"300\" height=\"191\" srcset=\"https:\/\/retirada37.com\/wp-content\/uploads\/2015\/03\/RETIRADA-1939-2-300x191.jpg 300w, https:\/\/retirada37.com\/wp-content\/uploads\/2015\/03\/RETIRADA-1939-2.jpg 511w\" sizes=\"auto, (max-width: 300px) 100vw, 300px\" \/><\/a><\/p>\n<p>&nbsp;<\/p>\n<p>\u2026<\/p>\n<p>&nbsp;<\/p>\n<p>&nbsp;<\/p>\n","protected":false},"excerpt":{"rendered":"<p>Un peu d\u2019histoire : la seconde R\u00e9publique espagnole a \u00e9t\u00e9 proclam\u00e9e \u00e0 la suite des \u00e9lections municipales d\u2019avril 1931. Le roi Alphonse XIII\u00a0\u00a0abandonne Madrid et part en exil sans avoir abdiqu\u00e9. Ce fut la fin de la dictature monarchique espagnole (1923-1930). En juillet 1931, d\u00e9but de la 2\u00e8me R\u00e9publique espagnole, la gauche espagnole a donc &hellip; <a href=\"https:\/\/retirada37.com\/?p=408\" class=\"more-link\">Continuer la lecture de <span class=\"screen-reader-text\">Qu&rsquo;appelle-t-on la RETIRADA ?<\/span>  <span class=\"meta-nav\">&rarr;<\/span><\/a><\/p>\n","protected":false},"author":1,"featured_media":0,"comment_status":"open","ping_status":"open","sticky":false,"template":"","format":"standard","meta":{"_bbp_topic_count":0,"_bbp_reply_count":0,"_bbp_total_topic_count":0,"_bbp_total_reply_count":0,"_bbp_voice_count":0,"_bbp_anonymous_reply_count":0,"_bbp_topic_count_hidden":0,"_bbp_reply_count_hidden":0,"_bbp_forum_subforum_count":0,"footnotes":""},"categories":[2],"tags":[],"class_list":["post-408","post","type-post","status-publish","format-standard","hentry","category-actualites"],"_links":{"self":[{"href":"https:\/\/retirada37.com\/index.php?rest_route=\/wp\/v2\/posts\/408","targetHints":{"allow":["GET"]}}],"collection":[{"href":"https:\/\/retirada37.com\/index.php?rest_route=\/wp\/v2\/posts"}],"about":[{"href":"https:\/\/retirada37.com\/index.php?rest_route=\/wp\/v2\/types\/post"}],"author":[{"embeddable":true,"href":"https:\/\/retirada37.com\/index.php?rest_route=\/wp\/v2\/users\/1"}],"replies":[{"embeddable":true,"href":"https:\/\/retirada37.com\/index.php?rest_route=%2Fwp%2Fv2%2Fcomments&post=408"}],"version-history":[{"count":8,"href":"https:\/\/retirada37.com\/index.php?rest_route=\/wp\/v2\/posts\/408\/revisions"}],"predecessor-version":[{"id":419,"href":"https:\/\/retirada37.com\/index.php?rest_route=\/wp\/v2\/posts\/408\/revisions\/419"}],"wp:attachment":[{"href":"https:\/\/retirada37.com\/index.php?rest_route=%2Fwp%2Fv2%2Fmedia&parent=408"}],"wp:term":[{"taxonomy":"category","embeddable":true,"href":"https:\/\/retirada37.com\/index.php?rest_route=%2Fwp%2Fv2%2Fcategories&post=408"},{"taxonomy":"post_tag","embeddable":true,"href":"https:\/\/retirada37.com\/index.php?rest_route=%2Fwp%2Fv2%2Ftags&post=408"}],"curies":[{"name":"wp","href":"https:\/\/api.w.org\/{rel}","templated":true}]}}