{"id":4063,"date":"2024-01-18T22:00:09","date_gmt":"2024-01-18T21:00:09","guid":{"rendered":"http:\/\/retirada37.com\/?p=4063"},"modified":"2024-01-18T22:00:18","modified_gmt":"2024-01-18T21:00:18","slug":"noublions-pas-leny-escudero-dans-le-florilege-des-chanteurs-engages-pour-la-republique-espagnole","status":"publish","type":"post","link":"https:\/\/retirada37.com\/?p=4063","title":{"rendered":"N&rsquo;oublions pas Leny Escudero dans le floril\u00e8ge des chanteurs engag\u00e9s pour la R\u00e9publique Espagnole"},"content":{"rendered":"<p>Cette chanson est bouleversante quand on imagine ce pauvre gamin pris en otage qui a tellement peur pour la vie de son p\u00e8re. Ce p\u00e8re a v\u00e9cu pour des id\u00e9es comme le titre de la chanson l&rsquo;indique, des id\u00e9es r\u00e9publicaines et qui permettront \u00e0 ce gamin de pouvoir s&rsquo;instruire. L&rsquo;instruction \u00e9tait quelque chose de primordial dans l&rsquo;esprit de ces r\u00e9publicains espagnols.<\/p>\n<p>&nbsp;<\/p>\n<p><iframe loading=\"lazy\" title=\"Leny Escudero - Vivre pour des id\u00e9es  (live 1974)\" width=\"474\" height=\"267\" src=\"https:\/\/www.youtube.com\/embed\/55_pMdjJZvI?feature=oembed\" frameborder=\"0\" allow=\"accelerometer; autoplay; clipboard-write; encrypted-media; gyroscope; picture-in-picture; web-share\" referrerpolicy=\"strict-origin-when-cross-origin\" allowfullscreen><\/iframe><\/p>\n<p>&nbsp;<\/p>\n","protected":false},"excerpt":{"rendered":"<p>Cette chanson est bouleversante quand on imagine ce pauvre gamin pris en otage qui a tellement peur pour la vie de son p\u00e8re. Ce p\u00e8re a v\u00e9cu pour des id\u00e9es comme le titre de la chanson l&rsquo;indique, des id\u00e9es r\u00e9publicaines et qui permettront \u00e0 ce gamin de pouvoir s&rsquo;instruire. L&rsquo;instruction \u00e9tait quelque chose de primordial &hellip; <a href=\"https:\/\/retirada37.com\/?p=4063\" class=\"more-link\">Continuer la lecture de <span class=\"screen-reader-text\">N&rsquo;oublions pas Leny Escudero dans le floril\u00e8ge des chanteurs engag\u00e9s pour la R\u00e9publique Espagnole<\/span>  <span class=\"meta-nav\">&rarr;<\/span><\/a><\/p>\n","protected":false},"author":9,"featured_media":0,"comment_status":"open","ping_status":"open","sticky":false,"template":"","format":"standard","meta":{"_bbp_topic_count":0,"_bbp_reply_count":0,"_bbp_total_topic_count":0,"_bbp_total_reply_count":0,"_bbp_voice_count":0,"_bbp_anonymous_reply_count":0,"_bbp_topic_count_hidden":0,"_bbp_reply_count_hidden":0,"_bbp_forum_subforum_count":0,"footnotes":""},"categories":[4],"tags":[],"class_list":["post-4063","post","type-post","status-publish","format-standard","hentry","category-videos"],"_links":{"self":[{"href":"https:\/\/retirada37.com\/index.php?rest_route=\/wp\/v2\/posts\/4063","targetHints":{"allow":["GET"]}}],"collection":[{"href":"https:\/\/retirada37.com\/index.php?rest_route=\/wp\/v2\/posts"}],"about":[{"href":"https:\/\/retirada37.com\/index.php?rest_route=\/wp\/v2\/types\/post"}],"author":[{"embeddable":true,"href":"https:\/\/retirada37.com\/index.php?rest_route=\/wp\/v2\/users\/9"}],"replies":[{"embeddable":true,"href":"https:\/\/retirada37.com\/index.php?rest_route=%2Fwp%2Fv2%2Fcomments&post=4063"}],"version-history":[{"count":3,"href":"https:\/\/retirada37.com\/index.php?rest_route=\/wp\/v2\/posts\/4063\/revisions"}],"predecessor-version":[{"id":4066,"href":"https:\/\/retirada37.com\/index.php?rest_route=\/wp\/v2\/posts\/4063\/revisions\/4066"}],"wp:attachment":[{"href":"https:\/\/retirada37.com\/index.php?rest_route=%2Fwp%2Fv2%2Fmedia&parent=4063"}],"wp:term":[{"taxonomy":"category","embeddable":true,"href":"https:\/\/retirada37.com\/index.php?rest_route=%2Fwp%2Fv2%2Fcategories&post=4063"},{"taxonomy":"post_tag","embeddable":true,"href":"https:\/\/retirada37.com\/index.php?rest_route=%2Fwp%2Fv2%2Ftags&post=4063"}],"curies":[{"name":"wp","href":"https:\/\/api.w.org\/{rel}","templated":true}]}}