{"id":3985,"date":"2023-12-11T12:06:34","date_gmt":"2023-12-11T11:06:34","guid":{"rendered":"http:\/\/retirada37.com\/?p=3985"},"modified":"2023-12-11T16:41:00","modified_gmt":"2023-12-11T15:41:00","slug":"retirada-37-une-association-tourangelle-pour-la-memoire-des-republicains-espagnols","status":"publish","type":"post","link":"https:\/\/retirada37.com\/?p=3985","title":{"rendered":"M\u00e9moire (s) des r\u00e9publicain s espagnol s exil\u00e9s en Indre et Loire"},"content":{"rendered":"<p><a href=\"https:\/\/retirada37.com\/wp-content\/uploads\/2023\/12\/Capture.jpg\"><img loading=\"lazy\" decoding=\"async\" src=\"https:\/\/retirada37.com\/wp-content\/uploads\/2023\/12\/Capture.jpg\" alt=\"\" width=\"676\" height=\"171\" class=\"alignnone size-full wp-image-3997\" srcset=\"https:\/\/retirada37.com\/wp-content\/uploads\/2023\/12\/Capture.jpg 676w, https:\/\/retirada37.com\/wp-content\/uploads\/2023\/12\/Capture-300x76.jpg 300w, https:\/\/retirada37.com\/wp-content\/uploads\/2023\/12\/Capture-672x171.jpg 672w\" sizes=\"auto, (max-width: 676px) 100vw, 676px\" \/><\/a><br \/>\n<em>Ce m\u00e9moire de recherche s&rsquo;inscrit dans le cadre de ma premi\u00e8re ann\u00e9e de master. \u00c0 travers ce travail, j&rsquo;ai eu l&rsquo;opportunit\u00e9 d&rsquo;\u00e9tudier une th\u00e9matique qui m&rsquo;int\u00e9ressait : l&rsquo;exil et la m\u00e9moire des r\u00e9publicains espagnols. L&rsquo;existence de l&rsquo;association Retirada37 m&rsquo;a permis de m&rsquo;appuyer sur un exemple local et de r\u00e9pondre \u00e0 un ensemble de questionnements. Je remercie tr\u00e8s chaleureusement les membres de l&rsquo;association qui ont su se rendre disponibles (malgr\u00e9 les contraintes temporelles) et m&rsquo;apporter leur pr\u00e9cieuse contribution. Un grand merci \u00e0 Fernanda, sans qui ce projet n&rsquo;aurait pas vu le jour. Elle m&rsquo;a introduite aupr\u00e8s des adh\u00e9rents de l&rsquo;association et m&rsquo;a apport\u00e9 un soutien ind\u00e9fectible.<\/em><\/p>\n<p><strong>Oriane Tabaret<\/strong><\/p>\n<p><strong>A consulter en cliquant ici<\/strong> : <a href=\"https:\/\/retirada37.com\/wp-content\/uploads\/2023\/12\/memoire_tabaret_oriane-1.pdf\">memoire_tabaret_oriane (1)<\/a><\/p>\n","protected":false},"excerpt":{"rendered":"<p>Ce m\u00e9moire de recherche s&rsquo;inscrit dans le cadre de ma premi\u00e8re ann\u00e9e de master. \u00c0 travers ce travail, j&rsquo;ai eu l&rsquo;opportunit\u00e9 d&rsquo;\u00e9tudier une th\u00e9matique qui m&rsquo;int\u00e9ressait : l&rsquo;exil et la m\u00e9moire des r\u00e9publicains espagnols. L&rsquo;existence de l&rsquo;association Retirada37 m&rsquo;a permis de m&rsquo;appuyer sur un exemple local et de r\u00e9pondre \u00e0 un ensemble de questionnements. Je &hellip; <a href=\"https:\/\/retirada37.com\/?p=3985\" class=\"more-link\">Continuer la lecture de <span class=\"screen-reader-text\">M\u00e9moire (s) des r\u00e9publicain s espagnol s exil\u00e9s en Indre et Loire<\/span>  <span class=\"meta-nav\">&rarr;<\/span><\/a><\/p>\n","protected":false},"author":3,"featured_media":0,"comment_status":"open","ping_status":"open","sticky":false,"template":"","format":"standard","meta":{"_bbp_topic_count":0,"_bbp_reply_count":0,"_bbp_total_topic_count":0,"_bbp_total_reply_count":0,"_bbp_voice_count":0,"_bbp_anonymous_reply_count":0,"_bbp_topic_count_hidden":0,"_bbp_reply_count_hidden":0,"_bbp_forum_subforum_count":0,"footnotes":""},"categories":[14],"tags":[],"class_list":["post-3985","post","type-post","status-publish","format-standard","hentry","category-histoire"],"_links":{"self":[{"href":"https:\/\/retirada37.com\/index.php?rest_route=\/wp\/v2\/posts\/3985","targetHints":{"allow":["GET"]}}],"collection":[{"href":"https:\/\/retirada37.com\/index.php?rest_route=\/wp\/v2\/posts"}],"about":[{"href":"https:\/\/retirada37.com\/index.php?rest_route=\/wp\/v2\/types\/post"}],"author":[{"embeddable":true,"href":"https:\/\/retirada37.com\/index.php?rest_route=\/wp\/v2\/users\/3"}],"replies":[{"embeddable":true,"href":"https:\/\/retirada37.com\/index.php?rest_route=%2Fwp%2Fv2%2Fcomments&post=3985"}],"version-history":[{"count":11,"href":"https:\/\/retirada37.com\/index.php?rest_route=\/wp\/v2\/posts\/3985\/revisions"}],"predecessor-version":[{"id":3998,"href":"https:\/\/retirada37.com\/index.php?rest_route=\/wp\/v2\/posts\/3985\/revisions\/3998"}],"wp:attachment":[{"href":"https:\/\/retirada37.com\/index.php?rest_route=%2Fwp%2Fv2%2Fmedia&parent=3985"}],"wp:term":[{"taxonomy":"category","embeddable":true,"href":"https:\/\/retirada37.com\/index.php?rest_route=%2Fwp%2Fv2%2Fcategories&post=3985"},{"taxonomy":"post_tag","embeddable":true,"href":"https:\/\/retirada37.com\/index.php?rest_route=%2Fwp%2Fv2%2Ftags&post=3985"}],"curies":[{"name":"wp","href":"https:\/\/api.w.org\/{rel}","templated":true}]}}