{"id":3978,"date":"2023-11-24T12:22:26","date_gmt":"2023-11-24T11:22:26","guid":{"rendered":"http:\/\/retirada37.com\/?p=3978"},"modified":"2023-12-04T15:24:47","modified_gmt":"2023-12-04T14:24:47","slug":"2-decembre-16h-rencontre-avec-raynal-pellicer-et-titwane-autour-du-recit-illustre-photographes-de-guerre","status":"publish","type":"post","link":"https:\/\/retirada37.com\/?p=3978","title":{"rendered":"2 d\u00e9cembre 2023, 16h : Rencontre avec Raynal Pellicer et Titwane autour du r\u00e9cit illustr\u00e9. Photographes de Guerre."},"content":{"rendered":"<p><a href=\"https:\/\/retirada37.com\/wp-content\/uploads\/2023\/11\/retirada.jpg\"><img loading=\"lazy\" decoding=\"async\" src=\"https:\/\/retirada37.com\/wp-content\/uploads\/2023\/11\/retirada.jpg\" alt=\"\" width=\"644\" height=\"345\" class=\"alignnone size-full wp-image-3983\" srcset=\"https:\/\/retirada37.com\/wp-content\/uploads\/2023\/11\/retirada.jpg 644w, https:\/\/retirada37.com\/wp-content\/uploads\/2023\/11\/retirada-300x161.jpg 300w\" sizes=\"auto, (max-width: 644px) 100vw, 644px\" \/><\/a><br \/>\n<strong>L\u2019association Retirada 37 et la librairie L\u2019Oiseau-Vigie organisent samedi 2 d\u00e9cembre \u00e0 16h \u00e0 la salle de la M\u00e9daille une rencontre autour de l\u2019histoire de la photographie et de la guerre d\u2019Espagne.<\/strong><\/p>\n<p><a href=\"https:\/\/retirada37.com\/wp-content\/uploads\/2023\/11\/ret.jpg\"><img loading=\"lazy\" decoding=\"async\" src=\"https:\/\/retirada37.com\/wp-content\/uploads\/2023\/11\/ret.jpg\" alt=\"\" width=\"495\" height=\"734\" class=\"alignnone size-full wp-image-3979\" srcset=\"https:\/\/retirada37.com\/wp-content\/uploads\/2023\/11\/ret.jpg 495w, https:\/\/retirada37.com\/wp-content\/uploads\/2023\/11\/ret-202x300.jpg 202w\" sizes=\"auto, (max-width: 495px) 100vw, 495px\" \/><\/a><\/p>\n<p>Raynal Pellicer et Titwane se sont en effet plong\u00e9s dans l\u2019histoire de deux jeunes photographes Allemands, oppos\u00e9s \u00e0 Hitler, venus \u00e0 Barcelone \u00e0 l\u2019\u00e9t\u00e9 1936 pour couvrir les Olympiades populaires et qui vont t\u00e9moigner de cette p\u00e9riode de retournement pour la R\u00e9publique Espagnole.<\/p>\n<p>R\u00e9alisateur de documentaires, films et courts-m\u00e9trages, Raynal Pellicer est aussi passionn\u00e9 de photographie. La Guerre d\u2019Espagne \u00e9tant marqu\u00e9e par une couverture photographique nouvelle du fait de l\u2019apparition des appareils portables, son int\u00e9r\u00eat pour l\u2019histoire de Hans Namuth et Georg Reisner est une \u00e9vidence.<\/p>\n<p>Il a par ailleurs d\u00e9j\u00e0 travaill\u00e9 avec le corpop\u00e9trussien Titwane sur d\u2019autres ouvrages consacr\u00e9s \u00e0 la police et \u00e0 l\u2019arm\u00e9e.<\/p>\n<p>La rencontre se tiendra \u00e0 la salle de la M\u00e9daille, 7 avenue de la R\u00e9publique \u00e0 16h. Elle sera suivie d\u2019une s\u00e9ance de d\u00e9dicaces. La rencontre est gratuite, on n\u2019est pas oblig\u00e9 d\u2019acheter le livre. Merci \u00e0 la mairie de Saint-Pierre-des-Corps qui met la salle \u00e0 disposition.<\/p>\n<p>Renseignements \u00e0 la Librairie L\u2019Oiseau-Vigie au 02 47 41 28 36 ou bonjour@librairieloiseauvigie.com.<\/p>\n<p>Raynal Pellicer et Titwane, Photographes de guerre, Albin Michel, Octobre 2023, 22,90\u20ac<\/p>\n<p>Autres ouvrages des m\u00eames auteurs :<\/p>\n<p>Le Charles de Gaulle, immersion \u00e0 bord du porte-avions nucl\u00e9aire, Editions de la<br \/>\nMartini\u00e8re, 2020<\/p>\n<p>Brigade des mineurs, immersion au c\u0153ur de la brigade de protection des mineurs, Editions de la Martini\u00e8re, 2017<\/p>\n<p>Brigade Criminelle, immersion au c\u0153ur du 36, quai des orf\u00e8vres, Editions de la Martini\u00e8re,2015<\/p>\n<p>Enqu\u00eates G\u00e9n\u00e9rales, immersion au c\u0153ur de la Brigade de R\u00e9pression du Banditisme,<br \/>\nEditions de la Martini\u00e8re, 2013<\/p>\n","protected":false},"excerpt":{"rendered":"<p>L\u2019association Retirada 37 et la librairie L\u2019Oiseau-Vigie organisent samedi 2 d\u00e9cembre \u00e0 16h \u00e0 la salle de la M\u00e9daille une rencontre autour de l\u2019histoire de la photographie et de la guerre d\u2019Espagne. Raynal Pellicer et Titwane se sont en effet plong\u00e9s dans l\u2019histoire de deux jeunes photographes Allemands, oppos\u00e9s \u00e0 Hitler, venus \u00e0 Barcelone \u00e0 &hellip; <a href=\"https:\/\/retirada37.com\/?p=3978\" class=\"more-link\">Continuer la lecture de <span class=\"screen-reader-text\">2 d\u00e9cembre 2023, 16h : Rencontre avec Raynal Pellicer et Titwane autour du r\u00e9cit illustr\u00e9. Photographes de Guerre.<\/span>  <span class=\"meta-nav\">&rarr;<\/span><\/a><\/p>\n","protected":false},"author":3,"featured_media":0,"comment_status":"open","ping_status":"open","sticky":false,"template":"","format":"standard","meta":{"_bbp_topic_count":0,"_bbp_reply_count":0,"_bbp_total_topic_count":0,"_bbp_total_reply_count":0,"_bbp_voice_count":0,"_bbp_anonymous_reply_count":0,"_bbp_topic_count_hidden":0,"_bbp_reply_count_hidden":0,"_bbp_forum_subforum_count":0,"footnotes":""},"categories":[2,20],"tags":[],"class_list":["post-3978","post","type-post","status-publish","format-standard","hentry","category-actualites","category-culture"],"_links":{"self":[{"href":"https:\/\/retirada37.com\/index.php?rest_route=\/wp\/v2\/posts\/3978","targetHints":{"allow":["GET"]}}],"collection":[{"href":"https:\/\/retirada37.com\/index.php?rest_route=\/wp\/v2\/posts"}],"about":[{"href":"https:\/\/retirada37.com\/index.php?rest_route=\/wp\/v2\/types\/post"}],"author":[{"embeddable":true,"href":"https:\/\/retirada37.com\/index.php?rest_route=\/wp\/v2\/users\/3"}],"replies":[{"embeddable":true,"href":"https:\/\/retirada37.com\/index.php?rest_route=%2Fwp%2Fv2%2Fcomments&post=3978"}],"version-history":[{"count":3,"href":"https:\/\/retirada37.com\/index.php?rest_route=\/wp\/v2\/posts\/3978\/revisions"}],"predecessor-version":[{"id":3984,"href":"https:\/\/retirada37.com\/index.php?rest_route=\/wp\/v2\/posts\/3978\/revisions\/3984"}],"wp:attachment":[{"href":"https:\/\/retirada37.com\/index.php?rest_route=%2Fwp%2Fv2%2Fmedia&parent=3978"}],"wp:term":[{"taxonomy":"category","embeddable":true,"href":"https:\/\/retirada37.com\/index.php?rest_route=%2Fwp%2Fv2%2Fcategories&post=3978"},{"taxonomy":"post_tag","embeddable":true,"href":"https:\/\/retirada37.com\/index.php?rest_route=%2Fwp%2Fv2%2Ftags&post=3978"}],"curies":[{"name":"wp","href":"https:\/\/api.w.org\/{rel}","templated":true}]}}