{"id":3974,"date":"2023-11-08T15:05:37","date_gmt":"2023-11-08T14:05:37","guid":{"rendered":"http:\/\/retirada37.com\/?p=3974"},"modified":"2023-11-08T15:02:02","modified_gmt":"2023-11-08T14:02:02","slug":"culture-engagement-et-resistance-poesie-et-litterature-cinema-art-et-art-dans-les-camps","status":"publish","type":"post","link":"https:\/\/retirada37.com\/?p=3974","title":{"rendered":"Culture engagement et r\u00e9sistance : Po\u00e9sie et litt\u00e9rature, Cin\u00e9ma, Art et art dans les camps"},"content":{"rendered":"<p><a href=\"https:\/\/retirada37.com\/wp-content\/uploads\/2023\/11\/p.jpg\"><img loading=\"lazy\" decoding=\"async\" src=\"https:\/\/retirada37.com\/wp-content\/uploads\/2023\/11\/p.jpg\" alt=\"\" width=\"549\" height=\"787\" class=\"alignnone size-full wp-image-3975\" srcset=\"https:\/\/retirada37.com\/wp-content\/uploads\/2023\/11\/p.jpg 549w, https:\/\/retirada37.com\/wp-content\/uploads\/2023\/11\/p-209x300.jpg 209w\" sizes=\"auto, (max-width: 549px) 100vw, 549px\" \/><\/a><\/p>\n<p>Du 28 novembre au 2 d\u00e9cembre 2023 \u00e0 Montpellier<\/p>\n<p><strong>Le programme complet ici<\/strong> : <a href=\"https:\/\/retirada37.com\/wp-content\/uploads\/2023\/11\/4emes-rencontres-franco-espagnoles-Brochure.pdf\">&#8211; 4emes rencontres franco-espagnoles &#8211; Brochure<\/a><\/p>\n","protected":false},"excerpt":{"rendered":"<p>Du 28 novembre au 2 d\u00e9cembre 2023 \u00e0 Montpellier Le programme complet ici : &#8211; 4emes rencontres franco-espagnoles &#8211; Brochure<\/p>\n","protected":false},"author":3,"featured_media":0,"comment_status":"open","ping_status":"open","sticky":false,"template":"","format":"standard","meta":{"_bbp_topic_count":0,"_bbp_reply_count":0,"_bbp_total_topic_count":0,"_bbp_total_reply_count":0,"_bbp_voice_count":0,"_bbp_anonymous_reply_count":0,"_bbp_topic_count_hidden":0,"_bbp_reply_count_hidden":0,"_bbp_forum_subforum_count":0,"footnotes":""},"categories":[2,20,14],"tags":[],"class_list":["post-3974","post","type-post","status-publish","format-standard","hentry","category-actualites","category-culture","category-histoire"],"_links":{"self":[{"href":"https:\/\/retirada37.com\/index.php?rest_route=\/wp\/v2\/posts\/3974","targetHints":{"allow":["GET"]}}],"collection":[{"href":"https:\/\/retirada37.com\/index.php?rest_route=\/wp\/v2\/posts"}],"about":[{"href":"https:\/\/retirada37.com\/index.php?rest_route=\/wp\/v2\/types\/post"}],"author":[{"embeddable":true,"href":"https:\/\/retirada37.com\/index.php?rest_route=\/wp\/v2\/users\/3"}],"replies":[{"embeddable":true,"href":"https:\/\/retirada37.com\/index.php?rest_route=%2Fwp%2Fv2%2Fcomments&post=3974"}],"version-history":[{"count":1,"href":"https:\/\/retirada37.com\/index.php?rest_route=\/wp\/v2\/posts\/3974\/revisions"}],"predecessor-version":[{"id":3977,"href":"https:\/\/retirada37.com\/index.php?rest_route=\/wp\/v2\/posts\/3974\/revisions\/3977"}],"wp:attachment":[{"href":"https:\/\/retirada37.com\/index.php?rest_route=%2Fwp%2Fv2%2Fmedia&parent=3974"}],"wp:term":[{"taxonomy":"category","embeddable":true,"href":"https:\/\/retirada37.com\/index.php?rest_route=%2Fwp%2Fv2%2Fcategories&post=3974"},{"taxonomy":"post_tag","embeddable":true,"href":"https:\/\/retirada37.com\/index.php?rest_route=%2Fwp%2Fv2%2Ftags&post=3974"}],"curies":[{"name":"wp","href":"https:\/\/api.w.org\/{rel}","templated":true}]}}