{"id":3970,"date":"2023-11-06T10:24:50","date_gmt":"2023-11-06T09:24:50","guid":{"rendered":"http:\/\/retirada37.com\/?p=3970"},"modified":"2023-11-06T10:24:50","modified_gmt":"2023-11-06T09:24:50","slug":"les-archives-de-la-brigade-lincoln-la-civilisation-doit-etre-sauvee-de-la-destruction-dun-groupe-de-degeneres","status":"publish","type":"post","link":"https:\/\/retirada37.com\/?p=3970","title":{"rendered":"Les archives de la   Brigade Lincoln  : \u00ab La civilisation doit \u00eatre sauv\u00e9e de la destruction d\u2019un groupe de d\u00e9g\u00e9n\u00e9r\u00e9s \u00bb"},"content":{"rendered":"<p>En 1979, un groupe de membres des brigades internationales  am\u00e9ricaines de la guerre civile espagnole a lanc\u00e9 ses archives historiques. Aujourd&rsquo;hui, il contient plus de 300 collections utilis\u00e9es pour l\u2019enseignement aux \u00c9tats-Unis.<\/p>\n<p>Par Leire Ariz Sarasketa<br \/>\nPublico<br \/>\n4\/11\/2023<br \/>\ntraduit par Luis<\/p>\n<p>\u00ab Ch\u00e8re m\u00e8re et cher p\u00e8re :<br \/>\nJe pense qu&rsquo;au moment o\u00f9 vous recevrez cette lettre, je serai mort depuis plusieurs semaines. \u00c9videmment, la guerre entretient la confusion et j&rsquo;ai vu suffisamment de morts attest\u00e9es pour savoir qu&rsquo;il faut \u00eatre quelque peu prudent, mais si vous recevez cette lettre accompagn\u00e9e d&rsquo;une annonce officielle, consid\u00e9rez-la comme d\u00e9finitive.\u00a0\u00bb<\/p>\n<p>Avec cette force teint\u00e9e d\u2019ironie qui impr\u00e8gne le reste de sa lettre, commence l&rsquo;annonce du d\u00e9c\u00e8s \u00e9crite de la main de cet habitant de l\u2019Ohio Sam Levinger, combattant international de la Brigade Abraham Lincoln pendant la guerre civile espagnole, bless\u00e9 \u00e0 Belchite et tu\u00e9 \u00e0 La Puebla del Hijar par manque d&rsquo;assistance m\u00e9dicale. Il avait 22 ans.<br \/>\nCette lettre fait partie de la collection de documents, plus de 10 000 photographies et divers souvenirs des 2 800 membres de la brigade am\u00e9ricaine stock\u00e9s \u00e0 la biblioth\u00e8que Tamiment de l&rsquo;universit\u00e9 de New York (NYU) depuis 2000.<br \/>\nLa collection a \u00e9t\u00e9 initialement mise en oeuvre \u00e0 Boston par le biblioth\u00e9caire de l&rsquo;Universit\u00e9 Brandeis, Victor Berch, qui, en 1979, a dirig\u00e9 et accompagn\u00e9 l&rsquo;initiative des anciens combattants de la Brigade Abraham Lincoln (VALB) pour cr\u00e9er la Fondation des Archives de la Brigade Abraham Lincoln (ALBA). \u00c0 ce jour, bien que l&rsquo;association n&rsquo;ait aucun lien juridique,  elle entretient une relation en symbiose avec les archives de l\u2019Universit\u00e9 de New York (NYU)pour la collecte de nouveaux documents et de promotion de ceux existants.<\/p>\n<p>Selon Sebastiaan Faber, \u00e9crivain, professeur hispaniste et pr\u00e9sident du conseil d&rsquo;administration de l&rsquo;ALBA depuis 2018, l&rsquo;histoire de la collection \u00ab est fondamentalement une reconnaissance de l&rsquo;importance de la guerre civile espagnole pour la gauche mondiale. Personne ne conteste l\u2019importance de cet \u00e9pisode, dont la port\u00e9e d\u00e9passe largement les limites de l\u2019Espagne.\u00bb<br \/>\nParmi les premiers \u00e0 prendre conscience de la n\u00e9cessit\u00e9 de cr\u00e9er des archives historiques de la guerre, avant les membres de l&rsquo;ALBA eux-m\u00eames on trouve les anarchistes et anarcho-syndicalistes de la Conf\u00e9d\u00e9ration nationale du travail et de la F\u00e9d\u00e9ration anarchiste ib\u00e9rique, mieux connus sous le nom de CNT, qui, juste avant la fin de la guerre, en janvier 1939, r\u00e9ussirent \u00e0 stocker leurs archives dans 43 caisses en bois, dites \u00ab les caisses d&rsquo;Amsterdam\u00bb, et \u00e0 les envoyer \u00e0 l&rsquo;Institut international d&rsquo;histoire sociale d&rsquo;Amsterdam.<br \/>\nEn r\u00e9alit\u00e9, elles n\u2019arriveront \u00e0 leur destination finale qu\u2019en 1946. Car elles devaient d&rsquo;abord passer par Paris et la succursale que l&rsquo;institut n\u00e9erlandais avait cr\u00e9\u00e9e \u00e0 Oxford, avec suffisamment de prudence pour \u00e9viter le pillage nazi en cas d&rsquo;occupation allemande des Pays-Bas, comme ce fut le cas.<\/p>\n<p>Au m\u00eame moment, mais de l\u2019autre c\u00f4t\u00e9 de l\u2019Atlantique, le biblioth\u00e9caire Herbert Southworth, mentor d\u2019hispanistes comme Paul Preston et \u00c1ngel Vi\u00f1as, \u00ab fut saisi par une furieuse obsession de collectionner des documents, des brochures pamphl\u00e9taires, des livres, des articles, notamment du mat\u00e9riel bibliographique. \u00bb, selon les mots de Faber, et a fini par cr\u00e9er la plus grande biblioth\u00e8que priv\u00e9e du monde sur la guerre civile. Au d\u00e9but des ann\u00e9es 1970, il vend ses archives \u00e0 l\u2019Universit\u00e9 de Californie \u00e0 San Diego.<\/p>\n<p>Apr\u00e8s la mort de Southworth en 1999, la chronique n\u00e9crologique du Guardian le d\u00e9finissait comme \u00ab le fl\u00e9au intellectuel pour la dictature franquiste en Espagne \u00bb, rappelant que son livre  The Myth Of Franco\u2019s Crusade avait amen\u00e9 le ministre de l&rsquo;Information de l&rsquo;\u00e9poque, Manuel Fraga, \u00e0 cr\u00e9er une section d\u00e9di\u00e9e \u00e0 moderniser l\u2019historiographie du r\u00e9gime.<\/p>\n<p>C&rsquo;est dans ce contexte que les v\u00e9t\u00e9rans de la Brigade Lincoln ont commenc\u00e9 \u00e0 parler de ce qu&rsquo;ils devaient faire de leurs propres archives, alors qu&rsquo;en Espagne, toute la documentation saisie pendant la guerre \u00e9tait conserv\u00e9e dans les services documentaires de la dictature, h\u00e9berg\u00e9s \u00e0 Salamanque.<br \/>\n\u00ab Ces archives sont \u00e9galement pionni\u00e8res \u00bb, rappelle Faber, \u00ab mais elles sont n\u00e9es comme faisant partie de l&rsquo;effort de Franco pour la cause g\u00e9n\u00e9rale. Il s\u2019agit en fait d\u2019un cadre judiciaire p\u00e9nal qui sert \u00e0 cibler la soi-disant barbarie rouge.\u00bb En 2007, les Archives g\u00e9n\u00e9rales de la guerre civile espagnole ont \u00e9t\u00e9 int\u00e9gr\u00e9es au Centre documentaire de la m\u00e9moire historique, dont le si\u00e8ge est \u00e0 Salamanque.<\/p>\n<p>Faber estime que les archives am\u00e9ricaines s&rsquo;expliquent par le dynamisme organisationnel des v\u00e9t\u00e9rans de la Brigade Lincoln, mais aussi parce que \u00ab compte tenu de l&rsquo;\u00e9norme infrastructure acad\u00e9mique et de la richesse \u00e9conomique des universit\u00e9s nord-am\u00e9ricaines, il est beaucoup plus facile de financer et de mettre en place des projets comme celui-ci.\u00a0\u00bb<\/p>\n<p>Aujourd&rsquo;hui, les archives de l&rsquo;ALBA comptent plus de 300 collections individuelles comme celle de Sam Levinger, dont celles des 60 femmes qui ont rejoint la guerre depuis les \u00c9tats-Unis. Parmi elles, l&rsquo;infirmi\u00e8re afro-am\u00e9ricaine Salaria Kea, qui a quitt\u00e9 Harlem pour prodiguer des soins  \u00e0 Portbou et est d\u00e9c\u00e9d\u00e9e dans l&rsquo;Ohio en 1991.<br \/>\nAvec une histoire similaire \u00e0 celle de Kea, le Jama\u00efcain Canute Frankson a \u00e9crit une lettre \u00e0 un ami le 6 juillet 1937, expliquant les raisons pour lesquelles il a rejoint la guerre : \u00ab Je suis s\u00fbr que tu attends toujours une explication d\u00e9taill\u00e9e sur ce qu\u2019a \u00e0 voir ce combat international avec moi. Il s\u2019agit d\u2019une guerre entre  Blancs qui nous ont asservis depuis des si\u00e8cles. [\u2026] Mais nous ne sommes plus un groupe minoritaire isol\u00e9 luttant d\u00e9sesp\u00e9r\u00e9ment contre un immense g\u00e9ant, parce que, cher ami, nous nous sommes unis et faisons partie d&rsquo;une force progressiste, sur les \u00e9paules de laquelle repose la responsabilit\u00e9 de sauver la civilisation humaine de la destruction planifi\u00e9e d&rsquo;un petit groupe de d\u00e9g\u00e9n\u00e9r\u00e9s qui sont  devenus fous dans leur d\u00e9sir de pouvoir.\u00a0\u00bb<\/p>\n<p>James Lardner, correspondant \u00e0 Paris du New York Herald Tribune depuis 1938, a \u00e9crit \u00e0 sa m\u00e8re une liste d\u00e9taill\u00e9e des raisons pour lesquelles il s&rsquo;est enr\u00f4l\u00e9 dans les Brigades internationales, dont la premi\u00e8re \u00e9tait : \u00ab\u00a0Parce que je crois que le fascisme est mauvais et doit \u00eatre extermin\u00e9, et que la d\u00e9mocratie lib\u00e9rale, ou plus probablement le communisme est la bonne voie.\u00a0\u00bb<br \/>\nA cela il en ajoutait d&rsquo;autres aussi diverses comme : \u00ab\u00a0Parce que dans ma recherche ambitieuse de connaissances dans tous les domaines, je ne peux pas me permettre, dans ce cas,  de laisser la guerre de c\u00f4t\u00e9 \u00bb, \u00ab parce qu&rsquo;il y a une fille \u00e0 Paris qui devra apprendre que ma pr\u00e9sence n\u2019est pas n\u00e9cessaire \u00e0 son existence \u00bb, ou \u00ab parce que j\u2019ai besoin de quelque chose d\u2019impressionnant chez moi pour compenser ma malheureuse timidit\u00e9 dans les relations sociales \u00bb.<br \/>\n\u00ab J&rsquo;ai \u00e9galement examin\u00e9 les quelques raisons pour lesquelles je ne devrais pas rejoindre l&rsquo;arm\u00e9e, conclut-il. Je suis d\u00e9sol\u00e9 pour toi mais elles n&rsquo;ont pas suffi \u00e0 me dissuader.\u00a0\u00bb Le 23 septembre 1938, ce qui \u00e9tait cens\u00e9 \u00eatre le dernier jour de combat des Brigades internationales, Lardner ne revint pas \u00e0 la base apr\u00e8s avoir patrouill\u00e9 avec deux compagnons. Son corps n&rsquo;a jamais \u00e9t\u00e9 retrouv\u00e9. Selon le journaliste Vincent Sheean, qui \u00e9tait son compagnon, \u00ab Lardner fut le dernier Am\u00e9ricain \u00e0 s&rsquo;enr\u00f4ler et le dernier \u00e0 \u00eatre tu\u00e9 \u00bb.<\/p>\n<p>\u00ab Ce qui motive les volontaires est tr\u00e8s diff\u00e9rent selon les personnes \u00bb, explique Faber. \u00ab Certains n\u2019ont que 20 ans, ils sont c\u00e9libataires et c\u2019est en partie une aventure. D\u2019autres ont 35 ans, ont d\u00e9j\u00e0 une exp\u00e9rience de la guerre et partent parce qu\u2019ils croient pouvoir aider \u00e0 quelque chose de concret \u00bb, explique-t-il.<br \/>\n\u00ab Il y a des gens du monde syndical. Il y a beaucoup de Juifs, enfants de migrants ou migrants eux-m\u00eames, qui reviennent essentiellement en Europe pour lutter contre le fascisme, ils savent que celui-ci harc\u00e8le leurs proches l\u00e0-bas, en Allemagne, en Autriche&#8230; Il y a des Afro-Am\u00e9ricains qui voient clairement les raisons de lutter contre le m\u00eame fascisme qui les harc\u00e8le depuis des ann\u00e9es et des si\u00e8cles aux \u00c9tats-Unis. Et je pense que cette conscience de l\u2019importance de l\u2019exp\u00e9rience espagnole les rend tr\u00e8s ouverts pour partager leurs documents \u00e0 travers des archives publiques \u00bb, explique-t-il.<\/p>\n<p>Et \u00e0 propos des efforts d\u00e9ploy\u00e9s pour pr\u00e9server leur exp\u00e9rience, il ajoute : \u00ab Beaucoup de ces v\u00e9t\u00e9rans ont senti que leur exp\u00e9rience en Espagne constituait une sorte de moment d\u2019exception dans leur propre vie. Ils ont appris des choses qui ont chang\u00e9 le cours de leur vie, qu\u2019ils ne pourront jamais surpasser en termes d\u2019intensit\u00e9 ou de pertinence. Ils ont fini par vivre une vie parfois d\u00e9di\u00e9e \u00e0 la m\u00e9moire, ou du moins \u00e0 la tentative de rendre hommage \u00e0 leur propre exp\u00e9rience en Espagne.<br \/>\nAujourd\u2019hui, l\u2019ALBA produit \u00e9galement du mat\u00e9riel p\u00e9dagogique pour les enseignants aux \u00c9tats-Unis et, selon Faber, \u00ab d\u2019une part, l\u2019int\u00e9r\u00eat grandit \u00bb \u2013 comme l\u2019illustre l\u2019annonce d\u2019une mini-s\u00e9rie t\u00e9l\u00e9vis\u00e9e du c\u00e9l\u00e8bre David Simon sur la Brigade \u2013 \u00ab et d\u2019autre part, il existe d\u2019autres courants qui s\u2019opposent \u00e0 l\u2019existence de ces espaces et, notamment dans le domaine de l\u2019\u00e9ducation, les gouvernements des \u00c9tats tentent de limiter et de censurer ou du moins de fa\u00e7onner ce qui est enseign\u00e9.\u00a0\u00bb<\/p>\n<p>\u00ab\u00a0Maintenant qu&rsquo;ils sont tous morts, nous nous engageons \u00e0 maintenir leur m\u00e9moire vivante, avec l&rsquo;id\u00e9e tr\u00e8s claire que ce qui nous incombe est d&rsquo;expliquer et de d\u00e9montrer aujourd&rsquo;hui la pertinence des id\u00e9es qui les ont anim\u00e9s \u00ab\u00a0, conclut Faber. \u00ab La solidarit\u00e9 internationale, une pr\u00e9occupation tr\u00e8s sp\u00e9cifique pour l&rsquo;Espagne et son d\u00e9veloppement d\u00e9mocratique, la justice sociale aux \u00c9tats-Unis, le mouvement ouvrier aux \u00c9tats-Unis&#8230; Tout cet ensemble de questions qui \u00e9taient au centre de leurs inqui\u00e9tudes et que nous pensons toujours importantes ou, qui peut-\u00eatre, sont encore plus importantes \u00e0 un moment o\u00f9 dans  le monde et les \u00c9tats-Unis nous sommes confront\u00e9s \u00e0 de tr\u00e8s grands d\u00e9fis.<\/p>\n<p>tir\u00e9 de l&rsquo;article de Publico du 4 novembre 2023\u200b<\/p>\n<p>El archivo de la brigada Lincoln: \u201cHay que salvar la civilizaci\u00f3n de la destrucci\u00f3n de un grupo de degenerados\u201d<br \/>\nEn 1979, un grupo de brigadistas estadounidenses de la guerra civil espa\u00f1ola pusieron en marcha su archivo hist\u00f3rico. Hoy, contiene m\u00e1s de 300 colecciones, utilizadas para dar clase en EEUU.\u00a0<br \/>\n04.11.2023\u00a0\u00a0<br \/>\nPor\u00a0Leire Ariz Sarasketa<br \/>\nPublico<\/p>\n<p>\u201cQueridos madre y padre:<br \/>\nSupongo que cuando recib\u00e1is esta carta, llevar\u00e9 muerto varias semanas. Evidentemente, la guerra es una cosa confusa y he visto suficientes muertos certificados caminando por ah\u00ed para saber que hay que ser algo esc\u00e9ptico, pero si recib\u00eds esta carta junto con un anuncio oficial, dadlo por definitivo\u201d.<br \/>\nCon esa contundencia ir\u00f3nica que impregna el resto de su carta, empieza el\u00a0anuncio de muerte\u00a0escrito de pu\u00f1o y letra por el ohioano Sam Levinger, combatiente internacional de la Brigada Abraham Lincoln durante la guerra civil espa\u00f1ola, herido en Belchite y muerto en La Puebla de Hijar por falta de asistencia m\u00e9dica. Ten\u00eda 22 a\u00f1os.<br \/>\nSu carta forma parte de la\u00a0colecci\u00f3n de documentos, m\u00e1s de 10.000 fotograf\u00edas y diversa memorabilia de los 2.800 brigadistas estadounidenses alojada en la biblioteca Tamiment de la Universidad de Nueva York (NYU) desde el a\u00f1o 2000.<br \/>\nLa colecci\u00f3n fue originalmente puesta en marcha en Boston por el bibliotecario de la Universidad de Brandeis Victor Berch que, en 1979, lider\u00f3 y organiz\u00f3 la iniciativa de los Veteranos de la Brigada Abraham Lincoln (VALB) para crear la fundaci\u00f3n\u00a0Abraham Lincoln Brigade Archives\u00a0(ALBA). A d\u00eda de hoy, si bien la asociaci\u00f3n no tiene ning\u00fan v\u00ednculo legal con el archivo de NYU, mantiene una relaci\u00f3n simbi\u00f3tica de recopilaci\u00f3n de nuevos materiales y promoci\u00f3n de los ya existentes.<br \/>\nSeg\u00fan Sebastiaan Faber, escritor, profesor hispanista y presidente de la junta de ALBA desde 2018, la historia de la colecci\u00f3n \u201ces b\u00e1sicamente un reconocimiento de la importancia para la izquierda mundial de la guerra civil espa\u00f1ola. No hay nadie que dispute la importancia del episodio, cuya\u00a0trascendencia\u00a0va mucho m\u00e1s all\u00e1 de Espa\u00f1a\u201d.<br \/>\nAlgunos de los primeros en darse cuenta de la necesidad de generar un archivo hist\u00f3rico de la guerra, antes que los propios miembros de ALBA, fueron los anarquistas y anarcosindicalistas de la Confederaci\u00f3n Nacional del Trabajo y la Federaci\u00f3n Anarquista Ib\u00e9rica, m\u00e1s conocidas como la CNT-FAI que, justo antes del fin de la guerra, en enero de 1939, consiguieron\u00a0almacenar sus archivos en 43 cajas de madera, conocidas como \u201clas cajas de \u00c1msterdam\u201d, y enviarlos al Instituto Internacional de Historia Social de \u00c1msterdam.\u00a0<br \/>\nEn realidad, llegar\u00edan a su destino final en 1946. Porque antes tuvieron que pasar por Par\u00eds y por la sucursal que el instituto holand\u00e9s hab\u00eda creado en Oxford, con la previsi\u00f3n suficiente para\u00a0evitar un saqueo nazi\u00a0en caso de ocupaci\u00f3n alemana de los Pa\u00edses Bajos, como as\u00ed ocurri\u00f3.<\/p>\n<p>Al mismo tiempo, pero al otro lado del Atl\u00e1ntico, el tambi\u00e9n bibliotecario\u00a0Herbert Southworth, mentor de hispanistas como Paul Preston y \u00c1ngel Vi\u00f1as, \u201cfue preso de una obsesi\u00f3n furiosa por recoger materiales, panfletos, libros, art\u00edculos, sobre todo material bibliogr\u00e1fico\u201d, en palabras de Faber, y termin\u00f3 montando la\u00a0mayor biblioteca privada del mundo sobre la guerra civil. A principios de los a\u00f1os 70, vendi\u00f3 su archivo a la Universidad de California en San Diego.<\/p>\n<p>Tras la muerte de Southworth en 1999, el\u00a0obituario\u00a0de\u00a0The Guardian\u00a0lo defini\u00f3 como \u201cel azote intelectual de la dictadura de Franco en Espa\u00f1a\u201d, recordando que su libro\u00a0The Myth Of Franco\u2019s Crusade\u00a0hab\u00eda provocado que el entonces ministro de Informaci\u00f3n, Manuel Fraga, estableciera un departamento dedicado a modernizar la historiograf\u00eda del r\u00e9gimen.<\/p>\n<p>Ese era el contexto en el que los veteranos de la Brigada Lincoln empezaron a hablar sobre qu\u00e9 hacer con su propio archivo, mientras en Espa\u00f1a toda la documentaci\u00f3n incautada durante la guerra se almacenaba en los Servicios Documentales de la dictadura, alojados en Salamanca.\u00a0<br \/>\n\u201cEse archivo tambi\u00e9n es pionero\u201d, recuerda Faber, \u201cpero nace como parte del esfuerzo franquista de la causa general. Es un\u00a0marco judicial criminal\u00a0que sirve para documentar la llamada barbarie roja\u201d.\u00a0En 2007, el Archivo General de la Guerra Civil Espa\u00f1ola se integr\u00f3 en el Centro Documental de la Memoria Hist\u00f3rica, con sede en Salamanca.<\/p>\n<p>Faber cree que el archivo de Estados Unidos se explica por el impulso organizativo de los veteranos de la Brigada Lincoln, pero tambi\u00e9n porque \u201cdada la enorme infraestructura acad\u00e9mica y la riqueza en t\u00e9rminos econ\u00f3micos de las universidades norteamericanas, hace que sea bastante m\u00e1s f\u00e1cil financiar y montar cosas as\u00ed\u201d.<br \/>\nA d\u00eda de hoy, los archivos de ALBA cuentan con\u00a0m\u00e1s de 300 colecciones individuales\u00a0como la de Sam Levinger, incluyendo la de las\u00a060 mujeres\u00a0que se unieron a la guerra desde EEUU. Entre ellas, la enfermera afroamericana\u00a0Salaria Kea, que dej\u00f3 Harlem para ofrecer asistencia sanitaria en Portbou y muri\u00f3 en Ohio en 1991.<br \/>\nCon una historia similar a la de Kea, el jamaicano\u00a0Canute Frankson\u00a0escribi\u00f3 una carta a un amigo el 6 de julio de 1937 en la que explicaba sus motivos para unirse a la guerra: <\/p>\n<p>\u201cEstoy seguro de que a\u00fan esperas una explicaci\u00f3n detallada de qu\u00e9 tiene que ver esta lucha internacional conmigo. Esta es una guerra entre blancos que nos han esclavizado durante siglos. [\u2026] Pero ya no somos un grupo minoritario aislado luchando desesperadamente contra un gigante inmenso, porque, querido, nos hemos unido y convertido en parte de\u00a0una fuerza progresista, en cuyos hombros se eleva la responsabilidad de salvar la civilizaci\u00f3n humana de la destrucci\u00f3n planificada de un peque\u00f1o grupo de degenerados que se han vuelto locos en su deseo de poder\u201d.<\/p>\n<p>James Lardner, corresponsal en Par\u00eds del\u00a0New York Herald Tribune\u00a0desde 1938, escribi\u00f3 a su madre una lista detallada de razones por las que se alistaba en las Brigadas Internacionales, la primera de las cuales era: \u201cPorque creo que\u00a0el fascismo est\u00e1 equivocado y debe ser exterminado, y que la democracia liberal, o m\u00e1s probablemente el comunismo, est\u00e1 en lo correcto\u201d.\u00a0<\/p>\n<p>A esta le a\u00f1ad\u00eda otras tan diversas como: \u201cPorque en mi ambiciosa b\u00fasqueda de conocimiento en todos los campos no puedo permitirme, en esta, era dejar la guerra de lado\u201d, \u201cporque hay una chica en Par\u00eds que tendr\u00e1 que aprender que mi presencia no es necesaria para su existencia\u201d, o \u201cporque necesito algo que impresione de m\u00ed para compensar mi desafortunada timidez en las interacciones sociales\u201d.\u00a0<br \/>\n\u201cTambi\u00e9n he considerado unas pocas razones por las que no deber\u00eda unirme al Ej\u00e9rcito\u201d, concluye, \u201csiento por ti que no hayan sido suficiente para disuadirme\u201d.<\/p>\n<p> El 23 de septiembre de 1938, el que se supon\u00eda que iba a ser el \u00faltimo d\u00eda de lucha para las Brigadas Internacionales, Lardner no volvi\u00f3 a la base despu\u00e9s de un patrullaje con dos compa\u00f1eros. Su cuerpo nunca fue recuperado. De acuerdo al periodista Vincent Sheean, que fue su compa\u00f1ero, \u201cLardner fue el\u00a0\u00faltimo americano en alistarse\u00a0y el \u00faltimo en ser asesinado\u201d.<\/p>\n<p>\u201cLo que motiva a los voluntarios es muy diferente seg\u00fan la persona\u201d, reflexiona Faber. \u201cAlgunos solo tienen 20 a\u00f1os, son solteros y es, en parte, una aventura. Otros tienen 35, ya tienen experiencia b\u00e9lica, y van porque creen que pueden\u00a0contribuir\u00a0a algo en concreto\u201d, explica.<br \/>\n\u201cHay personas del mundo sindical. Hay much\u00edsimos jud\u00edos, hijos de migrantes o migrantes ellos mismos, que vuelven b\u00e1sicamente a Europa para\u00a0luchar contra el fascismo, que saben que est\u00e1 acosando a sus parientes ah\u00ed mismo, en Alemania, en Austria\u2026 Hay afroamericanos que ven claramente los problemas de luchar contra el mismo fascismo que les lleva acosando a\u00f1os y siglos en Estados Unidos. Y creo que esa conciencia de la trascendencia de la experiencia espa\u00f1ola hace que est\u00e9n muy dispuestos a compartir sus materiales a trav\u00e9s de un archivo p\u00fablico\u201d, explica.\u00a0<\/p>\n<p>Y sobre el esfuerzo para preservar su experiencia a\u00f1ade: \u201cMuchos de estos veteranos sintieron que su experiencia en Espa\u00f1a constitu\u00eda una especie de momento de trascendencia en su propia vida. Aprendieron cosas que\u00a0cambiaron el curso de su vida, que nunca pudieron superar en t\u00e9rminos de intensidad o de relevancia. Acabaron viviendo una vida dedicada a veces a la memoria, o al menos al intento de\u00a0honrar su propia experiencia en Espa\u00f1a\u201d.<br \/>\nA d\u00eda de hoy, ALBA tambi\u00e9n elabora materiales educativos para profesores de Estados Unidos y, seg\u00fan Faber, \u201cpor un lado, el inter\u00e9s crece\u201d -como ilustra\u00a0el anuncio\u00a0de una miniserie para televisi\u00f3n del c\u00e9lebre David Simon sobre la brigada-, \u201cy por otro, hay otras corrientes que trabajan en contra de que haya estos espacios y, especialmente en la educaci\u00f3n, hay intentos por parte de los gobiernos estatales por\u00a0limitar y censurar\u00a0o al menos moldear lo que se ense\u00f1a\u201d.<br \/>\n\u00a0\u201cAhora que todos han muerto, nos dedicamos a mantener viva su memoria, con una idea muy clara de que lo que nos incumbe es explicar y demostrar la\u00a0relevancia de las ideas que les movieron\u00a0hoy\u201d, concluye Faber. \u201cLa solidaridad internacional, una preocupaci\u00f3n muy espec\u00edfica con Espa\u00f1a y su desarrollo democr\u00e1tico, la justicia social en Estados Unidos, el movimiento obrero en Estados Unidos\u2026 Todo ese conglomerado de temas que les preocuparon a ellos y que nos parece que siguen siendo importantes o, quiz\u00e1, son a\u00fan m\u00e1s importantes en un momento en el que el mundo y Estados Unidos estamos vi\u00e9ndonos enfrentados a desaf\u00edos muy grandes\u201d.<\/p>\n","protected":false},"excerpt":{"rendered":"<p>En 1979, un groupe de membres des brigades internationales am\u00e9ricaines de la guerre civile espagnole a lanc\u00e9 ses archives historiques. Aujourd&rsquo;hui, il contient plus de 300 collections utilis\u00e9es pour l\u2019enseignement aux \u00c9tats-Unis. Par Leire Ariz Sarasketa Publico 4\/11\/2023 traduit par Luis \u00ab Ch\u00e8re m\u00e8re et cher p\u00e8re : Je pense qu&rsquo;au moment o\u00f9 vous recevrez &hellip; <a href=\"https:\/\/retirada37.com\/?p=3970\" class=\"more-link\">Continuer la lecture de <span class=\"screen-reader-text\">Les archives de la   Brigade Lincoln  : \u00ab La civilisation doit \u00eatre sauv\u00e9e de la destruction d\u2019un groupe de d\u00e9g\u00e9n\u00e9r\u00e9s \u00bb<\/span>  <span class=\"meta-nav\">&rarr;<\/span><\/a><\/p>\n","protected":false},"author":2,"featured_media":0,"comment_status":"open","ping_status":"open","sticky":false,"template":"","format":"standard","meta":{"_bbp_topic_count":0,"_bbp_reply_count":0,"_bbp_total_topic_count":0,"_bbp_total_reply_count":0,"_bbp_voice_count":0,"_bbp_anonymous_reply_count":0,"_bbp_topic_count_hidden":0,"_bbp_reply_count_hidden":0,"_bbp_forum_subforum_count":0,"footnotes":""},"categories":[2],"tags":[],"class_list":["post-3970","post","type-post","status-publish","format-standard","hentry","category-actualites"],"_links":{"self":[{"href":"https:\/\/retirada37.com\/index.php?rest_route=\/wp\/v2\/posts\/3970","targetHints":{"allow":["GET"]}}],"collection":[{"href":"https:\/\/retirada37.com\/index.php?rest_route=\/wp\/v2\/posts"}],"about":[{"href":"https:\/\/retirada37.com\/index.php?rest_route=\/wp\/v2\/types\/post"}],"author":[{"embeddable":true,"href":"https:\/\/retirada37.com\/index.php?rest_route=\/wp\/v2\/users\/2"}],"replies":[{"embeddable":true,"href":"https:\/\/retirada37.com\/index.php?rest_route=%2Fwp%2Fv2%2Fcomments&post=3970"}],"version-history":[{"count":1,"href":"https:\/\/retirada37.com\/index.php?rest_route=\/wp\/v2\/posts\/3970\/revisions"}],"predecessor-version":[{"id":3971,"href":"https:\/\/retirada37.com\/index.php?rest_route=\/wp\/v2\/posts\/3970\/revisions\/3971"}],"wp:attachment":[{"href":"https:\/\/retirada37.com\/index.php?rest_route=%2Fwp%2Fv2%2Fmedia&parent=3970"}],"wp:term":[{"taxonomy":"category","embeddable":true,"href":"https:\/\/retirada37.com\/index.php?rest_route=%2Fwp%2Fv2%2Fcategories&post=3970"},{"taxonomy":"post_tag","embeddable":true,"href":"https:\/\/retirada37.com\/index.php?rest_route=%2Fwp%2Fv2%2Ftags&post=3970"}],"curies":[{"name":"wp","href":"https:\/\/api.w.org\/{rel}","templated":true}]}}