{"id":3966,"date":"2023-10-23T08:24:40","date_gmt":"2023-10-23T07:24:40","guid":{"rendered":"http:\/\/retirada37.com\/?p=3966"},"modified":"2023-10-22T12:29:44","modified_gmt":"2023-10-22T11:29:44","slug":"photographies-et-travail-humanitaire-avec-les-refugies-de-la-guerre-despagne","status":"publish","type":"post","link":"https:\/\/retirada37.com\/?p=3966","title":{"rendered":"Photographies et travail humanitaire  avec Les R\u00e9fugi\u00e9s  de la Guerre d&rsquo;Espagne"},"content":{"rendered":"<p>Exposition \u00ab\u00a0Philippe Gaussot. <\/p>\n<p><strong>Du 28 octobre 2023 au 18 f\u00e9vrier 2024<\/strong><\/p>\n<p>Vernissage : samedi 28 octobre \u00e0 12h<\/p>\n<p>Adresse : Carrer Major, 43, 17700 La Jonquera, Girona<\/p>\n<p>Horaire: du mardi au samedi, de 10 \u00e0 18h, ainsi que les dimanches et jours f\u00e9ri\u00e9s de 10 \u00e0  14h.<\/p>\n<p>Ferm\u00e9 le lundi<\/p>\n<p>Commissaire de l&rsquo;exposition: Felip Sol\u00e9<\/p>\n<p>Collaboration : Famille Gaussot et Association 24 d&rsquo;A\u00f4ut 1944 (Paris)<\/p>\n<p>Le photographe et militant humanitaire fran\u00e7ais Philippe Gaussot (Belfort, 1911- Chamonix, 1977) a jou\u00e9, t\u00e9moin avec son appareil photo, de diff\u00e9rents \u00e9pisodes de la guerre d&rsquo;Espagne li\u00e9s \u00e0 l&rsquo;aide humanitaire, comme l&rsquo;organisation de camps d&rsquo;enfants en France et le soutien aux r\u00e9fugi\u00e9s entrant en France. en f\u00e9vrier 1939.<\/p>\n<p>A la fin de la guerre civile espagnole, aid\u00e9 par plusieurs camarades catalans et basques, il traverse souvent la fronti\u00e8re pour ravitailler les r\u00e9publicains embourb\u00e9s dans les d\u00e9sastres de la guerre. En f\u00e9vrier 1939, il effectue son dernier voyage clandestin et revient dans un camion charg\u00e9 d&rsquo;enfants et de femmes : \u00ab Notre dernier voyage fut \u00e0 Puigcerd\u00e0, o\u00f9 j&rsquo;ai conduit un camion de sept tonnes, avec l&rsquo;aide de deux miliciens, dans des rues min\u00e9es \u00bb. D\u00e9j\u00e0 en France, Philippe Gaussot et le Comit\u00e9 National Catholique animent plusieurs camps de concentration et contribuent \u00e0 la cr\u00e9ation d&rsquo;\u00e9tablissements pour accueillir femmes et enfants. Lorsqu&rsquo;\u00e9clate la Seconde Guerre mondiale, ne pouvant \u00eatre mobilis\u00e9 en raison de probl\u00e8mes de sant\u00e9, il est nomm\u00e9 d\u00e9l\u00e9gu\u00e9 national du Comit\u00e9 o\u00f9 il est charg\u00e9 de la reconversion des exil\u00e9s. Il transformait ainsi des avocats ou des commer\u00e7ants en tourneurs ou en experts en sinistres. Il participe \u00e9galement activement \u00e0 la r\u00e9sistance contre les nazis et s&rsquo;engage dans les F.F.I (Forces fran\u00e7aises de l&rsquo;int\u00e9rieur). A la fin de la guerre, Philippe Gaussot s&rsquo;installe dans les Alpes, \u00e0 Chamonix, o\u00f9 il travaille comme journaliste \u00e0 Le Dauphin\u00e9 Lib\u00e9r\u00e9 jusqu&rsquo;\u00e0 sa mort.<\/p>\n<p>L&rsquo;exposition pr\u00e9sente une s\u00e9lection de photographies de Philippe Gaussot d\u00e9couvertes par son fils Jean-Philippe Gaussot dans une valise apr\u00e8s la mort de son p\u00e8re.<\/p>\n<p>Par l&rsquo;interm\u00e9diaire de Felip Sol\u00e9, r\u00e9alisateur et cin\u00e9aste, les n\u00e9gatifs furent confi\u00e9s \u00e0 l&rsquo;association 24 Ao\u00fbt 1944 \u00e0 Paris. Toute cette \u00e9quipe, avec la complicit\u00e9 de l&rsquo;historien Gregory Tuban, a travaill\u00e9 avec le MUME pour pouvoir montrer pour la premi\u00e8re fois en Catalogne cette s\u00e9lection de pr\u00e8s d&rsquo;une centaine de photographies.<\/p>\n<p>L&rsquo;exposition est divis\u00e9e en deux parties. D&rsquo;une part, la s\u00e9rie de photos Philippe Gaussot et les camps d&rsquo;enfants du Comit\u00e9 national catholique (1937-1940) repr\u00e9sente l&rsquo;accueil des enfants basques et catalans envoy\u00e9s en France pour \u00e9chapper aux horreurs de la guerre. Loin du bruit des fusils, ils ont pu retrouver le sourire sur les bancs de l&rsquo;\u00e9cole ou en effectuant des t\u00e2ches et des jeux collectifs. D&rsquo;autre part, La Retirada i les camps (1939) montre les chemins et les circonstances difficiles de l&rsquo;exil des r\u00e9fugi\u00e9s r\u00e9publicains. Gaussot a suivi pas \u00e0 pas l&rsquo;exode, en plein mois de f\u00e9vrier, sur des sentiers de montagne enneig\u00e9s, pour atteindre un hypoth\u00e9tique refuge en France. L&rsquo;accueil sera tr\u00e8s d\u00e9cevant puisque, notamment les militaires de l&rsquo;Arm\u00e9e populaire de la R\u00e9publique, devront dormir sur les plages glac\u00e9es des camps de concentration de Roussillon, ferm\u00e9s par des barbel\u00e9s, gard\u00e9s par des militaires arm\u00e9s, des spahis s\u00e9n\u00e9galais, alg\u00e9riens et des gendarmes.<\/p>\n<p>Ces n\u00e9gatifs repr\u00e9sentent un t\u00e9moignage exceptionnel et ont la qualit\u00e9 photographique des meilleurs photographes de l&rsquo;\u00e9poque. Malgr\u00e9 sa fonction de t\u00e9moignage, relative \u00e0 l&rsquo;\u0153uvre humanitaire li\u00e9e au Comit\u00e9 national catholique, organisation d&rsquo;aide religieuse dont il \u00e9tait repr\u00e9sentant et d\u00e9l\u00e9gu\u00e9, ils transmettent au public non seulement le d\u00e9sordre de l&rsquo;exode ou l&rsquo;inqui\u00e9tude et l&rsquo;angoisse de ces gens, mais aussi la fiert\u00e9, la dignit\u00e9 et surtout la combativit\u00e9.<\/p>\n<p>Plus d&rsquo;information sur Philippe Gaussot:<\/p>\n<p>Web Gaussot (Jean-Philippe Gaussot) <a href=\"https:\/\/www.gaussot.eu\/\">https:\/\/www.gaussot.eu\/<\/a><\/p>\n","protected":false},"excerpt":{"rendered":"<p>Exposition \u00ab\u00a0Philippe Gaussot. Du 28 octobre 2023 au 18 f\u00e9vrier 2024 Vernissage : samedi 28 octobre \u00e0 12h Adresse : Carrer Major, 43, 17700 La Jonquera, Girona Horaire: du mardi au samedi, de 10 \u00e0 18h, ainsi que les dimanches et jours f\u00e9ri\u00e9s de 10 \u00e0 14h. Ferm\u00e9 le lundi Commissaire de l&rsquo;exposition: Felip Sol\u00e9 &hellip; <a href=\"https:\/\/retirada37.com\/?p=3966\" class=\"more-link\">Continuer la lecture de <span class=\"screen-reader-text\">Photographies et travail humanitaire  avec Les R\u00e9fugi\u00e9s  de la Guerre d&rsquo;Espagne<\/span>  <span class=\"meta-nav\">&rarr;<\/span><\/a><\/p>\n","protected":false},"author":3,"featured_media":0,"comment_status":"open","ping_status":"open","sticky":false,"template":"","format":"standard","meta":{"_bbp_topic_count":0,"_bbp_reply_count":0,"_bbp_total_topic_count":0,"_bbp_total_reply_count":0,"_bbp_voice_count":0,"_bbp_anonymous_reply_count":0,"_bbp_topic_count_hidden":0,"_bbp_reply_count_hidden":0,"_bbp_forum_subforum_count":0,"footnotes":""},"categories":[20,14,15],"tags":[],"class_list":["post-3966","post","type-post","status-publish","format-standard","hentry","category-culture","category-histoire","category-temoignages-et-recits"],"_links":{"self":[{"href":"https:\/\/retirada37.com\/index.php?rest_route=\/wp\/v2\/posts\/3966","targetHints":{"allow":["GET"]}}],"collection":[{"href":"https:\/\/retirada37.com\/index.php?rest_route=\/wp\/v2\/posts"}],"about":[{"href":"https:\/\/retirada37.com\/index.php?rest_route=\/wp\/v2\/types\/post"}],"author":[{"embeddable":true,"href":"https:\/\/retirada37.com\/index.php?rest_route=\/wp\/v2\/users\/3"}],"replies":[{"embeddable":true,"href":"https:\/\/retirada37.com\/index.php?rest_route=%2Fwp%2Fv2%2Fcomments&post=3966"}],"version-history":[{"count":2,"href":"https:\/\/retirada37.com\/index.php?rest_route=\/wp\/v2\/posts\/3966\/revisions"}],"predecessor-version":[{"id":3968,"href":"https:\/\/retirada37.com\/index.php?rest_route=\/wp\/v2\/posts\/3966\/revisions\/3968"}],"wp:attachment":[{"href":"https:\/\/retirada37.com\/index.php?rest_route=%2Fwp%2Fv2%2Fmedia&parent=3966"}],"wp:term":[{"taxonomy":"category","embeddable":true,"href":"https:\/\/retirada37.com\/index.php?rest_route=%2Fwp%2Fv2%2Fcategories&post=3966"},{"taxonomy":"post_tag","embeddable":true,"href":"https:\/\/retirada37.com\/index.php?rest_route=%2Fwp%2Fv2%2Ftags&post=3966"}],"curies":[{"name":"wp","href":"https:\/\/api.w.org\/{rel}","templated":true}]}}