{"id":3964,"date":"2023-10-20T14:55:48","date_gmt":"2023-10-20T13:55:48","guid":{"rendered":"http:\/\/retirada37.com\/?p=3964"},"modified":"2023-10-20T14:55:48","modified_gmt":"2023-10-20T13:55:48","slug":"une-memoire-democratique-pour-une-democratie-en-danger","status":"publish","type":"post","link":"https:\/\/retirada37.com\/?p=3964","title":{"rendered":"Une M\u00e9moire D\u00e9mocratique pour une D\u00e9mocratie en Danger"},"content":{"rendered":"<p>Le manifeste adopt\u00e9 \u00e0 l\u2019occasion des XIe Rencontres Transfrontali\u00e8res des Associations de m\u00e9moire historique, d\u00e9mocratique et antifasciste se terminait sur l&rsquo;engagement des participants aux groupes de travail \u00e0 \u00ab agir au sein des soci\u00e9t\u00e9s dans lesquelles elles vivent et se d\u00e9veloppent \u00bb car \u00ab\u00a0elles ne peuvent ni ne doivent rester silencieuses face \u00e0 la d\u00e9gradation de la d\u00e9mocratie dans leurs pays (tant en France qu&rsquo;en Espagne) et dans le monde.\u00a0\u00bb En ce sens, le manifeste souligne que la m\u00e9moire d\u00e9mocratique est \u00ab le vaccin qui immunisera notre soci\u00e9t\u00e9 d\u2019aujourd\u2019hui contre le virus de la haine dont l\u2019extr\u00eame droite a besoin pour grandir et triompher \u00bb.<br \/>\nEn France les groupes d&rsquo;extr\u00eame droite et nazis n\u2019h\u00e9sitent plus \u00e0 se montrer, diffusent de la propagande antis\u00e9mite et tentent de profaner les camps comme ce fut le cas pour le camp de Gurs.  L\u2019intervention de la gendarmerie a permis d\u2019\u00e9viter la profanation. Les mesures adopt\u00e9es par le gouvernement Macron affectent les couches les plus pauvres du pays y compris les classes moyennes ou la jeunesse \u00e9tudiante, dont une grande partie est contrainte d&rsquo;abandonner ses \u00e9tudes ou, comme le d\u00e9montrent les statistiques, doit se limiter \u00e0 un seul repas par jour en raison de l\u2019inflation (46 %). Tout cela constitue d\u00e9sormais un terreau favorable \u00e0 la r\u00e9ception du discours de Marine Le Pen qui, avec 89 si\u00e8ges sur les 577 que compte l&rsquo;Assembl\u00e9e Nationale, s\u2019affiche comme la seule personnalit\u00e9 capable de battre Emmanuel Macron aux \u00e9lections pour la Pr\u00e9sidence de la R\u00e9publique de 2027. Cependant, alors qu&rsquo;\u00e0 l&rsquo;int\u00e9rieur elle adopte un discours trompeur et se pr\u00e9sente comme une force respectable, mod\u00e9r\u00e9e et au profil social, (sur la base cependant d&rsquo;un \u00c9tat providence r\u00e9serv\u00e9 aux seuls nationaux du pays) dans le but de susciter et de recueillir le vote des secteurs les moins politis\u00e9s, habituellement abstentionnistes, \u00e0 l&rsquo;ext\u00e9rieur, au contraire, pour les \u00e9lections au Parlement europ\u00e9en pr\u00e9vues en 2024, elle montre son vrai visage et cherche des alliances avec d&rsquo;autres forces de l&rsquo;extr\u00eame droite europ\u00e9enne telles la Ligue de Salvini dont elle partage le m\u00eame discours x\u00e9nophobe, raciste et anti-immigr\u00e9s.<br \/>\nParall\u00e8lement l\u2019extr\u00eame droite prend le contr\u00f4le de publications et de m\u00e9dias audiovisuels et y installe des journalistes affid\u00e9s charg\u00e9s de vulgariser sa propagande r\u00e9visionniste dans le but de neutraliser l&rsquo;antifascisme.<\/p>\n<p>L\u2019Espagne, de son c\u00f4t\u00e9, si elle a enregistr\u00e9 quelques nouvelles positives avec un rapport du parquet favorable \u00e0 l&rsquo;admission de la plainte d\u00e9pos\u00e9e par Carles Vallejo \u00e0 la suite des tortures subies lors de sa d\u00e9tention au d\u00e9but des ann\u00e9es 70, ou avec la premi\u00e8re audition de Julio Pacheco par un juge sur les tortures dont il a \u00e9t\u00e9 victime en 1975 apr\u00e8s son arrestation par la police secr\u00e8te de Franco, a vu malheureusement s\u2019affirmer une forte pr\u00e9sence \u00e9lectorale de l&rsquo;extr\u00eame droite.<br \/>\nEt, ce qui est bien pire, l\u2019extr\u00eame droite a r\u00e9ussi \u00e0 contaminer une partie de la soci\u00e9t\u00e9 avec son discours de haine et d&rsquo;exclusion et \u00e0 amener d\u2019autres formations comme le P.P \u00e0 calquer leur agenda et leurs propositions sur les siens jusqu\u2019\u00e0 s\u2019associer \u00e0 VOX pour gouverner de nombreuses communaut\u00e9s autonomes.<br \/>\nHeureusement, la mobilisation de la gauche lors des \u00e9lections g\u00e9n\u00e9rales de juillet a emp\u00each\u00e9, au moins pour l\u2019instant, qu\u2019ils puissent gouverner ensemble le pays. Ils ont conclu des accords pr\u00e9voyant des mesures, d\u00e9velopp\u00e9es avant et apr\u00e8s les \u00e9lections, qui, en plus de vouloir restreindre les droits fondamentaux des femmes, nient la diversit\u00e9 sexuelle, favorisent les plus riches et les plus puissants \u00e0 travers une politique fiscale qui r\u00e9duit (et parfois \u00e9limine) les imp\u00f4ts qui taxent la richesse. Ils veulent r\u00e9cup\u00e9rer ce qu&rsquo;ils consid\u00e8rent comme l&rsquo;essence de l&rsquo;hispanit\u00e9. Ils veulent en finir avec la M\u00e9moire D\u00e9mocratique en abrogeant les lois promulgu\u00e9es en ce domaine ou en les laissant sans application, tout en pr\u00f4nant un discours qu&rsquo;ils fondent sur ce qu&rsquo;ils appellent la concorde et la r\u00e9conciliation, mais qui n&rsquo;est rien d&rsquo;autre que l&rsquo;oubli et le silence.<br \/>\nLa M\u00e9moire D\u00e9mocratique ne peut \u00eatre tributaire du gouvernement en place. Elle constitue un axe central de l\u2019\u00c9tat lui-m\u00eame, pour autant qu\u2019il soit d\u00e9fini comme d\u00e9mocratique. Les politiques de m\u00e9moire publique sont une obligation dont le respect ne peut d\u00e9pendre de la volont\u00e9 de gouvernants car elles constituent une partie inalt\u00e9rable de l&rsquo;h\u00e9ritage d\u00e9mocratique de la soci\u00e9t\u00e9. L\u2019\u00e9limination de la m\u00e9moire d\u00e9mocratique sape les fondations sur lesquelles l\u2019\u00c9tat d\u00e9mocratique s\u2019est construit et se soutient. Il ne s&rsquo;agit pas, comme le pr\u00e9tend \u00e0 tort la droite espagnole, d&rsquo;imposer un r\u00e9cit historique partisan mais de transmettre une s\u00e9rie de valeurs d\u00e9mocratiques apprises de nos exp\u00e9riences en tant que soci\u00e9t\u00e9 et qui doivent \u00eatre communes aux citoyens car elles constituent le noyau de la conscience d\u00e9mocratique n\u00e9cessaire \u00e0 la construction de celle-ci. En d\u00e9finitive, il s\u2019agit de r\u00e9cup\u00e9rer, r\u00e9habiliter et reconna\u00eetre le patrimoine commun et universel de tous ceux qui ont lutt\u00e9 pour la d\u00e9mocratie dans le pass\u00e9.<\/p>\n<p>Pour cette raison, au moment o\u00f9 la d\u00e9mocratie est menac\u00e9e, la prot\u00e9ger implique de revendiquer la M\u00e9moire D\u00e9mocratique et, par cons\u00e9quent, de d\u00e9fendre les groupes et les entit\u00e9s qui se consacrent \u00e0 sa promotion et \u00e0 sa diffusion. Ces derniers sont devenus des ennemis \u00e0 abattre car, tant qu&rsquo;ils r\u00e9sistent, l&rsquo;extr\u00eame droite ne pourra imposer sa vision sociale et politique d\u2019exclusion absolue. Notre r\u00f4le rev\u00eat par cons\u00e9quent une importance particuli\u00e8re et, comme nous l&rsquo;avons vu tout au long de ces XIIe Rencontres Transfrontali\u00e8res des associations de m\u00e9moire historique, d\u00e9mocratique et antifasciste organis\u00e9es \u00e0 Villeneuve-sur-Lot (France), nous devons mettre en place une grande diversit\u00e9 d\u2019 actions et propositions pour faire face au d\u00e9fi qui nous est pos\u00e9, ce qui n\u00e9cessite \u00e9galement que nous nous dotions des outils et des instruments qui nous permettent de toucher le plus grand nombre possible de nos concitoyens.<br \/>\nComme l&rsquo;a d\u00e9clar\u00e9 Enzo Traverso, qui a inaugur\u00e9 ces XIIe Rencontres, \u00ab nous sommes au milieu d&rsquo;un processus de transition dont les r\u00e9sultats sont encore inconnus et ouverts soit \u00e0 un New Deal du XXIe si\u00e8cle, capable d&rsquo;affronter le changement climatique et d&rsquo;inverser les transformations produites par quarante ans de n\u00e9olib\u00e9ralisme soit \u00e0 un virage \u00e0 l&rsquo;extr\u00eame droite qui jettera notre plan\u00e8te dans la catastrophe annonc\u00e9e. Dans le contexte actuel, les deux r\u00e9sultats sont parfaitement possibles\u00a0\u00bb.<br \/>\nC\u2019est la raison pour laquelle les associations de m\u00e9moire et chacune des personnes qui s\u2019y impliquent activement, constituent un barrage d\u00e9fensif contre cette mar\u00e9e noire et pestilentielle de haine et d\u2019exclusion.<br \/>\nMais nous devons aussi \u00eatre des agents actifs dans la bataille pour l\u2019h\u00e9g\u00e9monie culturelle en opposant \u00e0 sa conception du monde un mod\u00e8le de soci\u00e9t\u00e9 dans lequel les valeurs propres \u00e0 notre M\u00e9moire D\u00e9mocratique assurent la libert\u00e9 et la coexistence pacifique de tous ses membres. Car une soci\u00e9t\u00e9 n\u2019est d\u00e9mocratique que si elle garantit les droits fondamentaux de chacune des personnes qui la composent.<br \/>\nCela \u00e9tant dit, nous entendons affirmer\u00a0:<br \/>\nPREMI\u00c8REMENT : En mati\u00e8re \u00e9ducative, il est essentiel de souligner les aspects positifs du changement de cadre l\u00e9gal qui oblige d\u00e9sormais \u00e0 \u00ab la connaissance de l&rsquo;histoire et de la m\u00e9moire d\u00e9mocratique espagnole et de la lutte pour les valeurs et libert\u00e9s d\u00e9mocratiques \u00bb, m\u00eame si cela peut \u00eatre affect\u00e9 par la charge de travail administratif importante du personnel enseignant et des ratios par classe tr\u00e8s \u00e9lev\u00e9s. Quoi qu\u2019il en soit, l\u2019\u00e9tude de l\u2019Histoire doit sans aucun doute se relier aux principes de v\u00e9rit\u00e9, de justice, de r\u00e9paration et de garantie de non-r\u00e9p\u00e9tition. <\/p>\n<p>Pour y parvenir, la pr\u00e9sence des entit\u00e9s et associations m\u00e9morielles est essentielle ainsi que la n\u00e9cessit\u00e9 d&rsquo;incorporer d&rsquo;autres acteurs de la communaut\u00e9 \u00e9ducative comme les associations familiales. Et cela non seulement dans les \u00e9coles publiques, ce qui est notre engagement sans \u00e9quivoque, mais aussi en essayant d&rsquo;atteindre les \u00e9l\u00e8ves des \u00e9coles sous contrat et priv\u00e9es tant qu&rsquo;elles existeront.<br \/>\nD&rsquo;autre part, nous devons nous int\u00e9grer aux r\u00e9seaux acad\u00e9miques et chercher \u00e0 les \u00e9tendre au niveau transfrontalier, mais avec la volont\u00e9 de favoriser les \u00e9changes, dans un dialogue enrichissant et permanent, afin que la contribution des entit\u00e9s et associations m\u00e9morielles soit effective et assure leur participation active \u00e0 la t\u00e2che cruciale de l&rsquo;\u00e9ducation.<br \/>\nMais la m\u00e9moire n\u2019est \u00e9loign\u00e9e ni du pr\u00e9sent ni du futur et il ne faut donc pas oublier de lier l\u2019apprentissage de l\u2019Histoire et de la m\u00e9moire aux d\u00e9bats actuels sur les luttes des femmes, les droits sexuels, l\u2019immigration, les r\u00e9fugi\u00e9s ou autres.<br \/>\nConcernant la terminologie utilis\u00e9e, le d\u00e9bat lexical est ouvert et questionne l&rsquo;utilisation du terme \u00ab guerre civile \u00bb qui ne refl\u00e8te pas pleinement ce qui s&rsquo;est pass\u00e9 en Espagne (pers\u00e9cutions politiques, r\u00e9pression et extermination). La terminologie \u00ab\u00a0guerre civile ne prend pas en compte le contexte que fut le conflit contre le fascisme, pr\u00e9lude \u00e0 la Seconde Guerre mondiale.<br \/>\nEnfin, la formation des enseignants universitaires doit inclure la M\u00e9moire D\u00e9mocratique dans ses programmes, comme cela se fait d\u00e9j\u00e0, par exemple, en Navarre.<br \/>\nDEUXI\u00c8MEMENT\u00a0: Concernant l&rsquo;actuelle loi 20\/2022 du 19 octobre sur la M\u00e9moire D\u00e9mocratique, nous reconnaissons qu\u2019elle contient des avanc\u00e9es importantes m\u00eame s\u2019il y a aussi certains aspects qui pourraient \u00eatre am\u00e9lior\u00e9s.<br \/>\nMais il est \u00e9vident qu&rsquo;elle va au-del\u00e0 de la loi de 2007, en int\u00e9grant des \u00e9l\u00e9ments fondamentaux comme, par exemple, la condamnation affirm\u00e9e du coup d&rsquo;\u00c9tat ou la d\u00e9claration d&rsquo;ill\u00e9galit\u00e9 du r\u00e9gime franquiste. Cependant, nous sommes pr\u00e9occup\u00e9s par le retard op\u00e9r\u00e9 dans la mise en \u0153uvre des nombreuses propositions contenues dans ce texte qui sont dans l\u2019attente de l&rsquo;approbation de la norme r\u00e9glementaire correspondante. En effet, \u00e0 l&rsquo;heure actuelle, aucun texte r\u00e9glementaire n&rsquo;a \u00e9t\u00e9 promulgu\u00e9 et le seul projet de texte qui avait \u00e9t\u00e9 \u00e9labor\u00e9 se trouve suspendu en raison des \u00e9ch\u00e9ances \u00e9lectorales. Cela signifie qu\u2019un non-respect des d\u00e9lais peut survenir g\u00e9n\u00e9rant des situations ind\u00e9sirables ou une perte de droits. Il est essentiel, en ce sens, de mettre en place un cadre institutionnel qui garantisse le respect des dispositions l\u00e9gales, afin que la loi ne se cantonne pas \u00e0 \u00eatre purement d\u00e9clarative mais permette r\u00e9ellement de mener \u00e0 bien des politiques et des actions concr\u00e8tes sur lesquelles il ne soit pas possible de revenir ensuite.<\/p>\n<p>Pour mettre en exergue cette probl\u00e9matique, il est propos\u00e9 d\u2019adresser aux forces politiques avec repr\u00e9sentation institutionnelle un mod\u00e8le de motion \u00e0 approuver dans l&rsquo;institution correspondante dans laquelle il est demand\u00e9 le respect et le d\u00e9veloppement de la Loi dans tous ses aspects.<br \/>\nEn outre, il est propos\u00e9 que les associations et entit\u00e9s de m\u00e9moire, tant fran\u00e7aises qu&rsquo;espagnoles, signent une demande d&rsquo;inscription au Registre des entit\u00e9s pr\u00e9vu \u00e0 l&rsquo;article 59 de la loi, dont l&rsquo;\u00e9laboration r\u00e9glementaire est encore en attente, afin qu&rsquo;elle serve de moyen de pression sur le gouvernement pour qu&rsquo;il prenne les dispositions r\u00e9glementaires ad\u00e9quates et installe le Conseil de la M\u00e9moire D\u00e9mocratique.<br \/>\nEnfin, un appel est form\u00e9 contre le risque de privatisation et de marchandisation de la m\u00e9moire, qui en ferait un business lucratif au lieu d\u2019un outil de sensibilisation. En ce sens, l&rsquo;\u00c9tat doit pr\u00e9voir les m\u00e9canismes juridiques appropri\u00e9s pour garantir que l&rsquo;objectif pr\u00e9vu par la Loi de M\u00e9moire soit atteint, en s\u2019appuyant dans cette t\u00e2che sur les associations m\u00e9morielles.<br \/>\nTROISI\u00c8MEMENT : Il est n\u00e9cessaire que le travail des entit\u00e9s et associations m\u00e9morielles, avec toutes les ressources qu&rsquo;elles ont pu g\u00e9n\u00e9rer, les documents qu&rsquo;elles ont produits, ainsi que les exp\u00e9riences qui ont fa\u00e7onn\u00e9 leurs actions (travail avec les \u00e9coles, les cin\u00e9-clubs, les expositions, etc.), soit rendu public et valoris\u00e9. Pour ce faire, il est propos\u00e9 de partager mutuellement tout ce bagage au travers d\u2019une base de donn\u00e9es dans laquelle seront r\u00e9pertori\u00e9s mat\u00e9riels, expositions, ressources p\u00e9dagogiques&#8230; qui pourront ensuite \u00eatre utilis\u00e9s non seulement par les diff\u00e9rentes associations, mais aussi par d&rsquo;autres types de publics : chercheurs, membres de la famille, etc., afin de g\u00e9n\u00e9rer des dynamiques permettant la transmission efficace de la m\u00e9moire et l&rsquo;incorporation de nouveaux membres. Ainsi, un groupe de travail permanent est cr\u00e9\u00e9 afin de faire avancer le d\u00e9veloppement de la plateforme t\u00e9l\u00e9matique qui sert d&rsquo;outil pour r\u00e9aliser cet objectif, en \u00e9valuant notamment comment assurer la conservation \u00e0 long terme de ce mat\u00e9riel (transfert aux archives, num\u00e9risation \u2026).<br \/>\nQUATRI\u00c8MEMENT\u00a0: Nous devons int\u00e9grer et reconna\u00eetre la trajectoire et la m\u00e9moire du f\u00e9minisme tout au long du XXe si\u00e8cle, dans sa lutte pour les valeurs d\u00e9mocratiques et l&rsquo;\u00e9galit\u00e9, d&rsquo;autant plus maintenant que ses acquis et ses conqu\u00eates sont en danger, menac\u00e9s par les discours et les pratiques de l\u2019extr\u00eame droite, suivis par ceux de la droite traditionnelle.<\/p>\n<p>En outre, la mont\u00e9e de la violence contre les femmes nous oblige \u00e0 chercher des solutions, en analysant, comme cela a \u00e9t\u00e9 fait lors de ces XIIe Rencontres, la construction de politiques d&rsquo;\u00e9galit\u00e9 et de luttes contre la violence de genre en France et en Espagne, et les risques actuels de r\u00e9gression.\u00a0Le d\u00e9ni des violences sexistes ou la mont\u00e9e des violences sexuelles sont des r\u00e9alit\u00e9s qui deviennent aussi des champs de bataille pour les entit\u00e9s m\u00e9morielles et les associations.<\/p>\n<p>La fin de ces XIIe Rencontres Transfrontali\u00e8res des associations de m\u00e9moire historique, d\u00e9mocratique et antifasciste co\u00efncide avec le d\u00e9but d&rsquo;une nouvelle p\u00e9riode de d\u00e9fense d\u2019une d\u00e9mocratie que l&rsquo;extr\u00eame droite assi\u00e8ge et cherche \u00e0 remplacer par un monde de rejet et d\u2019exclusion dans lequel pr\u00e9domineraient l&rsquo;autoritarisme, le d\u00e9ni et le supr\u00e9matisme. C\u2019est la raison pour laquelle les associations m\u00e9morielles et leurs membres renouvellent, ici et maintenant, leur engagement en faveur de la M\u00e9moire D\u00e9mocratique et, avec elle, leur engagement sans \u00e9quivoque en faveur de la tol\u00e9rance, du respect et de l&rsquo;inclusion de tous dans notre id\u00e9al d\u2019un monde meilleur, authentiquement libre, \u00e9galitaire et fraternel, c&rsquo;est-\u00e0-dire antifasciste.<\/p>\n<p>Agen le 1er octobre 2023.<\/p>\n<p>ENTIT\u00c9S SIGNATAIRES\u00a0:<\/p>\n<p>AFFNA 36, Ay Carmela, Brigadas Internacionales de Catalunya, Associacio Catalana Ex presos Politics del Franquisme, Caminar, Fundaci\u00f3n 14 de abril, La Barranca, MER 47, MER 64, TML, Txinparta RMC, Instituto Navarro de la Memoria, Circulo Republicano Huesca, Amarres (Association M\u00e9morielle Auvergnate R\u00e9fugi\u00e9s R\u00e9publicains Espagnols), MHRE 89, Asociaci\u00f3n de Memoria Hist\u00f3rica \u201cLos Barracones\u201d, M.R.A.S.T (M\u00e9moire R\u00e9sistance en Ari\u00e8ge &#8211; Solidarit\u00e9 Transfrontali\u00e8re), Fundaci\u00f3n Domingo Malag\u00f3n, Asociaci\u00f3n\u00a0Sobrarbense la Bolsa, Ateneu de Memoria Popular.<\/p>\n","protected":false},"excerpt":{"rendered":"<p>Le manifeste adopt\u00e9 \u00e0 l\u2019occasion des XIe Rencontres Transfrontali\u00e8res des Associations de m\u00e9moire historique, d\u00e9mocratique et antifasciste se terminait sur l&rsquo;engagement des participants aux groupes de travail \u00e0 \u00ab agir au sein des soci\u00e9t\u00e9s dans lesquelles elles vivent et se d\u00e9veloppent \u00bb car \u00ab\u00a0elles ne peuvent ni ne doivent rester silencieuses face \u00e0 la d\u00e9gradation &hellip; <a href=\"https:\/\/retirada37.com\/?p=3964\" class=\"more-link\">Continuer la lecture de <span class=\"screen-reader-text\">Une M\u00e9moire D\u00e9mocratique pour une D\u00e9mocratie en Danger<\/span>  <span class=\"meta-nav\">&rarr;<\/span><\/a><\/p>\n","protected":false},"author":2,"featured_media":0,"comment_status":"open","ping_status":"open","sticky":false,"template":"","format":"standard","meta":{"_bbp_topic_count":0,"_bbp_reply_count":0,"_bbp_total_topic_count":0,"_bbp_total_reply_count":0,"_bbp_voice_count":0,"_bbp_anonymous_reply_count":0,"_bbp_topic_count_hidden":0,"_bbp_reply_count_hidden":0,"_bbp_forum_subforum_count":0,"footnotes":""},"categories":[2],"tags":[],"class_list":["post-3964","post","type-post","status-publish","format-standard","hentry","category-actualites"],"_links":{"self":[{"href":"https:\/\/retirada37.com\/index.php?rest_route=\/wp\/v2\/posts\/3964","targetHints":{"allow":["GET"]}}],"collection":[{"href":"https:\/\/retirada37.com\/index.php?rest_route=\/wp\/v2\/posts"}],"about":[{"href":"https:\/\/retirada37.com\/index.php?rest_route=\/wp\/v2\/types\/post"}],"author":[{"embeddable":true,"href":"https:\/\/retirada37.com\/index.php?rest_route=\/wp\/v2\/users\/2"}],"replies":[{"embeddable":true,"href":"https:\/\/retirada37.com\/index.php?rest_route=%2Fwp%2Fv2%2Fcomments&post=3964"}],"version-history":[{"count":1,"href":"https:\/\/retirada37.com\/index.php?rest_route=\/wp\/v2\/posts\/3964\/revisions"}],"predecessor-version":[{"id":3965,"href":"https:\/\/retirada37.com\/index.php?rest_route=\/wp\/v2\/posts\/3964\/revisions\/3965"}],"wp:attachment":[{"href":"https:\/\/retirada37.com\/index.php?rest_route=%2Fwp%2Fv2%2Fmedia&parent=3964"}],"wp:term":[{"taxonomy":"category","embeddable":true,"href":"https:\/\/retirada37.com\/index.php?rest_route=%2Fwp%2Fv2%2Fcategories&post=3964"},{"taxonomy":"post_tag","embeddable":true,"href":"https:\/\/retirada37.com\/index.php?rest_route=%2Fwp%2Fv2%2Ftags&post=3964"}],"curies":[{"name":"wp","href":"https:\/\/api.w.org\/{rel}","templated":true}]}}