{"id":3962,"date":"2023-10-20T08:06:15","date_gmt":"2023-10-20T07:06:15","guid":{"rendered":"http:\/\/retirada37.com\/?p=3962"},"modified":"2023-10-19T14:11:03","modified_gmt":"2023-10-19T13:11:03","slug":"ces-femmes-qui-ont-pris-les-armes-pendant-la-guerre-despagne-2","status":"publish","type":"post","link":"https:\/\/retirada37.com\/?p=3962","title":{"rendered":"Ces femmes qui ont pris les armes pendant la guerre d&rsquo;Espagne"},"content":{"rendered":"<p> La participation des femmes \u00e0 la guerre civile espagnole entre 1936 et 1939 demeurait un angle encore peu \u00e9tudi\u00e9 par les chercheurs. Comme une repr\u00e9sentation de la misogynie de la soci\u00e9t\u00e9 masculine de l&rsquo;\u00e9poque.<\/p>\n<p>S&rsquo;ajoutent \u00e0 cela les particularit\u00e9s des combats en Espagne, des milices transform\u00e9es en arm\u00e9e r\u00e9guli\u00e8re jusqu&rsquo;\u00e0 l&rsquo;interdiction totale de la pr\u00e9sence des femmes sur le front le 1er d\u00e9cembre 1936. Si Ken Loach avait, dans son film Land and Freedom, \u00e9voqu\u00e9 cet aspect, peu d&rsquo;\u00e9l\u00e9ments permettaient d&rsquo;en comprendre r\u00e9ellement les enjeux et l&rsquo;importance. Deux ouvrages viennent utilement combler cette lacune.<\/p>\n<p><strong>\u00abLes Combattantes\u00bb, la puissance des femmes espagnoles<\/strong><\/p>\n<p>Les Combattantes, de Gonzalo Berger et T\u00e0nia Ball\u00f3 est un livre passionnant, \u00e9crit par deux sp\u00e9cialistes de la participation des femmes dans la guerre civile espagnole. Leur propos est centr\u00e9 sur la Catalogne, dans une remarquable synth\u00e8se des informations existantes.<\/p>\n<p>L&rsquo;historien et l&rsquo;autrice commencent par analyser l&rsquo;organisation de femmes libertaires espagnoles Mujeres libres. Ce groupe, fond\u00e9 en 1933, \u00e9tait d&rsquo;abord une structure f\u00e9ministe avant de se transformer, en 1936, apr\u00e8s la victoire du Frente Popular, en organisation politique. Son but \u00e9tait d&rsquo;obtenir l&rsquo;\u00e9mancipation des femmes par l&rsquo;alphab\u00e9tisation \u2013l&rsquo;Espagne comptait alors plus de 50% d&rsquo;illettr\u00e9es\u2013 par la d\u00e9nonciation du capitalisme, la lutte contre la prostitution et, enfin, par la recherche de l&rsquo;\u00e9galit\u00e9 entre les sexes.<\/p>\n<p><strong>Ces femmes qui ont pris les armes pendant la guerre d&rsquo;Espagne<\/strong><\/p>\n<p>Particuli\u00e8rement active en Catalogne et \u00e0 Madrid, l&rsquo;organisation a \u00e9galement appel\u00e9 \u00e0 rejoindre le front et \u00e0 combattre. Mais cet espoir \u00e9galitaire a \u00e9t\u00e9 de courte dur\u00e9e: lors de la militarisation des groupes de volontaires en octobre 1936, elles ont \u00e9t\u00e9 renvoy\u00e9es \u00e0 l&rsquo;arri\u00e8re. Le groupe Mujeres libres n&rsquo;a jamais \u00e9t\u00e9 reconnu comme l&rsquo;un des noyaux centraux du mouvement libertaire espagnol.<br \/>\nLes deux sp\u00e9cialistes se penchent ensuite sur la participation des femmes \u00e0 la bataille de Barcelone (du 29 juin au 3 juillet 1642), faisant appara\u00eetre le caract\u00e8re quasi l\u00e9gendaire de certaines combattantes, \u00e0 l&rsquo;image de Marina Ginest\u00e0, immortalis\u00e9e le fusil \u00e0 l&rsquo;\u00e9paule, dominant Barcelone.<\/p>\n<p>Exhumant le poids des femmes dans les familles politiques, Gonzalo Berger et T\u00e0nia Ball\u00f3 passent en revue les quelques dizaines de communistes engag\u00e9es: des figures comme la sous-lieutenante Rosa Dom\u00e8nech ou la combattante Maricruz Carrasco, les 160 combattantes de la colonne Durruti en Catalogne, ou les 109 militantes du Parti ouvrier d&rsquo;unification marxiste (le POUM) de Barcelone. Ils \u00e9voquent enfin les femmes victimes de la r\u00e9pression franquiste fusill\u00e9es \u00e0 Montju\u00efc, la prison militaire de Barcelone, en 1939.<\/p>\n<p><strong>Les Combattantes\u2013L&rsquo;histoire oubli\u00e9e des miliciennes antifascistes dans la guerre d&rsquo;Espagne <\/strong><\/p>\n<p>Cette lecture peut \u00eatre compl\u00e9t\u00e9e par celle de \u00a1Solidarias!, ouvrage coordonn\u00e9 par l&rsquo;historien \u00c9douard Sill. Le livre est n\u00e9 d&rsquo;un colloque consacr\u00e9 aux volontaires \u00e9trang\u00e8res et \u00e0 la solidarit\u00e9 internationale f\u00e9minine durant la guerre d&rsquo;Espagne, organis\u00e9 par les Amis des combattants en Espagne r\u00e9publicaine. Il privil\u00e9gie quatre th\u00e8mes: le retour sur l&rsquo;histoire et le traitement de la question de la pr\u00e9sence f\u00e9minine; la place des volontaires; la solidarit\u00e9 f\u00e9minine \u00e0 l&rsquo;\u00e9tranger; et le r\u00f4le des intellectuelles. Les contributions rassembl\u00e9es se penchent sur ce champ m\u00e9connu du soutien \u00e0 la R\u00e9publique espagnole.<\/p>\n<p>L&rsquo;engagement des femmes dans la solidarit\u00e9 internationale \u2013dans les organisations de soutien aux anarchistes ou au groupe marxiste du POUM, dans les Brigades internationales\u2013, bien que faible sur un plan num\u00e9rique (un peu plus de 600 engag\u00e9es sur quelque 40.000 volontaires), recouvre plusieurs aspects.<\/p>\n<p>Ces femmes qui ont pris les armes pendant la guerre d&rsquo;Espagne\u00a9 Fournis par Slate<br \/>\nLa division sexu\u00e9e du conflit faisait que les femmes \u00e9taient renvoy\u00e9es \u00e0 des m\u00e9tiers sp\u00e9cifiques comme celui d&rsquo;infirmi\u00e8re. La consultation du Dictionnaire biographique du mouvement ouvrier fran\u00e7ais, fond\u00e9 par l&rsquo;historien Jean Maitron, montre que sur 9.000 Fran\u00e7ais partis en Espagne, il y avait 96 femmes. L&rsquo;immense majorit\u00e9 \u00e9tait pr\u00e9sente \u00e0 l&rsquo;arri\u00e8re; seules quelques militantes, surtout dans les premiers mois, ont particip\u00e9 aux combats.<\/p>\n<p>Ce cas de figure se retrouve \u00e9galement chez les volontaires am\u00e9ricaines: dans la Brigade Abraham Lincoln, les femmes \u00e9taient surtout vou\u00e9es au r\u00f4le d&rsquo;infirmi\u00e8re. C&rsquo;est Fredericka Martin, infirmi\u00e8re de formation, qui coordonnait l&rsquo;envoi puis le placement des 116 volontaires (sur les quelque 3.000 combattants nord-am\u00e9ricains) dans les dispensaires. Il en est de m\u00eame pour les Pays-Bas: sur plus de 700 volontaires, 22 femmes se sont rendues en Espagne, principalement pour travailler en tant qu&rsquo;infirmi\u00e8res. Et sur les 3.500 volontaires italiens, 55 femmes ont particip\u00e9 aux soins.<\/p>\n<p>La photographe Gerda Taro, compagne de Robert Capa, a port\u00e9 une attention toute particuli\u00e8re \u00e0 l&rsquo;engagement des combattants.<\/p>\n<p>L&rsquo;ouvrage souligne \u00e9galement que les femmes avaient des qualifications plus \u00e9lev\u00e9es que leurs homologues masculins, appartenant pour le quart d&rsquo;entre elles \u00e0 des groupes sociaux privil\u00e9gi\u00e9s, ce qui a conduit \u00e0 les \u00e9carter du front pour qu&rsquo;elles servent ailleurs \u2013dans le domaine m\u00e9dical d\u00e9j\u00e0 \u00e9voqu\u00e9, ou au sein de services de traduction ou de r\u00e9daction.<\/p>\n<p>La solidarit\u00e9 internationale organis\u00e9e depuis l&rsquo;\u00e9tranger est aussi analys\u00e9e. L&rsquo;\u00e9tude de l&rsquo;organisation libertaire Solidarit\u00e9 internationale antifasciste et de celle contr\u00f4l\u00e9e par le Parti communiste fran\u00e7ais, le Secours rouge, vient souligner la faible visibilit\u00e9 des femmes, \u00e0 l&rsquo;exception de quelques figures souvent mises en avant dans ces organisations: Paula Feldstein pour la maison d&rsquo;enfants de la Solidarit\u00e9 internationale antifasciste; et Agn\u00e8s Dumay dans le cas du Secours rouge, devenu populaire, morte sous les bombes franquistes en d\u00e9cembre 1938, alors qu&rsquo;elle organisait le d\u00e9part d&rsquo;enfants.<\/p>\n<p>Le r\u00f4le des intellectuelles et des artistes parties en Espagne est \u00e9galement abord\u00e9 dans \u00a1Solidarias!. L&rsquo;engagement de la photographe Gerda Taro, alors compagne de Robert Capa, est mis en valeur, l&rsquo;ouvrage soulignant l&rsquo;attention toute particuli\u00e8re qu&rsquo;elle a port\u00e9e \u00e0 l&rsquo;engagement des combattants. Certaines de ses photos sont aujourd&rsquo;hui devenues iconiques. Sa mort pr\u00e8s de la ligne de front en 1937 a encore renforc\u00e9 la l\u00e9gende.<\/p>\n<p><strong> Sylvain Boulouque <\/strong><\/p>\n<p>.<\/p>\n","protected":false},"excerpt":{"rendered":"<p>La participation des femmes \u00e0 la guerre civile espagnole entre 1936 et 1939 demeurait un angle encore peu \u00e9tudi\u00e9 par les chercheurs. Comme une repr\u00e9sentation de la misogynie de la soci\u00e9t\u00e9 masculine de l&rsquo;\u00e9poque. S&rsquo;ajoutent \u00e0 cela les particularit\u00e9s des combats en Espagne, des milices transform\u00e9es en arm\u00e9e r\u00e9guli\u00e8re jusqu&rsquo;\u00e0 l&rsquo;interdiction totale de la pr\u00e9sence &hellip; <a href=\"https:\/\/retirada37.com\/?p=3962\" class=\"more-link\">Continuer la lecture de <span class=\"screen-reader-text\">Ces femmes qui ont pris les armes pendant la guerre d&rsquo;Espagne<\/span>  <span class=\"meta-nav\">&rarr;<\/span><\/a><\/p>\n","protected":false},"author":3,"featured_media":0,"comment_status":"open","ping_status":"open","sticky":false,"template":"","format":"standard","meta":{"_bbp_topic_count":0,"_bbp_reply_count":0,"_bbp_total_topic_count":0,"_bbp_total_reply_count":0,"_bbp_voice_count":0,"_bbp_anonymous_reply_count":0,"_bbp_topic_count_hidden":0,"_bbp_reply_count_hidden":0,"_bbp_forum_subforum_count":0,"footnotes":""},"categories":[14,15],"tags":[],"class_list":["post-3962","post","type-post","status-publish","format-standard","hentry","category-histoire","category-temoignages-et-recits"],"_links":{"self":[{"href":"https:\/\/retirada37.com\/index.php?rest_route=\/wp\/v2\/posts\/3962","targetHints":{"allow":["GET"]}}],"collection":[{"href":"https:\/\/retirada37.com\/index.php?rest_route=\/wp\/v2\/posts"}],"about":[{"href":"https:\/\/retirada37.com\/index.php?rest_route=\/wp\/v2\/types\/post"}],"author":[{"embeddable":true,"href":"https:\/\/retirada37.com\/index.php?rest_route=\/wp\/v2\/users\/3"}],"replies":[{"embeddable":true,"href":"https:\/\/retirada37.com\/index.php?rest_route=%2Fwp%2Fv2%2Fcomments&post=3962"}],"version-history":[{"count":1,"href":"https:\/\/retirada37.com\/index.php?rest_route=\/wp\/v2\/posts\/3962\/revisions"}],"predecessor-version":[{"id":3963,"href":"https:\/\/retirada37.com\/index.php?rest_route=\/wp\/v2\/posts\/3962\/revisions\/3963"}],"wp:attachment":[{"href":"https:\/\/retirada37.com\/index.php?rest_route=%2Fwp%2Fv2%2Fmedia&parent=3962"}],"wp:term":[{"taxonomy":"category","embeddable":true,"href":"https:\/\/retirada37.com\/index.php?rest_route=%2Fwp%2Fv2%2Fcategories&post=3962"},{"taxonomy":"post_tag","embeddable":true,"href":"https:\/\/retirada37.com\/index.php?rest_route=%2Fwp%2Fv2%2Ftags&post=3962"}],"curies":[{"name":"wp","href":"https:\/\/api.w.org\/{rel}","templated":true}]}}