{"id":3957,"date":"2023-10-13T00:14:53","date_gmt":"2023-10-12T23:14:53","guid":{"rendered":"http:\/\/retirada37.com\/?p=3957"},"modified":"2023-10-11T09:27:24","modified_gmt":"2023-10-11T08:27:24","slug":"3957-2","status":"publish","type":"post","link":"https:\/\/retirada37.com\/?p=3957","title":{"rendered":""},"content":{"rendered":"<p><strong>ACTIVIT\u00c9S &#038; INTERVENTIONS DE L\u2019AMICALE DU CAMP DE CONCENTRATION DU VERNET D\u2019ARI\u00c8GE OCTOBRE-NOVEMBRE-D\u00c9CEMBRE 2023<\/strong><\/p>\n<p>\u2022 PARTENARIAT avec l\u2019association IBERIA CULTURA de Pamiers :<\/p>\n<p><strong>CONF\u00c9RENCE<\/strong> le samedi 14 octobre de 14h \u00e0 16h, \u00e0 la salle Iberia Cultura \u00e0 c\u00f4t\u00e9 de la salle du Jeu du Mail : \u00ab\u00a0Voyage dans le curieux pays du Vernet\u00a0\u00bb Le croirez-vous, cette conf\u00e9rence a \u00e9t\u00e9 pr\u00e9sent\u00e9e pour la premi\u00e8re fois au printemps 1940 dans le camp de concentration du Vernet d\u2019Ari\u00e8ge par Sandor GARA\u00cf et Ewald ZWEIG !!! Imagin\u00e9e par ces deux intern\u00e9s, elle s\u2019articule autour d\u2019une pi\u00e8ce de th\u00e9\u00e2tre, \u00ab\u00a0La grande illusion\u00a0\u00bb, &#038; d\u2019un carnet de dessins, \u00ab\u00a0Voyage dans le curieux pays du Vernet\u00a0\u00bb Les dessins du carnet &#038; les d\u00e9cors de la pi\u00e8ce ont \u00e9t\u00e9 r\u00e9alis\u00e9s par un autre intern\u00e9 Vladimir MAKAROFF.<\/p>\n<p>C\u2019\u00e9taient des \u00c9trangers Ind\u00e9sirables, d\u00e9nomination officielle de l\u2019\u00e9poque&#8230; Ils avaient choisi de r\u00e9sister \u00e0 l\u2019absurde inhumanit\u00e9 &#038; \u00e0 la violence du syst\u00e8me concentrationnaire fran\u00e7ais mis en place par la Troisi\u00e8me R\u00e9publique Fran\u00e7aise &#038; amplifi\u00e9 par l\u2019\u00c9tat Fran\u00e7ais Fasciste de P\u00e9tain.<\/p>\n<p>Cette r\u00e9sistance s\u2019est exprim\u00e9e par le th\u00e9\u00e2tre et le dessin empreints d\u2019un humour noir profond&#8230;<\/p>\n<p><strong>EXPOSITIONS<\/strong> le samedi 14, le mardi 17, le mercredi 18 octobre de 14h \u00e0 18h \u00e0 la salle Iberia Cultura \u00e0 c\u00f4t\u00e9 de la salle du Jeu du Mail :<br \/>\nUne exposition pr\u00e9sentera l\u2019histoire du camp de concentration du Vernet d\u2019Ari\u00e8ge, l\u2019autre, la vie des r\u00e9publicains Espagnols \u00e0 Pamiers.<\/p>\n<p>\u2022 <strong>HISTOIRES DE SE RENCONTRER<\/strong> au Mas d\u2019Azil : EXPOSITION : \u00c9TRANGERS IND\u00c9SIRABLES 1939 1944 \u00e0 la salle des f\u00eates du Mas d\u2019Azil du 19 au 22 octobre :<br \/>\nCette exposition pr\u00e9sente une s\u00e9lection de notre fonds iconographique riche de 800 dessins concentrationnaires. Tous ceux qui sont expos\u00e9s ont \u00e9t\u00e9 r\u00e9alis\u00e9s par les artistes pendant leur internement. Nous pouvons l\u2019affirmer car la plupart sont dat\u00e9s &#038; portent la mention manuscrite des artistes, Vernet ou Camp du Vernet.<\/p>\n<p>Ces dessins peuvent avoir plusieurs lectures artistique, \u00e9motionnelle, historique. Chacune\/chacun appr\u00e9ciera ces \u0153uvres avec son ressenti personnel. Le talent des artistes, l\u2019\u00e9motion provoqu\u00e9e par les dessins, le c\u00f4t\u00e9 historique feront vibrer votre c\u0153ur.<\/p>\n<p>Vous pourrez en apprendre un peu plus sur ces artistes intern\u00e9s gr\u00e2ce aux biographies quand nous avons pu les r\u00e9aliser avec le concours de leurs familles ou de leurs proches. Vous verrez aussi les fiches d\u2019internement des artistes ou des personnes qu\u2019ils ont dessin\u00e9es. La plupart de ces documents ont \u00e9t\u00e9 trouv\u00e9s dans les Archives D\u00e9partementales de l\u2019Ari\u00e8ge \u00e0 Foix. Les cotes indiqu\u00e9es attestent de l\u2019authenticit\u00e9 de ces documents.<\/p>\n<p>Ces dessins ont \u00e9t\u00e9 sortis du camp de concentration du Vernet d\u2019Ari\u00e8ge par les<br \/>\nintern\u00e9s eux-m\u00eames ou par des gardiens avec qui ils avaient sans doute effectu\u00e9 du troc. Tous ces originaux nous ont \u00e9t\u00e9 donn\u00e9s par leurs familles ou leurs proches. 279 dessins encadr\u00e9s sont rang\u00e9s dans des caisses compartiment\u00e9es \u00e9quip\u00e9es de roulettes, ce qui permet de les prot\u00e9ger &#038; de les d\u00e9placer facilement pour les expositions.<\/p>\n<p>Les autres dessins sont rang\u00e9s dans des enveloppes en attente de financement pour<br \/>\nleur offrir un \u00e9crin qui assurera leur p\u00e9rennit\u00e9.<\/p>\n<p>Visite comment\u00e9e de l\u2019exposition le vendredi 20 octobre \u00e0 19h.<br \/>\nVisites de groupes scolaires ou non sur r\u00e9servation au 06 79 90 30 48<br \/>\nProgramme complet sur : www.rencontretheatraleducarlabayle.wordpress.com<\/p>\n<p>\u2022 <strong>CONF\u00c9RENCE <\/strong>: \u00ab\u00a0Des anarchistes face au franquisme\u00a0\u00bb par Jo\u00ebl Ruiz, le 26 octobre \u00e0 20h30, salle Espalioux \u00e0 Pamiers.<\/p>\n<p><strong>C\u00c9R\u00c9MONIE <\/strong>\u00ab\u00a0LES OUBLI\u00c9S DE LA TOUSSAINT\u00a0\u00bb au cimeti\u00e8re Le 1er novembre \u00e0 11h, nous nous retrouverons pour cette c\u00e9r\u00e9monie afin d\u2019honorer LA M\u00c9MOIRE DES COMBATTANTS<br \/>\nANTIFASCISTES CONNUS OU INCONNUS MORTS POUR LA LIBERT\u00c9 DES PEUPLES.<\/p>\n<p>Apr\u00e8s les prises de parole devant la st\u00e8le les personnes pr\u00e9sentes seront invit\u00e9es \u00e0 participer activement \u00e0 la c\u00e9r\u00e9monie :<\/p>\n<p>\u2022 D\u2019abord en lisant les noms de tous les intern\u00e9s d\u00e9c\u00e9d\u00e9s \u00e0 cause de leurs conditions d\u2019internement<\/p>\n<p>\u2022 Puis, il faudra d\u00e9poser une fleur sur chaque tombe afin qu\u2019ils ne tombent pas dans l\u2019oubli.<\/p>\n<p>\u2022 Ensuite il s\u2019agira de d\u00e9voiler des m\u00e9daillons sur certaines tombes : ce sont nos recherches qui nous ont permis de d\u00e9couvrir ces photos des intern\u00e9s &#038; ainsi les sortir un peu plus de leur anonymat. Ci-contre, une photo d&rsquo;Antonio Guirau.<\/p>\n<p>\u2022 Nous partagerons ensuite le pot de l\u2019Amicaliti\u00e9.<\/p>\n<p>HISTOIRE DE M\u00c9MOIRE &#038; M\u00c9MOIRE DE L&rsquo;HISTOIRE \u00e0 Pailh\u00e8s<\/p>\n<p>o Salle des f\u00eates de Pailh\u00e8s, le vendredi 24 novembre \u00e0 20h :<strong> SPECTACLE <\/strong>: \u00ab\u00a0Quand je pense \u00e0 elle\u00a0\u00bb Avec D\u00e9lia Escuer et Clara Declercq (en voix off)<\/p>\n<p>L&rsquo;exil des R\u00e9publicains espagnols \u00e0 travers trois g\u00e9n\u00e9rations de femmes dans un \u00ab\u00a0seule en sc\u00e8ne\u00a0\u00bb, la com\u00e9dienne interpr\u00e8te tour \u00e0 tour le r\u00f4le de sa m\u00e8re et son<br \/>\npropre r\u00f4le. Elle voyage entre Madrid et Paris au rythme des musiques et de la voix off de sa petite fille. Pour seul d\u00e9cor, unfauteuil dans lequel elle fait revivre ses personnages. Un spectacle \u00e9mouvant \u00e0 ne pas manquer.<\/p>\n<p>o Salle des f\u00eates de Pailh\u00e8s, le vendredi 1er d\u00e9cembre \u00e0 20h :<\/p>\n<p><strong> CONF\u00c9RENCE<\/strong> \u00ab\u00a0Voyage dans le curieux pays du Vernet\u00a0\u00bb<br \/>\nLe croirez-vous, cette conf\u00e9rence a \u00e9t\u00e9 pr\u00e9sent\u00e9e pour la premi\u00e8re fois au<br \/>\nprintemps 1940 dans le camp de concentration du Vernet d\u2019Ari\u00e8ge par Sandor GARA\u00cf EtEwald ZWEIG !!!<\/p>\n<p>Imagin\u00e9e par ces deux intern\u00e9s, elle s\u2019articule autour d\u2019une pi\u00e8ce de th\u00e9\u00e2tre, \u00ab\u00a0La grande illusion\u00a0\u00bb, &#038; d\u2019un carnet de dessins, \u00ab\u00a0Voyage dans le curieux pays du Vernet\u00a0\u00bb Les dessins du carnet &#038; les d\u00e9cors de la pi\u00e8ce ont \u00e9t\u00e9 r\u00e9alis\u00e9s par<br \/>\nun autre intern\u00e9 Vladimir MAKAROFF.<\/p>\n<p>C\u2019\u00e9taient des \u00c9trangers Ind\u00e9sirables, d\u00e9nomination officielle de l\u2019\u00e9poque&#8230; Ils avaient choisi de r\u00e9sister \u00e0 l\u2019absurde inhumanit\u00e9 &#038; \u00e0 la violence du syst\u00e8me concentrationnaire fran\u00e7ais mis en place par la Troisi\u00e8me R\u00e9publique Fran\u00e7aise &#038; amplifi\u00e9 par l\u2019\u00c9tat Fran\u00e7ais Fasciste de P\u00e9tain. Cette r\u00e9sistance s\u2019est exprim\u00e9e par le th\u00e9\u00e2tre et le dessin empreints d\u2019un humour noir profond&#8230;<\/p>\n<p>Dimanche 30 juin 2024 : c\u00e9r\u00e9monie pour comm\u00e9morer les 80 ans de la fermeture du camp de concentration du Vernet d\u2019Ari\u00e8ge sur le parvis de la gare. 1716 RUBANS de M\u00c9MOIRE seront accroch\u00e9s aux grilles de l\u2019Espace Gare-Wagon lors de cette c\u00e9r\u00e9monie. Nous comptons sur votre pr\u00e9sence pour nous aider \u00e0 r\u00e9aliser ce projet.<br \/>\nDimanche 1er d\u00e9cembre 2024, 80\u00e8me anniversaire de la cr\u00e9ation de notre Amicale.<\/p>\n<p>A consulter ici : <a href=\"https:\/\/retirada37.com\/wp-content\/uploads\/2023\/07\/Inscriptions-RTF-2023.doc\">Inscriptions RTF 2023<\/a><\/p>\n","protected":false},"excerpt":{"rendered":"<p>ACTIVIT\u00c9S &#038; INTERVENTIONS DE L\u2019AMICALE DU CAMP DE CONCENTRATION DU VERNET D\u2019ARI\u00c8GE OCTOBRE-NOVEMBRE-D\u00c9CEMBRE 2023 \u2022 PARTENARIAT avec l\u2019association IBERIA CULTURA de Pamiers : CONF\u00c9RENCE le samedi 14 octobre de 14h \u00e0 16h, \u00e0 la salle Iberia Cultura \u00e0 c\u00f4t\u00e9 de la salle du Jeu du Mail : \u00ab\u00a0Voyage dans le curieux pays du Vernet\u00a0\u00bb Le &hellip; <a href=\"https:\/\/retirada37.com\/?p=3957\" class=\"more-link\">Continuer la lecture de <span class=\"screen-reader-text\"><\/span>  <span class=\"meta-nav\">&rarr;<\/span><\/a><\/p>\n","protected":false},"author":3,"featured_media":0,"comment_status":"open","ping_status":"open","sticky":false,"template":"","format":"standard","meta":{"_bbp_topic_count":0,"_bbp_reply_count":0,"_bbp_total_topic_count":0,"_bbp_total_reply_count":0,"_bbp_voice_count":0,"_bbp_anonymous_reply_count":0,"_bbp_topic_count_hidden":0,"_bbp_reply_count_hidden":0,"_bbp_forum_subforum_count":0,"footnotes":""},"categories":[2],"tags":[],"class_list":["post-3957","post","type-post","status-publish","format-standard","hentry","category-actualites"],"_links":{"self":[{"href":"https:\/\/retirada37.com\/index.php?rest_route=\/wp\/v2\/posts\/3957","targetHints":{"allow":["GET"]}}],"collection":[{"href":"https:\/\/retirada37.com\/index.php?rest_route=\/wp\/v2\/posts"}],"about":[{"href":"https:\/\/retirada37.com\/index.php?rest_route=\/wp\/v2\/types\/post"}],"author":[{"embeddable":true,"href":"https:\/\/retirada37.com\/index.php?rest_route=\/wp\/v2\/users\/3"}],"replies":[{"embeddable":true,"href":"https:\/\/retirada37.com\/index.php?rest_route=%2Fwp%2Fv2%2Fcomments&post=3957"}],"version-history":[{"count":3,"href":"https:\/\/retirada37.com\/index.php?rest_route=\/wp\/v2\/posts\/3957\/revisions"}],"predecessor-version":[{"id":3961,"href":"https:\/\/retirada37.com\/index.php?rest_route=\/wp\/v2\/posts\/3957\/revisions\/3961"}],"wp:attachment":[{"href":"https:\/\/retirada37.com\/index.php?rest_route=%2Fwp%2Fv2%2Fmedia&parent=3957"}],"wp:term":[{"taxonomy":"category","embeddable":true,"href":"https:\/\/retirada37.com\/index.php?rest_route=%2Fwp%2Fv2%2Fcategories&post=3957"},{"taxonomy":"post_tag","embeddable":true,"href":"https:\/\/retirada37.com\/index.php?rest_route=%2Fwp%2Fv2%2Ftags&post=3957"}],"curies":[{"name":"wp","href":"https:\/\/api.w.org\/{rel}","templated":true}]}}