{"id":3949,"date":"2023-10-06T13:03:17","date_gmt":"2023-10-06T12:03:17","guid":{"rendered":"http:\/\/retirada37.com\/?p=3949"},"modified":"2023-10-06T13:03:17","modified_gmt":"2023-10-06T12:03:17","slug":"labrogation-par-pp-et-vox-de-la-loi-de-la-memoire-provoque-une-reaction-massive-et-sans-precedent-de-la-societe-civile-cantabrique-contre-le-negationnisme-historique","status":"publish","type":"post","link":"https:\/\/retirada37.com\/?p=3949","title":{"rendered":"L\u2019abrogation par PP et Vox de la loi de la m\u00e9moire provoque une r\u00e9action massive et sans pr\u00e9c\u00e9dent de la soci\u00e9t\u00e9 civile cantabrique \u00ab contre le n\u00e9gationnisme historique \u00bb"},"content":{"rendered":"<p>\nLa Plateforme pour la m\u00e9moire et la d\u00e9mocratie de Cantabrie est cr\u00e9\u00e9e en 48 heures, \u00e0 laquelle 800 personnes ont d\u00e9j\u00e0 adh\u00e9r\u00e9 individuellement, ainsi que 65 organisations, y compris des syndicats et des partis tels que PRC, PSOE et Podemos, ainsi que des collectifs du reste du pays.<\/p>\n<p>\u2022\t<strong> PP et Vox stoppent la r\u00e9cup\u00e9ration de la m\u00e9moire historique en Cantabrie : \u00ab Ils veulent perp\u00e9tuer l\u2019oubli que le franquisme a \u00e9tabli \u00bb<\/strong><\/p>\n<p>La d\u00e9cision du PP et de Vox d\u2019abroger au Parlement de Cantabrie la loi sur la m\u00e9moire historique approuv\u00e9e il y a quelques mois a d\u00e9clench\u00e9 un mouvement citoyen contre cela, en un temps record de 48 heures, a signifi\u00e9 la cr\u00e9ation d\u2019une plate-forme \u00e0 laquelle 800 citoyens de la Communaut\u00e9 ont d\u00e9j\u00e0 adh\u00e9r\u00e9, ainsi que des partis, des syndicats et des collectifs, \u00e9galement d\u2019autres autonomies du pays.<\/p>\n<p><strong>Il n\u2019y a pas de d\u00e9mocratie sans m\u00e9moire<\/strong><\/p>\n<p>La Plate-forme M\u00e9moire et D\u00e9mocratie de Cantabrie a \u00e9t\u00e9 pr\u00e9sent\u00e9e ce mercredi lors d\u2019une conf\u00e9rence de presse tenue dans l\u2019espace critique La Vor\u00e1gine de Santander, o\u00f9 un manifeste a \u00e9t\u00e9 rendu public dans lequel l\u2019attitude du Parti populaire et de Vox est censur\u00e9e, tandis que la m\u00e9moire des victimes de la guerre civile et du franquisme est revendiqu\u00e9e. La plate-forme re\u00e7oit des adh\u00e9sions continues et ces jours-ci, elle continuera \u00e0 \u00eatre structur\u00e9e pour mener des initiatives de protestation et de sensibilisation.<\/p>\n<p>Parmi les partis qui ont rejoint la plate-forme figurent le PSOE, Podemos, Izquierda Unida et le PRC de Miguel \u00c1ngel Revilla. Les principaux syndicats de Cantabrie ont \u00e9galement \u00e9t\u00e9 int\u00e9gr\u00e9s.<\/p>\n<p>\u00ab La tentative de Vox et du PP de mettre fin \u00e0 la loi de la m\u00e9moire historique et d\u00e9mocratique active un r\u00e9seau sans pr\u00e9c\u00e9dent avec des dizaines de collectifs de m\u00e9moire, d\u2019organisations, d\u2019associations, de syndicats et de partis politiques dans la r\u00e9gion \u00bb, ont rapport\u00e9 les promoteurs de cette initiative. \u00ab La Plateforme est n\u00e9e autour d\u2019un manifeste dans lequel ils annoncent une r\u00e9ponse plurielle, diverse et profond\u00e9ment d\u00e9mocratique aux tentatives de r\u00e9cup\u00e9rer les discours qui l\u00e9gitiment le coup d\u2019\u00c9tat de 1936 et la dictature, \u00ab dont nous subissons encore les cons\u00e9quences \u00bb.<\/p>\n<p>Le PP a approuv\u00e9 le 25 septembre une initiative de Vox par laquelle le Parlement cantabrique a exhort\u00e9 l\u2019ex\u00e9cutif r\u00e9gional (PP) \u00e0 pr\u00e9senter \u00ab d\u00e8s que possible \u00bb un projet de loi abrogeant la loi sur la m\u00e9moire historique et d\u00e9mocratique de Cantabrie approuv\u00e9e lors du dernier mandat par le PRC et le PSOE. Au cours du d\u00e9bat de l\u2019initiative, les r\u00e9gionalistes et les socialistes ont d\u00e9fendu que cette norme cherche la \u00ab justice \u00bb et donne une couverture juridique \u00ab \u00e0 tous ceux qui ont souffert \u00bb dans la p\u00e9riode qui va de la guerre civile jusqu\u2019\u00e0 l\u2019entr\u00e9e en vigueur de la Constitution de 1978, car \u00ab elle ne parle pas de partis, de vainqueurs ou de vaincus \u00bb.<\/p>\n<p>Les partis de la droite cantabrique, cependant, continuent de maintenir leur position p\u00e9jorative, comme l\u2019a r\u00e9cemment d\u00e9clar\u00e9 le porte-parole du PP, Juan Jos\u00e9 Alonso, qui, dans une interview \u00e0 ce m\u00e9dia, a consid\u00e9r\u00e9 que la l\u00e9gislation qui doit \u00eatre abrog\u00e9e est sectaire. \u00ab Je ne comprends pas que la position du Parti populaire soit surprenante \u00bb, a-t-il d\u00e9clar\u00e9. La derni\u00e8re l\u00e9gislature le PP a rejet\u00e9 cette loi parce qu\u2019elle la consid\u00e9rait sectaire et partisane, quand elle diff\u00e9renciait les victimes d\u2019un c\u00f4t\u00e9 et de l\u2019autre, alors que le PP a toujours d\u00e9fendu une loi d\u2019unit\u00e9. \u00bb<\/p>\n<p>En toile de fond, il y a le caract\u00e8re unique de la Cantabrie sur la carte r\u00e9gionale nationale: le PP gouverne seul sans donner acc\u00e8s au gouvernement de Mar\u00eda Jos\u00e9 S\u00e1enz de Buruaga \u00e0 Vox, ce qui ne l\u2019a pas emp\u00each\u00e9 d\u2019\u00eatre un \u00ab pionnier \u00bb dans l\u2019abrogation des lois r\u00e9gionales qui d\u00e9veloppent la l\u00e9gislation sur la m\u00e9moire d\u00e9mocratique.<\/p>\n<p>La mobilisation citoyenne, sans pr\u00e9c\u00e9dent dans l\u2019histoire r\u00e9cente de la Communaut\u00e9, est une r\u00e9action contre \u00ab le n\u00e9gationnisme d\u2019une partie de l\u2019arc politique sur la n\u00e9cessaire m\u00e9moire historique, d\u00e9mocratique et collective face \u00e0 la r\u00e9pression exerc\u00e9e par les putschistes et leurs complices, ainsi que par la dictature franquiste depuis des d\u00e9cennies \u00bb, indique le manifeste.<\/p>\n<p>En r\u00e9action, cette \u00ab large, diverse et suppose l\u2019alliance de dizaines d\u2019organisations et de citoyens \u00bb a \u00e9merg\u00e9, dont l\u2019objectif est \u00ab d\u2019approfondir une d\u00e9mocratie juste et cr\u00e9dible et de corriger la dette historique honteuse de ce pays avec les victimes de la violation syst\u00e9matique des droits de l\u2019homme qui dure depuis plus de quatre d\u00e9cennies.<\/p>\n<p>La Plateforme articulera une \u00ab r\u00e9ponse plurielle, diverse et profond\u00e9ment d\u00e9mocratique aux tentatives de r\u00e9cup\u00e9ration des discours qui l\u00e9gitiment le coup d\u2019\u00c9tat et la dictature, dont nous subissons encore les cons\u00e9quences \u00bb.<br \/>\nDans la plate-forme se trouvent les principales associations de m\u00e9moire historique et de victimes du franquisme en Cantabrie, mais il y a aussi des organisations populaires, des collectifs culturels, des syndicats (CCOO, UGT, STEC ou CGT, entre autres) ou des partis politiques (PSOE de Santander, PRC, Gauche unie, Podemos, Anticapitalistas, entre autres). De plus, le manifeste a d\u00e9j\u00e0 re\u00e7u le soutien de 31 organisations de m\u00e9moire du reste du pays et avait \u00e9t\u00e9 sign\u00e9, jusqu\u2019\u00e0 8 heures du matin le 4 octobre, par 756 citoyens. Tant le manifeste que la Plateforme M\u00e9moire et D\u00e9mocratie de Cantabrie laissent les portes ouvertes \u00e0 l\u2019incorporation d\u2019organisations et de groupes et \u00e0 l\u2019adh\u00e9sion des citoyens.<\/p>\n<p>La Plate-forme est n\u00e9e avec l\u2019intention de promouvoir une forte campagne p\u00e9dagogique dans la communaut\u00e9 autonome pour sensibiliser \u00e0 l\u2019importance de la m\u00e9moire historique \u00ab pour construire sur la reconnaissance de la v\u00e9rit\u00e9 historique un avenir digne dans lequel le pass\u00e9 n\u2019est pas un d\u00e9sert de m\u00e9moire ou une for\u00eat de silences honteux \u00bb.<\/p>\n<p><strong>Manifeste <\/strong><\/p>\n<p>\u00ab Les organisations, collectifs, groupes et citoyens soussign\u00e9s, avant :<\/p>\n<p>\u2022\tLa n\u00e9gation d\u2019une partie de l\u2019arc politique sur la n\u00e9cessaire m\u00e9moire historique, d\u00e9mocratique et collective face \u00e0 la r\u00e9pression exerc\u00e9e par les putschistes et leurs complices, ainsi que par la dictature franquiste depuis des d\u00e9cennies,<\/p>\n<p>\u2022\tL\u2019invisibilit\u00e9 des victimes de torture, d\u2019emprisonnements ill\u00e9gaux, de proc\u00e8s \u00ab sommaires \u00bb, de bombardements de civils sans d\u00e9fense, de camps de concentration, de travail forc\u00e9, de disparitions forc\u00e9es, d\u2019ex\u00e9cutions extrajudiciaires, de d\u00e9portations, de stigmatisation, d\u2019expropriation ill\u00e9gale de biens, de violences sexuelles comme outil de harc\u00e8lement et de terreur, d\u2019exil politique, etc.,<\/p>\n<p>\u2022\tLe d\u00e9ni de la r\u00e9pression syst\u00e9matique contre les femmes, du vol de b\u00e9b\u00e9s et des structures verticales de domination et d\u2019enfermement des femmes qui \u00e9taient op\u00e9rationnelles jusqu\u2019\u00e0 il y a quelques d\u00e9cennies,<\/p>\n<p>\u2022\tL\u2019insistance \u00e0 dissimuler que la plupart de ces violations des droits de l\u2019homme ont eu lieu apr\u00e8s la fin de la guerre,<\/p>\n<p>\u2022\tLa dette historique de notre syst\u00e8me politique actuel envers ces victimes qui se traduit par une absence quasi totale de v\u00e9rit\u00e9, de justice, de r\u00e9paration et de garanties de non-r\u00e9p\u00e9tition,<\/p>\n<p>\u2022\tLa tentative fallacieuse d\u2019assimiler les victimes ou de pr\u00e9senter des revendications de v\u00e9rit\u00e9 et de justice \u00e0 des actes de vengeance,<\/p>\n<p>\u2022\tLa l\u00e9gitimation et l\u2019acceptation des auteurs et des avantages qu\u2019ils ont obtenus par le travail r\u00e9duit en esclavage ou le pillage des biens et des biens des victimes de la r\u00e9pression,<\/p>\n<p>\u2022\tLe silence sur le r\u00f4le complice avec l\u2019appareil r\u00e9pressif de l\u2019\u00c9glise catholique officielle, ainsi que d\u2019autres structures sociales qui \u00e9taient fonctionnelles au syst\u00e8me,<\/p>\n<p>\u2022\tLa r\u00e9duction de la m\u00e9moire \u00e0 la p\u00e9riode de guerre et de dictature, ignorant que tout ne s\u2019est pas termin\u00e9 le 20 novembre 1975 mais, dans ce cadre, des violations des droits de l\u2019homme ont \u00e9t\u00e9 enregistr\u00e9es pendant la \u00ab Transition \u00bb et \u00e0 l\u2019\u00e9poque coloniale espagnole, et que tout fait partie de la m\u00e9moire historique n\u00e9cessaire,<\/p>\n<p>\u2022\tLe d\u00e9ficit d\u00e9mocratique et l\u2019affront \u00e0 la dignit\u00e9 de notre soci\u00e9t\u00e9 qui font que les auteurs mat\u00e9riels et intellectuels de ces violations des droits de l\u2019homme n\u2019ont pas \u00e9t\u00e9 traduits en justice,<\/p>\n<p>\u2022\tLes d\u00e9nonciations permanentes de l\u2019ONU sur les violations commises par l\u2019\u00c9tat espagnol qui, comme l\u2019explique Fabi\u00e1n Salvioli, Rapporteur sp\u00e9cial des Nations Unies pour la v\u00e9rit\u00e9, la justice, la r\u00e9paration et les garanties de non-r\u00e9p\u00e9tition, se traduisent par une \u00ab tentative absurde d\u2019\u00e9tablir une politique d\u2019oubli forc\u00e9 \u00bb.<\/p>\n<p>Et avant l\u2019approbation par le Parlement de Cantabrie d\u2019une proposition non l\u00e9gislative visant \u00e0 abroger la loi de m\u00e9moire historique et d\u00e9mocratique de Cantabrie, bas\u00e9e sur des mensonges historiques, sur un r\u00e9cit d\u2019\u00e9quidistance et d\u00e9fendue agressivement envers les organisations de victimes du franquisme, nous d\u00e9clarons que:<\/p>\n<p>\u2022\tLa soci\u00e9t\u00e9 civile, et en particulier les organisations de victimes, a jou\u00e9 un r\u00f4le cl\u00e9 dans l\u2019approbation de la loi sur la m\u00e9moire historique et d\u00e9mocratique de Cantabrie qui, bien qu\u2019insuffisante, constituait un premier pas vers la justice,<\/p>\n<p>\u2022\tNous nous constituons dans la Plateforme M\u00e9moire et D\u00e9mocratie de Cantabrie,<\/p>\n<p>\u2022\tCette plate-forme est large, diversifi\u00e9e et implique l\u2019alliance de dizaines d\u2019organisations et de citoyens conscients que si nous voulons approfondir une d\u00e9mocratie juste et cr\u00e9dible, il est essentiel de corriger la dette historique honteuse de ce pays avec les victimes de la violation<br \/>\nsyst\u00e9matique des droits de l\u2019homme qui dure depuis plus de quatre d\u00e9cennies,<\/p>\n<p>\u2022\tLa Plateforme articulera une r\u00e9ponse plurielle, diverse et profond\u00e9ment d\u00e9mocratique aux tentatives de r\u00e9cup\u00e9ration des discours qui l\u00e9gitiment le coup d\u2019\u00c9tat et la dictature, dont nous subissons encore les cons\u00e9quences.<br \/>\nNous invitons les citoyens \u00e0 rejeter la d\u00e9formation de notre histoire et les messages qui nient, minimisent ou l\u00e9gitiment un r\u00e9gime de terreur qui a fait des dizaines de milliers de victimes et \u00e0 se mobiliser pour construire sur la reconnaissance de la v\u00e9rit\u00e9 historique un avenir digne dans lequel le pass\u00e9 n\u2019est pas un d\u00e9sert de m\u00e9moire ou une for\u00eat de silences honteux.<\/p>\n<p><a href=\"https:\/\/retirada37.com\/wp-content\/uploads\/2023\/10\/el-dario.jpg\"><img loading=\"lazy\" decoding=\"async\" src=\"https:\/\/retirada37.com\/wp-content\/uploads\/2023\/10\/el-dario.jpg\" alt=\"\" width=\"365\" height=\"90\" class=\"alignnone size-full wp-image-3950\" srcset=\"https:\/\/retirada37.com\/wp-content\/uploads\/2023\/10\/el-dario.jpg 365w, https:\/\/retirada37.com\/wp-content\/uploads\/2023\/10\/el-dario-300x74.jpg 300w\" sizes=\"auto, (max-width: 365px) 100vw, 365px\" \/><\/a><\/p>\n","protected":false},"excerpt":{"rendered":"<p>La Plateforme pour la m\u00e9moire et la d\u00e9mocratie de Cantabrie est cr\u00e9\u00e9e en 48 heures, \u00e0 laquelle 800 personnes ont d\u00e9j\u00e0 adh\u00e9r\u00e9 individuellement, ainsi que 65 organisations, y compris des syndicats et des partis tels que PRC, PSOE et Podemos, ainsi que des collectifs du reste du pays. \u2022 PP et Vox stoppent la r\u00e9cup\u00e9ration &hellip; <a href=\"https:\/\/retirada37.com\/?p=3949\" class=\"more-link\">Continuer la lecture de <span class=\"screen-reader-text\">L\u2019abrogation par PP et Vox de la loi de la m\u00e9moire provoque une r\u00e9action massive et sans pr\u00e9c\u00e9dent de la soci\u00e9t\u00e9 civile cantabrique \u00ab contre le n\u00e9gationnisme historique \u00bb<\/span>  <span class=\"meta-nav\">&rarr;<\/span><\/a><\/p>\n","protected":false},"author":3,"featured_media":0,"comment_status":"open","ping_status":"open","sticky":false,"template":"","format":"standard","meta":{"_bbp_topic_count":0,"_bbp_reply_count":0,"_bbp_total_topic_count":0,"_bbp_total_reply_count":0,"_bbp_voice_count":0,"_bbp_anonymous_reply_count":0,"_bbp_topic_count_hidden":0,"_bbp_reply_count_hidden":0,"_bbp_forum_subforum_count":0,"footnotes":""},"categories":[2,14],"tags":[],"class_list":["post-3949","post","type-post","status-publish","format-standard","hentry","category-actualites","category-histoire"],"_links":{"self":[{"href":"https:\/\/retirada37.com\/index.php?rest_route=\/wp\/v2\/posts\/3949","targetHints":{"allow":["GET"]}}],"collection":[{"href":"https:\/\/retirada37.com\/index.php?rest_route=\/wp\/v2\/posts"}],"about":[{"href":"https:\/\/retirada37.com\/index.php?rest_route=\/wp\/v2\/types\/post"}],"author":[{"embeddable":true,"href":"https:\/\/retirada37.com\/index.php?rest_route=\/wp\/v2\/users\/3"}],"replies":[{"embeddable":true,"href":"https:\/\/retirada37.com\/index.php?rest_route=%2Fwp%2Fv2%2Fcomments&post=3949"}],"version-history":[{"count":1,"href":"https:\/\/retirada37.com\/index.php?rest_route=\/wp\/v2\/posts\/3949\/revisions"}],"predecessor-version":[{"id":3951,"href":"https:\/\/retirada37.com\/index.php?rest_route=\/wp\/v2\/posts\/3949\/revisions\/3951"}],"wp:attachment":[{"href":"https:\/\/retirada37.com\/index.php?rest_route=%2Fwp%2Fv2%2Fmedia&parent=3949"}],"wp:term":[{"taxonomy":"category","embeddable":true,"href":"https:\/\/retirada37.com\/index.php?rest_route=%2Fwp%2Fv2%2Fcategories&post=3949"},{"taxonomy":"post_tag","embeddable":true,"href":"https:\/\/retirada37.com\/index.php?rest_route=%2Fwp%2Fv2%2Ftags&post=3949"}],"curies":[{"name":"wp","href":"https:\/\/api.w.org\/{rel}","templated":true}]}}