{"id":3936,"date":"2023-07-25T16:43:30","date_gmt":"2023-07-25T15:43:30","guid":{"rendered":"http:\/\/retirada37.com\/?p=3936"},"modified":"2023-07-26T09:27:33","modified_gmt":"2023-07-26T08:27:33","slug":"jean-ortiz-nous-a-quitte","status":"publish","type":"post","link":"https:\/\/retirada37.com\/?p=3936","title":{"rendered":"Jean Ortiz nous a quitt\u00e9"},"content":{"rendered":"<p>Nous avons la tristesse d\u2019apprendre le d\u00e9c\u00e8s de Jean Ortiz. Ami de notre association Retirada37 il \u00e9tait venu \u00e0 Saint-Pierre-des-Corps en f\u00e9vrier 2018 nous parler avec la passion qui le caract\u00e9risait des Brigades internationales et de bien autres choses. Il avait pr\u00e9sent\u00e9 en juin 2016 avec \u00e9motion son film Compa\u00f1eras r\u00e9alis\u00e9 avec Dominique Gauthier. Jos\u00e9 Manuel Cano L\u00f3pez touch\u00e9 par ce film, nous a racont\u00e9 dans sa pi\u00e8ce de th\u00e9\u00e2tre documentaire \u00ab Romancero des ombres \u00bb la vie de ces \u00ab femmes aujourd\u2019hui \u00e2g\u00e9es qui ont \u00e9t\u00e9 plong\u00e9es dans les horreurs de la guerre, ont connu la disparition d\u2019\u00eatres chers, l\u2019exil vers la France. Ces t\u00e9moignages bouleversants sont tir\u00e9s du commentaire \u00ab Companeras \u00bb de Jean Ortiz et Dominique Gautier. \u00bb<\/p>\n<p> l&rsquo;Article dans l&rsquo;Huma<br \/>\nDisparition\u2009: Jean Ortiz, rouge passion<br \/>\nSp\u00e9cialiste de l\u2019Espagne r\u00e9publicaine et de l\u2019Am\u00e9rique latine, l\u2019ancien correspondant de l\u2019Humanit\u00e9 \u00e0 Cuba s\u2019est \u00e9teint, samedi, \u00e0 l\u2019\u00e2ge de 74  ans.<br \/>\nPubli\u00e9 le<br \/>\nDimanche 23 juillet 2023<br \/>\nPatrick Apel-Muller314091.<br \/>\n\u00ab\u2009 L\u2019ennemi s\u2019est infiltr\u00e9\u2009\u00bb, disait-il de sa maladie et de ce \u00ab\u2009diable de scanner qui a marqu\u00e9 un avant et un apr\u00e8s\u2009\u00bb, rendant plus \u00e9pisodiques ses textes sur son blog de l\u2019humanite.fr. Mais, bien conscient de la \u00ab\u2009d\u00e9faite \u00e0 venir\u2009\u00bb, Jean Ortiz \u00e9tait de ces \u00ab\u2009insomniaques qui guettent angoiss\u00e9s l\u2019aurore afin de reprendre la marche, chaque jour plus claudicante\u2009\u00bb. Pour ce \u00ab\u2009rojo, fils de rojo\u2009\u00bb, une retirada n\u2019interrompait pas le combat. Il s\u2019est \u00e9teint, samedi, \u00e0 l\u2019\u00e2ge de 74 ans.<\/p>\n<p>De l\u2019histoire tragique de l\u2019Espagne qui avait marqu\u00e9 sa famille, comme de la R\u00e9sistance dans laquelle son p\u00e8re avait combattu dans l\u2019Aveyron, Jean Ortiz tirait une le\u00e7on de courage et se faisait un devoir par ses livres d\u2019enqu\u00eates historiques et ses documentaires de r\u00e9tablir l\u2019ampleur du crime franquiste avec ses massacres, ses enfants vol\u00e9s, ses tombes effac\u00e9es. En 2010, il avait vigoureusement appuy\u00e9 le juge Garzon qui voulait que les crimes des partisans du Caudillo soient jug\u00e9s, malgr\u00e9 la loi d\u2019amnistie de 1977.<\/p>\n<p>\u00ab\u2009Je suis du pays de Jaur\u00e8s, disait aussi Jean Ortiz, du pays des prol\u00e9taires du textile, de la sid\u00e9rurgie, de la mine\u2009\u00bb<\/p>\n<p>\u00ab\u2009Je suis du pays de Jaur\u00e8s, disait aussi Jean Ortiz, du pays des prol\u00e9taires du textile, de la sid\u00e9rurgie, de la mine.\u2009\u00bb Cet enracinement de classe l\u2019avait naturellement conduit \u00e0 l\u2019engagement communiste. Il fut m\u00eame candidat du PCF \u00e0 deux reprises, lors d\u2019\u00e9lections l\u00e9gislatives dans ses terres tarnaises \u00e0 Castres (1973), puis en 9 e position dans le Sud-Ouest lors des \u00e9lections europ\u00e9ennes de 2009.<\/p>\n<p>\u00ab\u2009\u00catre r\u00e9volutionnaire, affirmait-il, c\u2019est contribuer \u00e0 faire de l\u2019humanit\u00e9 le moteur d\u2019une vie.\u2009\u00bb Il tissait son militantisme de tout ce qui faisait son \u00eatre singulier \u2013 pouvait-il faire autrement\u2009? \u2013, de ses passions, de ses \u00ab\u2009provocations jamais gratuites\u2009\u00bb, de son verbe enfi\u00e9vr\u00e9, de ses col\u00e8res parfois injustes sur lesquelles il savait revenir, de ce sentiment d\u2019urgence qui ne le quittait pas et qui le conduisait \u00e0 t\u00e9l\u00e9phoner au beau milieu de la nuit au directeur de la r\u00e9daction de l\u2019Humanit\u00e9. Comment lui en vouloir de partager ses insomnies\u2009? Sa sensibilit\u00e9 \u00e0 vif mettait souvent le doigt sur une ar\u00eate de l\u2019actualit\u00e9, sur le revers d\u2019un fait ou une information incompl\u00e8te.<\/p>\n<p>Devenu correspondant de l\u2019Humanit\u00e9 \u00e0 Cuba de 1977 \u00e0 1981 \u2013 il succ\u00e9dait \u00e0 Jos\u00e9 Fort et pr\u00e9c\u00e9dait Mait\u00e9 Pineiro \u2013, Jean Ortiz r\u00e9alise aussi de grands reportages en Am\u00e9rique latine. Il est ainsi au c\u0153ur de la r\u00e9volution au Nicaragua et accompagne une colonne de gu\u00e9rilleros sandinistes jusqu\u2019\u00e0 la prise de Managua. \u00c9pop\u00e9e inoubliable.<\/p>\n<p>Apr\u00e8s un bref passage parisien comme collaborateur du comit\u00e9 central du PCF sur l\u2019Am\u00e9rique latine, il quitte le journalisme pour une carri\u00e8re d\u2019enseignant, m\u00eame si l\u2019\u00e9criture d\u2019un \u00ab\u2009papier\u2009\u00bb le d\u00e9mangeait toujours et qu\u2019il y revenait comme \u00e0 une f\u00e9conde addiction.<\/p>\n<p>En 1982, Jean Ortiz soutient une th\u00e8se de troisi\u00e8me cycle et le jeune agr\u00e9g\u00e9 d\u2019espagnol devient ma\u00eetre de conf\u00e9rences \u00e0 l\u2019universit\u00e9 de Pau.<\/p>\n<p>CulturAmerica, un festival devenu vite incontournable<\/p>\n<p>Ses passions l\u2019y accompagnent et il cr\u00e9e un festival, CulturAmerica, dont il fait un pont avec l\u2019Am\u00e9rique latine, accueillant les personnalit\u00e9s progressistes et les intellectuels du continent, questionnant les exp\u00e9riences citoyennes qui y naissent et nouant des amiti\u00e9s, avec Evo Morales notamment.<\/p>\n<p>Le rendez-vous devient vite incontournable pour les chercheurs comme pour les amoureux de cette r\u00e9gion du monde. Devenu un sp\u00e9cialiste reconnu de l\u2019Am\u00e9rique centrale et du Sud, il produit plusieurs ouvrages \u2013 dont l\u2019un consacr\u00e9 \u00e0 Che Guevara (2) \u2013 et secoue les consciences sur les crimes de Pinochet avec l\u2019avocat chilien, son ami, Eduardo Contreras.<\/p>\n<p>Producteur d\u2019articles universitaires, Jean Ortiz touche \u00e0 de multiples domaines, sc\u00e9nariste et metteur en sc\u00e8ne avec son ami Dominique Gautier (3), mais \u00e9galement aficionado averti. Dans l\u2019Humanit\u00e9, il r\u00e9dige plusieurs articles de d\u00e9fense de la corrida et publie un ouvrage de r\u00e9f\u00e9rence, Tauromachie et repr\u00e9sentation du monde en Am\u00e9rique latine (\u00e9ditions Atlantica, 2005).<\/p>\n<p>Les \u00e9quipes de l\u2019Humanit\u00e9 expriment leurs condol\u00e9ances et leur amiti\u00e9 \u00e0 la famille de Jean et \u00e0 ses proches.<\/p>\n<p>(1) Lire notamment chez Atlantica\u2009: Mi guerra civil (2005)\u2009; Rouges. Maquis de France et d\u2019Espagne. les gu\u00e9rilleros (2006)\u2009; Gu\u00e9rilleros en B\u00e9arn. \u00c9tranges \u00ab\u2009terroristes\u2009\u00bb \u00e9trangers(2007)\u2009; chez la Librairie des territoires\u2009: Franco n\u2019est pas mort culo al sol\u2009! (2019). (2) Le Socialisme \u00e0 la cubaine, avec Georges Fournial (\u00c9ditons sociales, 1983)\u2009; Fulgencio Batista et les communistes. Qui a tromp\u00e9 le diable\u2009? (l\u2019Harmattan, 1998)\u2009; Vive le Che\u2009! (Arcane 17, 2017)\u2009; Julio Antonio Mella, l\u2019ange rebelle. Aux origines du communisme cubain (l\u2019Harmattan, 1999). (3) Rouge miroir(2005)\u2009; Le Cri du silence (2007)\u2009; Confidences cubaines (2007)\u2009; Paroles d\u2019anciens (2008)\u2009; Fils de rojo (2009).<\/p>\n<p>Poema  a Jean Ortiz<\/p>\n<p>Fallecido el 22 de julio de 2023.<\/p>\n<p>Rojo camarada Juan Ortiz,<\/p>\n<p>Rojo como la sangre de Espa\u00f1a.<\/p>\n<p>Rojo como la solidaridad obrera,<\/p>\n<p>La tuya, siempre con la mano tendida.<\/p>\n<p>Con Eloi y el Comandante Robert<\/p>\n<p>Quisiste echarnos una mano amiga,<\/p>\n<p>Desde Pau hasta Par\u00eds.<\/p>\n<p>Gracias, Rojo camarada indisciplinado Jean Ortiz.<\/p>\n<p>Tu guerra civil fue la nuestra.<\/p>\n<p>Rojos maquis de Francia y de Espa\u00f1a<\/p>\n<p>Los Guerrilleros,<\/p>\n<p>Rojas vidas, rojas memorias.<\/p>\n<p>Rojo audaz de todos los combates,<\/p>\n<p>Sindicales, universitarios,<\/p>\n<p>Sociales, culturales, pol\u00edticos<\/p>\n<p>Sin olvidar al humilde obrero,<\/p>\n<p>A tu padre Enrique, obrero,<\/p>\n<p>Al m\u00edo, Daniel, obrero tambi\u00e9n,<\/p>\n<p>Quienes en Espa\u00f1a, <\/p>\n<p>En Francia so\u00f1aron con Lenin.<\/p>\n<p>Tus nobles ideales : Cuba y  el Che,<\/p>\n<p>Chile, Evo Morales, Hugo Chaves,<\/p>\n<p>Cecilio Gordillo, la reforma agraria en  Andaluc\u00eda.<\/p>\n<p>Hijo de rojo, allez, allez !<\/p>\n<p>Compa\u00f1eras, Dominique Gautier.<\/p>\n<p>La R\u00e9publique est de retour<\/p>\n<p>S \u00ed, como no, ya vuelve la Ni\u00f1a Bonita<\/p>\n<p>Para t\u00ed, su gran palad\u00edn,<\/p>\n<p>Para todos los rojos, para hombres nuevos, de ideales nuevos.<\/p>\n<p>R\u00eavons, c\u2019est pour bient\u00f4t, camarade Jean Ortiz.<\/p>\n<p>Duerme en paz, camarada, amigo Juan Ortiz,<\/p>\n<p>\u00a1 Aqu\u00ed, con nosotros, con la Tricolor,<\/p>\n<p>Para siempre est\u00e1s !<\/p>\n<p>Rose-Marie Serrano<\/p>\n<p>(Amis des R\u00e9publicains Espagnols de RP, Par\u00eds 25\/07\/23).<\/p>\n<p><strong>Une v\u00eddeo de Jean Ortiz prise par Elizabeth Maugars lors de son passage \u00e0 la biblioth\u00e8que de Saint-Pierre-des-Corps le 20 f\u00e9vrier 2018 \u00e0 l\u2019invitation de Retirada37 :<\/strong> <\/p>\n<blockquote><p><iframe loading=\"lazy\" width=\"560\" height=\"315\" src=\"https:\/\/www.youtube.com\/embed\/kEfVK5EmlhM\" title=\"YouTube video player\" frameborder=\"0\" allow=\"accelerometer; autoplay; clipboard-write; encrypted-media; gyroscope; picture-in-picture; web-share\" allowfullscreen><\/iframe><\/p><\/blockquote>\n","protected":false},"excerpt":{"rendered":"<p>Nous avons la tristesse d\u2019apprendre le d\u00e9c\u00e8s de Jean Ortiz. Ami de notre association Retirada37 il \u00e9tait venu \u00e0 Saint-Pierre-des-Corps en f\u00e9vrier 2018 nous parler avec la passion qui le caract\u00e9risait des Brigades internationales et de bien autres choses. Il avait pr\u00e9sent\u00e9 en juin 2016 avec \u00e9motion son film Compa\u00f1eras r\u00e9alis\u00e9 avec Dominique Gauthier. Jos\u00e9 &hellip; <a href=\"https:\/\/retirada37.com\/?p=3936\" class=\"more-link\">Continuer la lecture de <span class=\"screen-reader-text\">Jean Ortiz nous a quitt\u00e9<\/span>  <span class=\"meta-nav\">&rarr;<\/span><\/a><\/p>\n","protected":false},"author":2,"featured_media":0,"comment_status":"open","ping_status":"open","sticky":false,"template":"","format":"standard","meta":{"_bbp_topic_count":0,"_bbp_reply_count":0,"_bbp_total_topic_count":0,"_bbp_total_reply_count":0,"_bbp_voice_count":0,"_bbp_anonymous_reply_count":0,"_bbp_topic_count_hidden":0,"_bbp_reply_count_hidden":0,"_bbp_forum_subforum_count":0,"footnotes":""},"categories":[2],"tags":[],"class_list":["post-3936","post","type-post","status-publish","format-standard","hentry","category-actualites"],"_links":{"self":[{"href":"https:\/\/retirada37.com\/index.php?rest_route=\/wp\/v2\/posts\/3936","targetHints":{"allow":["GET"]}}],"collection":[{"href":"https:\/\/retirada37.com\/index.php?rest_route=\/wp\/v2\/posts"}],"about":[{"href":"https:\/\/retirada37.com\/index.php?rest_route=\/wp\/v2\/types\/post"}],"author":[{"embeddable":true,"href":"https:\/\/retirada37.com\/index.php?rest_route=\/wp\/v2\/users\/2"}],"replies":[{"embeddable":true,"href":"https:\/\/retirada37.com\/index.php?rest_route=%2Fwp%2Fv2%2Fcomments&post=3936"}],"version-history":[{"count":8,"href":"https:\/\/retirada37.com\/index.php?rest_route=\/wp\/v2\/posts\/3936\/revisions"}],"predecessor-version":[{"id":3945,"href":"https:\/\/retirada37.com\/index.php?rest_route=\/wp\/v2\/posts\/3936\/revisions\/3945"}],"wp:attachment":[{"href":"https:\/\/retirada37.com\/index.php?rest_route=%2Fwp%2Fv2%2Fmedia&parent=3936"}],"wp:term":[{"taxonomy":"category","embeddable":true,"href":"https:\/\/retirada37.com\/index.php?rest_route=%2Fwp%2Fv2%2Fcategories&post=3936"},{"taxonomy":"post_tag","embeddable":true,"href":"https:\/\/retirada37.com\/index.php?rest_route=%2Fwp%2Fv2%2Ftags&post=3936"}],"curies":[{"name":"wp","href":"https:\/\/api.w.org\/{rel}","templated":true}]}}