{"id":3912,"date":"2023-06-03T13:55:21","date_gmt":"2023-06-03T12:55:21","guid":{"rendered":"http:\/\/retirada37.com\/?p=3912"},"modified":"2023-06-03T13:55:34","modified_gmt":"2023-06-03T12:55:34","slug":"verdad-justicia-y-reparacion","status":"publish","type":"post","link":"https:\/\/retirada37.com\/?p=3912","title":{"rendered":"\u00ab Verdad Justicia y Reparaci\u00f3n \u00bb"},"content":{"rendered":"<p><strong>Communiqu\u00e9 de Caminar<\/strong><\/p>\n<p>Les r\u00e9sultats des r\u00e9centes \u00e9lections municipales et autonomes en Espagne permettent aujourd\u2019hui au PP alli\u00e9 \u00e0 VOX de gouverner les plus grandes villes d\u2019Espagne et l\u2019essentiel des communaut\u00e9s autonomes.<\/p>\n<p>Cela sera de nature \u00e0 entraver la mise en \u0153uvre de la r\u00e9cente loi de m\u00e9moire d\u00e9mocratique qui repose pour une part importante, notamment en mati\u00e8re \u00e9ducative, sur les communaut\u00e9s autonomes.<\/p>\n<p>En effet, d\u00e8s la publication au BO du 20 octobre dernier de la Loi de M\u00e9moire D\u00e9mocratique, le nouveau chef de l&rsquo;opposition, N\u00fa\u00f1ez Feij\u00f3o, avait d\u00e9clar\u00e9 qu\u2019elle \u00e9tait un hymne \u00e0 \u00ab\u00a0l&rsquo;oubli d\u00e9mocratique\u00a0\u00bb et s&rsquo;\u00e9tait engag\u00e9 \u00e0 l&rsquo;abroger d\u00e8s son arriv\u00e9e au gouvernement avec la complicit\u00e9 de son partenaire VOX qui, de son c\u00f4t\u00e9, la consid\u00e9rait comme un \u00ab\u00a0r\u00e9visionnisme historique plus typique des r\u00e9gimes totalitaires\u00a0\u00bb.<\/p>\n<p>Pedro Sanchez vient par ailleurs d\u2019annoncer que des \u00e9lections l\u00e9gislatives anticip\u00e9es se d\u00e9rouleront le 23 juillet prochain.<\/p>\n<p>Une des premi\u00e8res cons\u00e9quences de la dissolution anticip\u00e9e des Cortes est que la \u00ab Ley de beb\u00e9s robados \u00bb dont l\u2019examen avait d\u00e9j\u00e0 \u00e9t\u00e9 diff\u00e9r\u00e9 depuis plusieurs mois ne pourra \u00eatre vot\u00e9e dans le cadre de la pr\u00e9sente l\u00e9gislature.<\/p>\n<p>Caminar regrette que trop d\u2019atermoiements et de pertes de temps aient conduit \u00e0 une telle situation.<\/p>\n<p>Caminar r\u00e9affirme sa volont\u00e9 d\u2019agir en coordination avec les associations m\u00e9morielles espagnoles pour que les avanc\u00e9es contenues dans la loi de M\u00e9moire d\u00e9mocratique du 20 octobre 2022 ne soient pas remises en cause quelles que soient les alternances politiques et que cette loi puisse effectivement trouver une application concr\u00e8te sur tout le territoire espagnol et pour ceux de l\u2019exil r\u00e9publicain.<\/p>\n<p>Les Rencontres Transfrontali\u00e8res, qui r\u00e9uniront du 29 septembre au 1er octobre prochain les associations m\u00e9morielles espagnoles et fran\u00e7aises, seront l\u2019occasion d\u2019affirmer que rien n\u2019arr\u00eatera l\u2019action de ceux qui demandent, au travers de leur lutte, \u00ab Verdad Justicia y Reparaci\u00f3n \u00bb .<\/p>\n<p>\u00a1 Democracia real ya  !<\/p>\n<p><strong>Le Bureau de Caminar<\/strong><\/p>\n","protected":false},"excerpt":{"rendered":"<p>Communiqu\u00e9 de Caminar Les r\u00e9sultats des r\u00e9centes \u00e9lections municipales et autonomes en Espagne permettent aujourd\u2019hui au PP alli\u00e9 \u00e0 VOX de gouverner les plus grandes villes d\u2019Espagne et l\u2019essentiel des communaut\u00e9s autonomes. Cela sera de nature \u00e0 entraver la mise en \u0153uvre de la r\u00e9cente loi de m\u00e9moire d\u00e9mocratique qui repose pour une part importante, &hellip; <a href=\"https:\/\/retirada37.com\/?p=3912\" class=\"more-link\">Continuer la lecture de <span class=\"screen-reader-text\">\u00ab Verdad Justicia y Reparaci\u00f3n \u00bb<\/span>  <span class=\"meta-nav\">&rarr;<\/span><\/a><\/p>\n","protected":false},"author":3,"featured_media":0,"comment_status":"open","ping_status":"open","sticky":false,"template":"","format":"standard","meta":{"_bbp_topic_count":0,"_bbp_reply_count":0,"_bbp_total_topic_count":0,"_bbp_total_reply_count":0,"_bbp_voice_count":0,"_bbp_anonymous_reply_count":0,"_bbp_topic_count_hidden":0,"_bbp_reply_count_hidden":0,"_bbp_forum_subforum_count":0,"footnotes":""},"categories":[2],"tags":[],"class_list":["post-3912","post","type-post","status-publish","format-standard","hentry","category-actualites"],"_links":{"self":[{"href":"https:\/\/retirada37.com\/index.php?rest_route=\/wp\/v2\/posts\/3912","targetHints":{"allow":["GET"]}}],"collection":[{"href":"https:\/\/retirada37.com\/index.php?rest_route=\/wp\/v2\/posts"}],"about":[{"href":"https:\/\/retirada37.com\/index.php?rest_route=\/wp\/v2\/types\/post"}],"author":[{"embeddable":true,"href":"https:\/\/retirada37.com\/index.php?rest_route=\/wp\/v2\/users\/3"}],"replies":[{"embeddable":true,"href":"https:\/\/retirada37.com\/index.php?rest_route=%2Fwp%2Fv2%2Fcomments&post=3912"}],"version-history":[{"count":2,"href":"https:\/\/retirada37.com\/index.php?rest_route=\/wp\/v2\/posts\/3912\/revisions"}],"predecessor-version":[{"id":3914,"href":"https:\/\/retirada37.com\/index.php?rest_route=\/wp\/v2\/posts\/3912\/revisions\/3914"}],"wp:attachment":[{"href":"https:\/\/retirada37.com\/index.php?rest_route=%2Fwp%2Fv2%2Fmedia&parent=3912"}],"wp:term":[{"taxonomy":"category","embeddable":true,"href":"https:\/\/retirada37.com\/index.php?rest_route=%2Fwp%2Fv2%2Fcategories&post=3912"},{"taxonomy":"post_tag","embeddable":true,"href":"https:\/\/retirada37.com\/index.php?rest_route=%2Fwp%2Fv2%2Ftags&post=3912"}],"curies":[{"name":"wp","href":"https:\/\/api.w.org\/{rel}","templated":true}]}}