{"id":3896,"date":"2023-04-27T13:46:45","date_gmt":"2023-04-27T12:46:45","guid":{"rendered":"http:\/\/retirada37.com\/?p=3896"},"modified":"2023-04-27T13:47:51","modified_gmt":"2023-04-27T12:47:51","slug":"ramon-acin-la-bonte-et-la-colere","status":"publish","type":"post","link":"https:\/\/retirada37.com\/?p=3896","title":{"rendered":"Ram\u00f3n Ac\u00edn. La bont\u00e9 et la col\u00e8re"},"content":{"rendered":"<p><a href=\"https:\/\/retirada37.com\/wp-content\/uploads\/2023\/04\/ramon-acin-retratado-rodolfo-albasini-0d008.jpg\"><img loading=\"lazy\" decoding=\"async\" src=\"https:\/\/retirada37.com\/wp-content\/uploads\/2023\/04\/ramon-acin-retratado-rodolfo-albasini-0d008.jpg\" alt=\"\" width=\"700\" height=\"394\" class=\"alignnone size-full wp-image-3898\" srcset=\"https:\/\/retirada37.com\/wp-content\/uploads\/2023\/04\/ramon-acin-retratado-rodolfo-albasini-0d008.jpg 700w, https:\/\/retirada37.com\/wp-content\/uploads\/2023\/04\/ramon-acin-retratado-rodolfo-albasini-0d008-300x169.jpg 300w\" sizes=\"auto, (max-width: 700px) 100vw, 700px\" \/><\/a><br \/>\n<em>Le 6 ao\u00fbt 1936, le peintre, sculpteur, professeur et journaliste Ram\u00f3n Ac\u00edn Aquilu\u00e9 fut arr\u00eat\u00e9 \u00e0 Huesca par les troupes rebelles dirig\u00e9es par le g\u00e9n\u00e9ral Franco. Ac\u00edn \u00e9tait un personnage tr\u00e8s important en Aragon en raison de sa carri\u00e8re en tant que p\u00e9dagogue, en tant qu\u2019artiste et de son engagement syndical dans la CNT, la Conf\u00e9d\u00e9ration nationale du travail.<\/em><\/p>\n<p><em>Il se cachait dans sa maison lorsque Huesca a \u00e9t\u00e9 prise par les rebelles. Les fascistes sont all\u00e9s chez lui pour l\u2019arr\u00eater et ont maltrait\u00e9 sa femme, Concepci\u00f3n [1] Monr\u00e1s. Dans ces circonstances, Ram\u00f3n Ac\u00edn sortit de sa cachette, fut arr\u00eat\u00e9 et fusill\u00e9 le m\u00eame jour au pied d\u2019un mur du cimeti\u00e8re de Huesca. Dans le registre des d\u00e9c\u00e8s, Ram\u00f3n Ac\u00edn est enregistr\u00e9 en tant qu\u2019individu \u00ab tu\u00e9 dans les combats de la guerre civile \u00bb. Quelques jours plus tard, sa femme a \u00e9t\u00e9 ex\u00e9cut\u00e9e de la m\u00eame mani\u00e8re.<\/em><\/p>\n<p><strong>Une jeunesse rebelle et cr\u00e9ative<\/strong><\/p>\n<p>Ram\u00f3n Ac\u00edn naquit \u00e0 Huesca en 1888. Son p\u00e8re, Santos Ac\u00edn, \u00e9tait un ing\u00e9nieur agricole qui lui trouva un professeur de dessin alors que le petit Ram\u00f3n n\u2019avait que dix ans. Le fait d\u2019\u00eatre le fils d\u2019une famille ais\u00e9e permit au jeune Ram\u00f3n d\u2019\u00e9tudier dans une Espagne ravag\u00e9e par l\u2019analphab\u00e9tisme.<\/p>\n<p>Bien qu\u2019il ait entam\u00e9 des \u00e9tudes de sciences chimiques, en r\u00e9alit\u00e9, il se consacra \u00e0 ce qui \u00e9tait sa grande passion : la peinture. Il commen\u00e7a bient\u00f4t \u00e0 collaborer avec la presse locale et \u00e9tablit ses premiers contacts avec le mouvement ouvrier. Au lyc\u00e9e de Huesca, il se lia d\u2019amiti\u00e9 avec Felipe Alaiz qui devint plus tard son biographe. Ce dernier \u00e9tait l\u2019un des r\u00e9dacteurs de La Idea (\u00ab L\u2019Id\u00e9e \u00bb), un journal anarchiste.<\/p>\n<p>\u00c0 Madrid, \u00e0 partir de 1910, Ac\u00edn mena une vie de boh\u00e8me. Apr\u00e8s avoir re\u00e7u une bourse du Conseil provincial de Huesca, quelques mois plus tard, il alterna ses s\u00e9jours dans la capitale avec des s\u00e9jours \u00e0 Tol\u00e8de. Avant de devenir professeur de dessin temporaire \u00e0 l\u2019\u00c9cole normale de Huesca, il rencontra Federico Garc\u00eda Lorca. Influenc\u00e9 par un de ses bons amis, \u00c1ngel Samblancat, un militant r\u00e9publicain et \u00e9crivain tr\u00e8s connu \u00e0 l\u2019\u00e9poque, Ac\u00edn s\u2019installa \u00e0 Barcelone o\u00f9 il commen\u00e7a \u00e0 collaborer avec la presse catalane, r\u00e9alisant des caricatures et critiquant de mani\u00e8re sarcastique la guerre du Maroc.<\/p>\n<p><strong>L\u2019art et l\u2019\u00e9ducation au service de la r\u00e9volution<\/strong><\/p>\n<p>Les anarchistes espagnols appelaient l\u2019anarchisme la idea depuis que l\u2019Italien Giuseppe Fanelli, envoy\u00e9 par Bakounine lui-m\u00eame, rencontra, \u00e0 Madrid en 1868, un groupe d\u2019internationalistes espagnols. La raison pour laquelle la idea a pris racine comme elle l\u2019a fait en Espagne est un myst\u00e8re, car aucun des premiers amis de l\u2019Internationale en Espagne ne parlait italien et Fanelli ne connaissait pas du tout l\u2019espagnol. Mais ce qui est certain, c\u2019est que la idea a fait souche en Espagne, comme elle l\u2019a fait dans l\u2019Ukraine de Nestor Makhno.<\/p>\n<p>L\u2019engagement de Ram\u00f3n Ac\u00edn dans le mouvement anarchiste remonte \u00e0 1913, lorsqu\u2019il commen\u00e7a \u00e0 publier dans les revues La Idea, La Ira (\u00ab La Col\u00e8re \u00bb), puis d\u2019autres publications anarchistes comme Solidaridad Obrera (\u00ab Solidarit\u00e9 ouvri\u00e8re \u00bb), Lucha Social (\u00ab Lutte sociale \u00bb), ainsi que le quotidien El Diario de Huesca (\u00ab Le Journal de Huesca \u00bb).<\/p>\n<p>Dans sa trajectoire p\u00e9dagogique, il s\u2019inspira de deux mod\u00e8les \u00e9ducatifs : l\u2019Institution libre de l\u2019enseignement fond\u00e9e \u00e0 Madrid \u00e0 la fin du XIXe si\u00e8cle et L\u2019\u00c9cole moderne fond\u00e9e \u00e0 Barcelone en 1901 par Ferrer i Gu\u00e0rdia, un libre-penseur, un franc-ma\u00e7on et un anarchiste non-violent. L\u2019\u00c9cole moderne promut l\u2019\u00e9ducation libertaire fond\u00e9e sur le mod\u00e8le de l\u2019\u00e9cole mixte et la\u00efque, en contact avec le r\u00e9el, et orient\u00e9e vers le respect et l\u2019\u00e9panouissement de l\u2019individu dans un contexte d\u2019autonomie et d\u2019\u00e9ducation \u00e0 la solidarit\u00e9. Il int\u00e9gra ensuite \u00e0 son enseignement les apports du Fran\u00e7ais C\u00e9lestin Freinet aux moyens de l\u2019expression libre et l\u2019imprimerie s\u00e9rigraphique au sein de l\u2019\u00e9cole.<\/p>\n<p>Ac\u00edn mettait au premier plan ses pr\u00e9occupations sociales et il s\u2019engagea tr\u00e8s t\u00f4t dans la CNT en collaborant avec la presse syndicale. Il participa en tant que d\u00e9l\u00e9gu\u00e9 \u00e0 l\u2019important deuxi\u00e8me congr\u00e8s de la conf\u00e9d\u00e9ration syndicale qui se tint \u00e0 Madrid en 1919. Il se mobilisa ensuite pour d\u00e9fendre les prisonniers anarchistes nombreux en Aragon et dans toute l\u2019Espagne. Le mouvement ouvrier espagnol \u00e9tait \u00e0 l\u2019\u00e9poque anarchosyndicaliste. Rappelons qu\u2019au d\u00e9but de la guerre civile, la CNT comptait plus d\u2019un million de militants.<\/p>\n<p>Install\u00e9 \u00e0 Huesca au d\u00e9but des ann\u00e9es 1920, Ram\u00f3n Ac\u00edn s\u2019y fit un nom en raison de son \u0153uvre artistique et de son engagement politique et syndical. En 1922, il r\u00e9alisa son premier relief en argile, un buste de l\u2019\u00e9crivain, journaliste et juriste Luis L\u00f3pez Allu\u00e9. En octobre de la m\u00eame ann\u00e9e, il ouvrit b\u00e9n\u00e9volement une acad\u00e9mie de dessin \u00e0 son domicile afin d\u2019enseigner aux travailleurs le dessin, la peinture et la sculpture.<\/p>\n<p><a href=\"https:\/\/retirada37.com\/wp-content\/uploads\/2023\/04\/ramon-acin-biografia-018-82e81.jpg\"><img loading=\"lazy\" decoding=\"async\" src=\"https:\/\/retirada37.com\/wp-content\/uploads\/2023\/04\/ramon-acin-biografia-018-82e81.jpg\" alt=\"\" width=\"335\" height=\"500\" class=\"alignnone size-full wp-image-3897\" srcset=\"https:\/\/retirada37.com\/wp-content\/uploads\/2023\/04\/ramon-acin-biografia-018-82e81.jpg 335w, https:\/\/retirada37.com\/wp-content\/uploads\/2023\/04\/ramon-acin-biografia-018-82e81-201x300.jpg 201w\" sizes=\"auto, (max-width: 335px) 100vw, 335px\" \/><\/a><\/p>\n<p>Ac\u00edn fut emprisonn\u00e9 pour la premi\u00e8re fois en 1924, apr\u00e8s avoir publi\u00e9 un article Por indulto y por humanidad (\u00ab Pour le pardon et pour l\u2019humanit\u00e9 \u00bb) dans lequel il demandait la libert\u00e9 pour son ami, l\u2019\u00e9crivain et caricaturiste Juan Bautista Acher, condamn\u00e9 \u00e0 mort par la dictature de Miguel Primo de Rivera.<\/p>\n<p>\u00c0 sa sortie de prison, il s\u2019exila \u00e0 Paris. Un exil forc\u00e9 pour les anarchistes qui s\u2019opposaient \u00e0 la dictature. Lors de diff\u00e9rents s\u00e9jours \u00e0 Barcelone, Madrid et en 1926 \u00e0 Paris, Ram\u00f3n Ac\u00edn se mit en contact avec les avant-gardes europ\u00e9ennes. Le modernisme, le surr\u00e9alisme, le cubisme et le futurisme stimul\u00e8rent sa curiosit\u00e9 artistique et son besoin de libert\u00e9 cr\u00e9atrice. Il rencontra des cr\u00e9ateurs tels que Juan Gris, Picasso, Federico Garc\u00eda Lorca et Luis Bu\u00f1uel. Ac\u00edn participa \u00e0 plusieurs grandes expositions \u00e0 Madrid et Barcelone, sans jamais d\u00e9vier de son engagement politique en tant que \u00ab grain de sable \u00bb, comme il aimait le dire, au c\u0153ur d\u2019une temp\u00eate r\u00e9volutionnaire \u00ab qui va tout emporter \u00bb, dans une Espagne r\u00e9trograde, ankylos\u00e9e et injuste envers les plus humbles. C\u2019est ce qu\u2019il \u00e9crit en juin 1931, \u00e0 Madrid o\u00f9 il \u00e9tait d\u00e9l\u00e9gu\u00e9 du Haut-Aragon au congr\u00e8s de la CNT et o\u00f9 il exposa ses \u0153uvres \u00e0 l\u2019Ateneo (\u00ab l\u2019Ath\u00e9n\u00e9e \u00bb) culturel.<\/p>\n<p>Ram\u00f3n Ac\u00edn \u00e9tait un artiste brillant avec d\u2019extraordinaires qualit\u00e9s humaines, une figure essentielle du monde culturel et politique des ann\u00e9es 1920 et 1930. Ses \u0153uvres pr\u00e9sentent un int\u00e9r\u00eat particulier en raison de son engagement id\u00e9ologique et de son intention clairement avant-gardiste.<\/p>\n<p><strong>L\u2019artiste, sa muse et le cin\u00e9aste<\/strong><\/p>\n<p>En Aragon, Ac\u00edn resta un enseignant, un artiste et un militant anarchiste tr\u00e8s actif. \u00c0 cette \u00e9poque, en 1924, il avait d\u00e9j\u00e0 \u00e9pous\u00e9 Concepci\u00f3n Monras qui donna naissance \u00e0 sa premi\u00e8re fille, Katia, et peu apr\u00e8s \u00e0 la deuxi\u00e8me, Sol.<\/p>\n<p>L\u2019histoire d\u2019amour et de mort de Ram\u00f3n Ac\u00edn et Concha Monr\u00e1s est l\u2019une des plus belles, des plus \u00e9mouvantes et des plus terribles histoires li\u00e9es \u00e0 la guerre civile. Concha \u00e9tait la compagne et la muse d\u2019Ac\u00edn. Dans une des lettres qu\u2019il adressa \u00e0 sa bien-aim\u00e9e, il \u00e9crivit : \u00ab Tu seras toujours la consolation de mon affliction et la cause de ma joie. \u00bb<\/p>\n<p>La personnalit\u00e9 de Concha \u00e9tait tr\u00e8s affirm\u00e9e : elle \u00e9tait une femme libre, jouait au tennis, du piano (on dit qu\u2019elle jouait tr\u00e8s bien Mozart et Chopin) et parlait l\u2019esp\u00e9ranto. Ils se mari\u00e8rent en janvier 1923, bien que leur relation ait commenc\u00e9 cinq ans plus t\u00f4t, ils ont v\u00e9cu ensemble pendant treize ans.<\/p>\n<p>Malgr\u00e9 son engagement syndical et politique, Ram\u00f3n Ac\u00edn est devenu un sculpteur et un peintre de premier plan, et nombre de ses \u0153uvres ont commenc\u00e9 \u00e0 se multiplier. Lors de ses voyages \u00e0 l\u2019\u00e9tranger, il rencontra les intellectuels et les artistes les plus importants de son \u00e9poque et se lia d\u2019amiti\u00e9 avec le cin\u00e9aste Luis Bu\u00f1uel.<\/p>\n<p>En 1928, Ac\u00edn r\u00e9alisa l\u2019une de ses \u0153uvres les plus connues. La Fuente de las Pajaritas (\u00ab La Fontaine des cocottes en papier \u00bb) pour la ville de Huesca. \u00c0 cette \u00e9poque, Ac\u00edn \u00e9tait en contact avec toute l\u2019opposition \u00e0 la dictature de Primo de Rivera et \u00e0 la monarchie d\u2019Alfonso XIII, il participa au soul\u00e8vement manqu\u00e9 de Jaca [2]. Le r\u00f4le de Ram\u00f3n Ac\u00edn \u00e9tait d\u2019organiser, avec la CNT, une gr\u00e8ve g\u00e9n\u00e9rale \u00e0 Huesca pour accompagner le soul\u00e8vement. L\u2019\u00e9chec de l\u2019insurrection l\u2019obligea \u00e0 s\u2019exiler de nouveau \u00e0 la fin de 1930. Avec la proclamation de la R\u00e9publique, il retourna en Espagne et participa \u00e0 diverses initiatives de la CNT, dont le troisi\u00e8me congr\u00e8s de Madrid en 1931.<\/p>\n<p>Son amiti\u00e9 avec Bu\u00f1uel fit de lui le protagoniste d\u2019une anecdote qui entra dans l\u2019histoire du cin\u00e9ma espagnol. Ami du grand cin\u00e9aste, il lui promit que s\u2019il gagnait \u00e0 la loterie, il financerait le tournage du film Las Hurdes, tierra sin pan (\u00ab Les Hurdes, terre sans pain \u00bb), l\u2019impressionnant documentaire que Luis Bu\u00f1uel consacra \u00e0 l\u2019Estr\u00e9madure, la r\u00e9gion la plus d\u00e9prim\u00e9e et la plus pauvre d\u2019Espagne. Pour Bu\u00f1uel, le film devait provoquer un choc pour contribuer \u00e0 am\u00e9liorer le sort d\u2019une population rurale oubli\u00e9e de tous. La toute jeune R\u00e9publique aux mains des r\u00e9publicains et des socialistes y vit une critique de sa politique sociale et censura le film qui ne sortit \u00e0 Paris qu\u2019en 1937.<\/p>\n<p>Par un hasard totalement surr\u00e9aliste, le jackpot de No\u00ebl, en 1932, revint \u00e0 Ram\u00f3n Ac\u00edn. Suite au scandale de la projection de son film L\u2019\u00e2ge d\u2019or \u00e0 Paris en 1930, Luis Bu\u00f1uel se retrouva totalement d\u00e9prim\u00e9 et d\u00e9sargent\u00e9. Le ticket gagnant de Ram\u00f3n Ac\u00edn changea le cours des choses et permit \u00e0 Bu\u00f1uel de r\u00e9aliser le film Las Hurdes, tierra sin pan et de retrouver foi en son incroyable talent.<\/p>\n<p><strong>La r\u00e9pression et la mort de Ram\u00f3n et Concha Ac\u00edn<\/strong><\/p>\n<p>\u00c0 cette \u00e9poque, l\u2019activit\u00e9 et l\u2019action d\u2019Ac\u00edn sur le plan politique et culturel \u00e9taient tr\u00e8s importantes. En tant qu\u2019anarchiste et militant de la CNT, il devint l\u2019une des r\u00e9f\u00e9rences du mouvement ouvrier en Aragon.<\/p>\n<p>Dans les ann\u00e9es qui suivirent, \u00e0 partir de l\u2019av\u00e8nement de la Seconde R\u00e9publique, Ac\u00edn subit d\u2019autres emprisonnements. La R\u00e9publique qui, en 1936, apr\u00e8s le coup d\u2019\u00c9tat militaire du g\u00e9n\u00e9ral Franco, trouva dans le mouvement anarchiste son premier d\u00e9fenseur ne tarda pas \u00e0 r\u00e9primer ses sauveurs. Notre artiste fut une premi\u00e8re fois emprisonn\u00e9 en mars 1932 pour s\u2019\u00eatre solidaris\u00e9 avec les gr\u00e8ves ouvri\u00e8res qui se d\u00e9veloppaient dans toute l\u2019Espagne, puis il fut incarc\u00e9r\u00e9 en juillet et d\u00e9cembre 1933, \u00ab dans le cadre des campagnes d\u2019intimidation contre la CNT de Huesca \u00bb [1]<\/p>\n<p>En 1933, Manuel Aza\u00f1a, le pr\u00e9sident du Conseil des ministres de l\u2019\u00e9poque, ordonna la r\u00e9pression des militants de la CNT du village de Casas Viejas, en Andalousie, en donnant un ordre : \u00ab Ni bless\u00e9s ni prisonniers, tirez-leur dans le ventre ! \u00bb C\u2019est ainsi que la R\u00e9publique, qui se voulait une R\u00e9publique de travailleurs, a trait\u00e9 les anarchistes, en les assassinant. Toujours sous la R\u00e9publique, en 1934, aux Asturies, le gouvernement envoya la L\u00e9gion sous le commandement du g\u00e9n\u00e9ral Franco qui \u00e9crasa une insurrection ouvri\u00e8re faisant plus de 3 000 morts.<\/p>\n<p>\u00c0 Huesca, lorsque le coup d\u2019\u00c9tat contre la R\u00e9publique a eu lieu en juillet 1936, Ac\u00edn se rendit en tant que repr\u00e9sentant de la CNT aupr\u00e8s du gouverneur civil pour demander des armes pour le peuple afin de d\u00e9fendre Huesca contre les militaires factieux. Les autorit\u00e9s de la ville, qui craignaient plus les anarchistes que l\u2019arm\u00e9e, refus\u00e8rent. Le gouverneur assura \u00e0 Ram\u00f3n Ac\u00edn que tout \u00e9tait sous contr\u00f4le. Quelques heures plus tard, les franquistes prirent Huesca et la r\u00e9pression commen\u00e7a contre les anarchistes et les d\u00e9fenseurs de la R\u00e9publique.<\/p>\n<p>Ac\u00edn se cacha dans sa maison, chaque jour, ils recevaient lui et Concha la visite de membres du camp nationaliste, en particulier des phalangistes. Nuit apr\u00e8s nuit, Ram\u00f3n Ac\u00edn devait supporter que sa femme soit insult\u00e9e et maltrait\u00e9e. Le 6 ao\u00fbt, il ne supporta plus et il se rendit. Ram\u00f3n fut abattu durant la nuit contre un mur du cimeti\u00e8re de Huesca. Concha fut ex\u00e9cut\u00e9e sans piti\u00e9 le 23 ao\u00fbt dans ce m\u00eame cimeti\u00e8re.<\/p>\n<p><strong>\u00ab C\u2019\u00e9tait un homme bon \u00bb<\/strong><\/p>\n<p>Les t\u00e9moignages de ceux qui ont approch\u00e9 Ram\u00f3n Ac\u00edn parlent d\u2019une m\u00eame voix : \u00ab C\u2019\u00e9tait un homme bon. \u00bb Sa fa\u00e7on d\u2019\u00eatre se refl\u00e8te dans diff\u00e9rentes anecdotes telles que celle du jackpot de No\u00ebl 1932, qui b\u00e9n\u00e9ficia tant \u00e0 l\u2019\u0153uvre de Luis Bu\u00f1uel.<\/p>\n<p>Une autre image embl\u00e9matique de son art \u00e9tait une cage avec un petit oiseau en papier \u00e0 l\u2019int\u00e9rieur. Un jour, on lui offrit un oiseau en cage, pour \u00eatre coh\u00e9rent avec sa passion pour la libert\u00e9, Ac\u00edn d\u00e9cida de lib\u00e9rer l\u2019oiseau et de le remplacer par une cocotte en papier. Il milita toute sa vie pour le respect des animaux et de la nature au nom de la vie.<\/p>\n<p>La catastrophique guerre coloniale du Rif et son injuste conscription dont seuls les riches pouvaient \u00eatre exempt\u00e9s, la dure r\u00e9pression du soul\u00e8vement populaire anti-belliciste lors de la \u00ab Semaine tragique \u00bb de Barcelone en 1909 et la Guerre de 14-18 confort\u00e8rent son antimilitarisme et son rejet de toute forme de violence.<\/p>\n<p>En 1923, il \u00e9crivit : \u00ab Nul ne peut condamner ni ex\u00e9cuter une personne, ni au nom de la loi, ni au nom de rien. \u00bb Le r\u00e9cent assassinat du dirigeant de la CNT Salvador Segu\u00ed par les pistoleros, le bras arm\u00e9 du patronat catalan, lui fit prendre conscience de la n\u00e9cessit\u00e9 de s\u2019opposer au terrorisme et \u00e0 toute forme de violence.<\/p>\n<p>\u00ab Tuer un homme, ce n\u2019est pas d\u00e9fendre une doctrine, c\u2019est tuer un homme \u00bb, \u00e9crivait l\u2019humaniste S\u00e9bastien Castellion, dans son Trait\u00e9 des h\u00e9r\u00e9tiques. Il protestait ainsi contre le supplice de Miguel Servet, un m\u00e9decin, un astrologue, un g\u00e9ographe aragonais condamn\u00e9 \u00e0 mort pour avoir mis en cause le dogme de la Trinit\u00e9 dans un livre publi\u00e9 en 1531. Catholiques et protestants y voyaient alors une menace pour les fondements du christianisme. Stefan Zweig et Albert Camus reprirent plus tard dans leurs ouvrages cette citation de S\u00e9bastien Castellion.<\/p>\n<p>Selon leurs proches, la maison de famille des Ac\u00edn respirait l\u2019anarchisme et la libert\u00e9, ils \u00e9taient des \u00eatres sociaux, combatifs, impr\u00e9gn\u00e9s de la pens\u00e9e libertaire et d\u00e9termin\u00e9s dans l\u2019action r\u00e9volutionnaire.<\/p>\n<p>Ses id\u00e9es, son engagement et sa fa\u00e7on de comprendre la vie ont fait de Ram\u00f3n Ac\u00edn un exemple pour des g\u00e9n\u00e9rations enti\u00e8res de jeunes rebelles. Sous la Seconde R\u00e9publique, alors qu\u2019il \u00e9tait incarc\u00e9r\u00e9, en raison de son soutien aux gr\u00e8ves ouvri\u00e8res qui se d\u00e9veloppaient dans toute l\u2019Espagne, il \u00e9crivit une lettre \u00e9mouvante \u00e0 ses filles Sol et Katia : \u00ab &#8230; Ceux d\u2019entre nous qui sont en prison ont \u00e9t\u00e9 amen\u00e9s ici parce que nous voulons que les enfants et leurs parents et tout le monde vivent plus heureux et mieux et passent l\u2019\u00e9t\u00e9 dans des endroits magnifiques qu\u2019aujourd\u2019hui seuls ceux qui ont de l\u2019argent peuvent voir et cela ne devrait pas \u00eatre le cas et beaucoup d\u2019entre nous ont protest\u00e9 et Gal\u00e1n a \u00e9t\u00e9 tu\u00e9. \u00bb [3]<\/p>\n<p>L\u2019\u0153uvre picturale de Katia Ac\u00edn (1923-2004), l\u2019a\u00een\u00e9e de Conchita Monr\u00e1s et de Ram\u00f3n Ac\u00edn, montre l\u2019horreur \u00e0 laquelle elle dut faire face \u00e0 l\u2019\u00e2ge de 13 ans quand son p\u00e8re, puis sa m\u00e8re, Concha Monr\u00e1s furent assassin\u00e9s. Les jours qui suivirent l\u2019assassinat de ses parents, Katia fut d\u00e9pouill\u00e9e de son nom et contrainte de r\u00e9pondre au pr\u00e9nom catholique d\u2019Ana Mar\u00eda. Celui qu\u2019on appela \u00ab le Lorca aragonais \u00bb \u00e9tait un grand cultivateur d\u2019amiti\u00e9. Bien qu\u2019il ait c\u00f4toy\u00e9 Lorca, Bu\u00f1uel et d\u2019autres personnalit\u00e9s de l\u2019\u00e9poque, il s\u2019est toujours vant\u00e9 que son meilleur ami \u00e9tait Juan Arnalda, un cordonnier anarchiste de Huesca.<\/p>\n<p>En juillet 1936, il se cacha avec Arnalda dans la maison de la rue Cortes, dans l\u2019alc\u00f4ve derri\u00e8re une armoire. Fatigu\u00e9 d\u2019entendre les phalangistes torturer sa femme pour obtenir des informations sur le lieu o\u00f9 il se cachait, Ac\u00edn d\u00e9cida de se rendre. Auparavant, il dessina une moustache \u00e0 Juan Arnalda pour qu\u2019il puisse s\u2019\u00e9chapper avec la complicit\u00e9 de la nuit. Arnalda est mort en exil en France en 1977.<\/p>\n<p>Dans le cimeti\u00e8re de Huesca, le 23 ao\u00fbt 2019, quatre-vingts ans, jour pour jour, apr\u00e8s l\u2019ex\u00e9cution de Concha Monr\u00e1s avec 94 autres opposants au coup d\u2019\u00c9tat du g\u00e9n\u00e9ral Franco, dont une majorit\u00e9 d\u2019anarchistes, un monument a \u00e9t\u00e9 inaugur\u00e9 \u00e0 la m\u00e9moire des victimes du fascisme.<\/p>\n<p>La Petite biblioth\u00e8que des tireurs d\u2019oubli de Marseille vient de publier un livre intitul\u00e9 En hommage \u00e0 Ram\u00f3n Ac\u00edn. Il est compos\u00e9 d\u2019un texte de pr\u00e9sentation de Felip \u00c9quy, une biographie chronologique r\u00e9alis\u00e9e par Emilio Casanova de la Fondation Ram\u00f3n et Katia Ac\u00edn ainsi que deux textes de Ram\u00f3n qu\u2019ils ont traduits. \u00c0 ma connaissance, il s\u2019agit du premier ouvrage consacr\u00e9 en France \u00e0 Ram\u00f3n Ac\u00edn.<\/p>\n<p>Daniel Pin\u00f3s<\/p>\n<p>Article publi\u00e9 dans le n\u00b0 12 de la revue Chroniques Noir &#038; Rouge de mars 2023<\/p>\n<p>[1] Concepci\u00f3n appel\u00e9e aussi Concha ou Conchita (diminutifs du pr\u00e9nom Concepci\u00f3n).<\/p>\n<p>[2] Le soul\u00e8vement de Jaca, en Aragon, fut une tentative de renverser le gouvernement espagnol de la dictature du g\u00e9n\u00e9ral Berenguer men\u00e9e le 12 d\u00e9cembre 1930 par un groupe de militaires r\u00e9publicains. Le soul\u00e8vement fut d\u00e9jou\u00e9 et ses principaux instigateurs, les capitaines Ferm\u00edn Gal\u00e1n et \u00c1ngel Garc\u00eda Hern\u00e1ndez, furent fusill\u00e9s. Malgr\u00e9 son \u00e9chec, il contribua toutefois \u00e0 affermir dans la population l\u2019id\u00e9e d\u2019une R\u00e9publique, qui fut proclam\u00e9e seulement quatre mois plus tard \u00e0 l\u2019issue d\u2019\u00e9lections municipales qui s\u2019av\u00e9r\u00e8rent \u00eatre un d\u00e9saveu pour la monarchie.<\/p>\n<p>[3] Le capitaine Ferm\u00edn Gal\u00e1n fut l\u2019un des instigateurs du soul\u00e8vement de Jaca, en Aragon. Voir note 1.<\/p>\n","protected":false},"excerpt":{"rendered":"<p>Le 6 ao\u00fbt 1936, le peintre, sculpteur, professeur et journaliste Ram\u00f3n Ac\u00edn Aquilu\u00e9 fut arr\u00eat\u00e9 \u00e0 Huesca par les troupes rebelles dirig\u00e9es par le g\u00e9n\u00e9ral Franco. Ac\u00edn \u00e9tait un personnage tr\u00e8s important en Aragon en raison de sa carri\u00e8re en tant que p\u00e9dagogue, en tant qu\u2019artiste et de son engagement syndical dans la CNT, la &hellip; <a href=\"https:\/\/retirada37.com\/?p=3896\" class=\"more-link\">Continuer la lecture de <span class=\"screen-reader-text\">Ram\u00f3n Ac\u00edn. La bont\u00e9 et la col\u00e8re<\/span>  <span class=\"meta-nav\">&rarr;<\/span><\/a><\/p>\n","protected":false},"author":3,"featured_media":0,"comment_status":"open","ping_status":"open","sticky":false,"template":"","format":"standard","meta":{"_bbp_topic_count":0,"_bbp_reply_count":0,"_bbp_total_topic_count":0,"_bbp_total_reply_count":0,"_bbp_voice_count":0,"_bbp_anonymous_reply_count":0,"_bbp_topic_count_hidden":0,"_bbp_reply_count_hidden":0,"_bbp_forum_subforum_count":0,"footnotes":""},"categories":[14],"tags":[],"class_list":["post-3896","post","type-post","status-publish","format-standard","hentry","category-histoire"],"_links":{"self":[{"href":"https:\/\/retirada37.com\/index.php?rest_route=\/wp\/v2\/posts\/3896","targetHints":{"allow":["GET"]}}],"collection":[{"href":"https:\/\/retirada37.com\/index.php?rest_route=\/wp\/v2\/posts"}],"about":[{"href":"https:\/\/retirada37.com\/index.php?rest_route=\/wp\/v2\/types\/post"}],"author":[{"embeddable":true,"href":"https:\/\/retirada37.com\/index.php?rest_route=\/wp\/v2\/users\/3"}],"replies":[{"embeddable":true,"href":"https:\/\/retirada37.com\/index.php?rest_route=%2Fwp%2Fv2%2Fcomments&post=3896"}],"version-history":[{"count":2,"href":"https:\/\/retirada37.com\/index.php?rest_route=\/wp\/v2\/posts\/3896\/revisions"}],"predecessor-version":[{"id":3900,"href":"https:\/\/retirada37.com\/index.php?rest_route=\/wp\/v2\/posts\/3896\/revisions\/3900"}],"wp:attachment":[{"href":"https:\/\/retirada37.com\/index.php?rest_route=%2Fwp%2Fv2%2Fmedia&parent=3896"}],"wp:term":[{"taxonomy":"category","embeddable":true,"href":"https:\/\/retirada37.com\/index.php?rest_route=%2Fwp%2Fv2%2Fcategories&post=3896"},{"taxonomy":"post_tag","embeddable":true,"href":"https:\/\/retirada37.com\/index.php?rest_route=%2Fwp%2Fv2%2Ftags&post=3896"}],"curies":[{"name":"wp","href":"https:\/\/api.w.org\/{rel}","templated":true}]}}