{"id":3888,"date":"2023-03-30T13:06:26","date_gmt":"2023-03-30T12:06:26","guid":{"rendered":"http:\/\/retirada37.com\/?p=3888"},"modified":"2023-03-30T13:07:11","modified_gmt":"2023-03-30T12:07:11","slug":"desirs-partages-avec-la-retirada-37-vendredi-7-avril","status":"publish","type":"post","link":"https:\/\/retirada37.com\/?p=3888","title":{"rendered":"DESIRS PARTAG\u00c9S AVEC LA RETIRADA 37, VENDREDI 7 AVRIL"},"content":{"rendered":"<p><em>Dans le cadre des d\u00e9sirs partag\u00e9s, le Plessis a une fois de plus le plaisir d&rsquo;accueillir la Retirada 37. Une soir\u00e9e consacr\u00e9e \u00e0 la m\u00e9moire des volontaires \u00e9trang\u00e8res et la solidarit\u00e9 internationale f\u00e9minine durant la guerre d&rsquo;Espagne. En \u00e9cho aux luttes d\u2019aujourd\u2019hui ! <\/em><\/p>\n<p>Projection, mise en voix, rencontre, d\u00e9gustations <\/p>\n<p>19H<\/p>\n<p>Bar \u00e0 tapas<\/p>\n<p>20H<\/p>\n<p>Projection du film LAS MAMAS BELGAS de Sven Tuytens<br \/>\net rencontre avec Edouard Sill autour de son livre SOLIDARIAS<\/p>\n<p>Infos et r\u00e9servation : 02.47.38.29.29<\/p>\n<p>ou info@plessis-tierslieu.fr<\/p>\n<p>Tarifs : Libre \u00e0 partir de 5\u20ac<\/p>\n<p><strong>LAS MAMAS BELGAS<\/strong><\/p>\n<p>LAS MAMAS BELGAS est un film documentaire qui explore l\u2019histoire de la pr\u00e9sence des femmes europ\u00e9ennes dans la guerre d\u2019Espagne.<\/p>\n<p><a href=\"https:\/\/retirada37.com\/wp-content\/uploads\/2023\/03\/unnamed.jpg\"><img loading=\"lazy\" decoding=\"async\" src=\"https:\/\/retirada37.com\/wp-content\/uploads\/2023\/03\/unnamed.jpg\" alt=\"\" width=\"751\" height=\"1200\" class=\"alignnone size-full wp-image-3889\" srcset=\"https:\/\/retirada37.com\/wp-content\/uploads\/2023\/03\/unnamed.jpg 751w, https:\/\/retirada37.com\/wp-content\/uploads\/2023\/03\/unnamed-188x300.jpg 188w, https:\/\/retirada37.com\/wp-content\/uploads\/2023\/03\/unnamed-641x1024.jpg 641w\" sizes=\"auto, (max-width: 751px) 100vw, 751px\" \/><\/a><\/p>\n<p>Le premier mai 1937 un groupe de 21 femmes originaires de l\u2019est de l\u2019Europe, venant de Belgique, arrive \u00e0 l\u2019h\u00f4pital militaire d\u2019Ontinyent (province de Valence), fond\u00e9 par le mouvement ouvrier socialiste belge avec l\u2019aide d\u2019Albert Marteaux, du Pob, parti ouvrier belge. Parmi elles, Anna et Adela Korn. Elles ont soign\u00e9 les soldats dont beaucoup \u00e9taient des Brigadistes venant de Belgique, pour la d\u00e9fense de l\u2019Espagne r\u00e9publicaine.<\/p>\n<p><strong>\u00a1Solidarias!<\/strong><\/p>\n<p><a href=\"https:\/\/retirada37.com\/wp-content\/uploads\/2023\/03\/unnamed2.png\"><img loading=\"lazy\" decoding=\"async\" src=\"https:\/\/retirada37.com\/wp-content\/uploads\/2023\/03\/unnamed2.png\" alt=\"\" width=\"392\" height=\"359\" class=\"alignnone size-full wp-image-3890\" srcset=\"https:\/\/retirada37.com\/wp-content\/uploads\/2023\/03\/unnamed2.png 392w, https:\/\/retirada37.com\/wp-content\/uploads\/2023\/03\/unnamed2-300x275.png 300w\" sizes=\"auto, (max-width: 392px) 100vw, 392px\" \/><\/a><\/p>\n<p>La participation des femmes \u00e9trang\u00e8res durant la guerre civile (1936-1939) -et notamment celles qui s&rsquo;engag\u00e8rent dans les Brigades internationales pour d\u00e9fendre la R\u00e9publique et combattre le fascisme- n&rsquo;avait fait l&rsquo;objet jusqu&rsquo;\u00e0 pr\u00e9sent que de tr\u00e8s peu de travaux historiques. <\/p>\n<p>Il s&rsquo;agit pourtant d&rsquo;une dimension majeure de l&rsquo;histoire de l&rsquo;antifasciste et des engagements internationalistes f\u00e9minins. <\/p>\n<p>A l&rsquo;initiative de l&rsquo;ACER (Amis des combattants volontaires en Espagne R\u00e9publicaine) et de partenaires institutionnels et universitaires, l&rsquo;ouvrage\u00a1Solidarias! met en valeur cette mobilisation solidaire, humanitaire, militaire et sanitaire de centaines d&rsquo;\u00e9trang\u00e8res. <\/p>\n<p><strong>EDOUARD SILL<\/strong><\/p>\n<p>Edouard Sill est docteur en Histoire de l\u2019\u00c9cole Pratique des Hautes \u00c9tudes (EPHE PSL) en 2019, avec la r\u00e9alisation d&rsquo;une th\u00e8se portant sur le sujet suivant : Du combattant volontaire international au soldat-militant transnational : le volontariat \u00e9tranger antifasciste durant la guerre d\u2019Espagne (1936-1938). <\/p>\n<p>Il obtient en 2021 la qualification de Ma\u00eetre de conf\u00e9rence, et remporte le premier accessit au prix d\u2019excellence Joinet (ex Varennes) en 2020 dans la cat\u00e9gorie \u00ab Histoire politique et sociale depuis 1870 \u00bb. <\/p>\n<p>Edouard Sill est aujourd&rsquo;hui charg\u00e9 de cours en Histoire contemporaine et en science politique \u00e0 l\u2019Institut catholique de Paris (ICP). <\/p>\n<p>Ses th\u00e8mes de recherche de pr\u00e9dilection sont vari\u00e9s : Histoire sociale et politique de l\u2019entre-deux-guerres en Europe, Histoire culturelle du mouvement social au XXe si\u00e8cle, Histoire visuelle, Histoire des femmes, Histoire militaire, Guerre civile espagnole, Volontariat international combattant, Mobilit\u00e9s transnationales arm\u00e9es, Volontariat arm\u00e9 f\u00e9minin, Enfance en guerre, Marginalit\u00e9s militaires, Engagements\/d\u00e9sengagements,  Mercenariat moderne et contemporain, Antimilitarisme, Communisme\/Anticommunisme, Anarchisme,   Fascisme\/Antifascisme\u2026<\/p>\n","protected":false},"excerpt":{"rendered":"<p>Dans le cadre des d\u00e9sirs partag\u00e9s, le Plessis a une fois de plus le plaisir d&rsquo;accueillir la Retirada 37. Une soir\u00e9e consacr\u00e9e \u00e0 la m\u00e9moire des volontaires \u00e9trang\u00e8res et la solidarit\u00e9 internationale f\u00e9minine durant la guerre d&rsquo;Espagne. En \u00e9cho aux luttes d\u2019aujourd\u2019hui ! Projection, mise en voix, rencontre, d\u00e9gustations 19H Bar \u00e0 tapas 20H Projection &hellip; <a href=\"https:\/\/retirada37.com\/?p=3888\" class=\"more-link\">Continuer la lecture de <span class=\"screen-reader-text\">DESIRS PARTAG\u00c9S AVEC LA RETIRADA 37, VENDREDI 7 AVRIL<\/span>  <span class=\"meta-nav\">&rarr;<\/span><\/a><\/p>\n","protected":false},"author":3,"featured_media":0,"comment_status":"open","ping_status":"open","sticky":false,"template":"","format":"standard","meta":{"_bbp_topic_count":0,"_bbp_reply_count":0,"_bbp_total_topic_count":0,"_bbp_total_reply_count":0,"_bbp_voice_count":0,"_bbp_anonymous_reply_count":0,"_bbp_topic_count_hidden":0,"_bbp_reply_count_hidden":0,"_bbp_forum_subforum_count":0,"footnotes":""},"categories":[2],"tags":[],"class_list":["post-3888","post","type-post","status-publish","format-standard","hentry","category-actualites"],"_links":{"self":[{"href":"https:\/\/retirada37.com\/index.php?rest_route=\/wp\/v2\/posts\/3888","targetHints":{"allow":["GET"]}}],"collection":[{"href":"https:\/\/retirada37.com\/index.php?rest_route=\/wp\/v2\/posts"}],"about":[{"href":"https:\/\/retirada37.com\/index.php?rest_route=\/wp\/v2\/types\/post"}],"author":[{"embeddable":true,"href":"https:\/\/retirada37.com\/index.php?rest_route=\/wp\/v2\/users\/3"}],"replies":[{"embeddable":true,"href":"https:\/\/retirada37.com\/index.php?rest_route=%2Fwp%2Fv2%2Fcomments&post=3888"}],"version-history":[{"count":2,"href":"https:\/\/retirada37.com\/index.php?rest_route=\/wp\/v2\/posts\/3888\/revisions"}],"predecessor-version":[{"id":3892,"href":"https:\/\/retirada37.com\/index.php?rest_route=\/wp\/v2\/posts\/3888\/revisions\/3892"}],"wp:attachment":[{"href":"https:\/\/retirada37.com\/index.php?rest_route=%2Fwp%2Fv2%2Fmedia&parent=3888"}],"wp:term":[{"taxonomy":"category","embeddable":true,"href":"https:\/\/retirada37.com\/index.php?rest_route=%2Fwp%2Fv2%2Fcategories&post=3888"},{"taxonomy":"post_tag","embeddable":true,"href":"https:\/\/retirada37.com\/index.php?rest_route=%2Fwp%2Fv2%2Ftags&post=3888"}],"curies":[{"name":"wp","href":"https:\/\/api.w.org\/{rel}","templated":true}]}}