{"id":3861,"date":"2023-02-22T23:47:54","date_gmt":"2023-02-22T22:47:54","guid":{"rendered":"http:\/\/retirada37.com\/?p=3861"},"modified":"2023-02-22T23:48:04","modified_gmt":"2023-02-22T22:48:04","slug":"numerisation-archives-des-refugies-espagnols-par-lofpra","status":"publish","type":"post","link":"https:\/\/retirada37.com\/?p=3861","title":{"rendered":"Num\u00e9risation Archives des r\u00e9fugi\u00e9s espagnols par l&rsquo;OFPRA"},"content":{"rendered":"<div class=\"field field-name-field-type-actualite\">INFOS<\/div>\n<div class=\"field field-name-title\">\n<h1>L&rsquo;OFPRA va num\u00e9riser ses archives sur les r\u00e9fugi\u00e9s espagnols<\/h1>\n<\/div>\n<div class=\"group-bandeau-auteur\">\n<div class=\"field field-name-author\">Par\u00a0<a class=\"username\" title=\"Voir le profil utilisateur.\" href=\"https:\/\/www.rfgenealogie.com\/users\/guillaume-de-morant\">Guillaume de Morant<\/a><\/div>\n<div class=\"field field-name-field-departements\"><a href=\"https:\/\/www.rfgenealogie.com\/zones\/france-metropolitaine\">France m\u00e9tropolitaine<\/a><\/div>\n<div class=\"field field-name-post-date\">20.02.2023<\/div>\n<div class=\"field field-name-field-cat\"><a href=\"https:\/\/www.rfgenealogie.com\/infos\/international\">International<\/a><\/div>\n<\/div>\n<div class=\"field field-name-field-visuel\">\n<div id=\"file-7629\" class=\"file file-image file-image-png\">\n<h2 class=\"element-invisible\"><a href=\"https:\/\/www.rfgenealogie.com\/file\/capturedecran2023-02-19a123526png\">capturedecran2023-02-19a123526.png<\/a><\/h2>\n<div class=\"content\"><img loading=\"lazy\" decoding=\"async\" class=\"img-responsive\" src=\"https:\/\/www.rfgenealogie.com\/sites\/rfg\/files\/styles\/media_visuel_contenu\/public\/medias\/dossiers\/capturedecran2023-02-19a123526.png?itok=h5E1K1hv\" alt=\"\" width=\"900\" height=\"590\" \/><\/div>\n<\/div>\n<\/div>\n<div class=\"paragraphs-items paragraphs-items-field-paragraphes paragraphs-items-field-paragraphes-full paragraphs-items-full\">\n<div class=\"field field-name-field-paragraphes\">\n<div id=\"paragraphs-item-6677\" class=\"entity entity-paragraphs-item paragraphs-item-texte texte\">\n<div class=\"content\">\n<div class=\"field field-name-field-prgph-texte field-type-text-long field-label-hidden\">\n<div class=\"field-items\">\n<div class=\"field-item even\">\n<p>Lors du dernier\u00a0<a href=\"https:\/\/www.ofpra.gouv.fr\/actualites\/signature-dune-declaration-dintention-en-matiere-darchives-entre-le-ministere-de-la\" target=\"_blank\" rel=\"noopener noreferrer\">sommet franco-espagnol du 19\u00a0janvier 2023<\/a>, une\u00a0d\u00e9claration d&rsquo;intention a \u00e9t\u00e9 sign\u00e9e entre le directeur de l&rsquo;OFPRA et le repr\u00e9sentant du minist\u00e8re de la Culture espagnole pour mener \u00e0 bien la num\u00e9risation des archives de l&rsquo;OFPRA sur l&rsquo;exil espagnol.\u00a0<strong>Cela fait suite \u00e0 l&rsquo;adoption par l&rsquo;Espagne en octobre 2022 d&rsquo;une loi sur la m\u00e9moire d\u00e9mocratique.\u00a0<\/strong>Celle-ci comporte d\u2019importantes dispositions sur les archives de l&rsquo;exode espagnol, sur la protection des fonds et leur centralisation. C&rsquo;est l&rsquo;Espagne qui va financer la num\u00e9risation des fonds conserv\u00e9s par l&rsquo;OFPRA sur ce th\u00e8me.<\/p>\n<p>Aline Angoustures, cheffe de la\u00a0<a href=\"https:\/\/www.ofpra.gouv.fr\/dossier\/la-mission-histoire-et-exploitation-des-archives\" target=\"_blank\" rel=\"noopener noreferrer\">mission Histoire et exploitation des archives \u00e0 l&rsquo;OFPRA\u00a0<\/a>explique que le projet comporte deux \u00e9tapes :\u00a0<em>\u00ab\u00a0Dans un premier temps, nous allons num\u00e9riser le fichier manuel, qui est un fichier papier comprenant\u00a0environ 200.000 fiches. Ces fiches class\u00e9es par ordre alphab\u00e9tique comportent les noms et pr\u00e9noms des prot\u00e9g\u00e9s, quelques informations et surtout les num\u00e9ros qui renvoient aux dossiers eux-m\u00eames.\u00a0Dans un second temps, le projet vise \u00e0 num\u00e9riser les dossiers eux-m\u00eames. C\u2019est un p\u00e9rim\u00e8tre beaucoup plus large, avec 140.000 dossiers contenant chacun une trentaine de documents en moyenne\u00a0\u00bb<\/em>.<\/p>\n<p>Les fiches et les dossiers seront index\u00e9s afin de constituer une base de donn\u00e9es interrogeable.\u00a0<strong>Les modalit\u00e9s de mise \u00e0 disposition ne sont pas encore d\u00e9finies, mais il n&rsquo;est pas pr\u00e9vu de mettre l&rsquo;int\u00e9gralit\u00e9 de ces fichiers en ligne, car ils comportent des mentions et des donn\u00e9es personnelles<\/strong>\u00a0et pour certains, leur d\u00e9lai de communicabilit\u00e9 de 50 ans n&rsquo;est pas encore atteint. Toutefois, une d\u00e9rogation g\u00e9n\u00e9rale est \u00e9voqu\u00e9e afin de permettre une diffusion plus large, les craintes de r\u00e9pression sur les personnes concern\u00e9es et leurs descendants n&rsquo;ayant pas lieu d&rsquo;\u00eatre.<\/p>\n<\/div>\n<\/div>\n<\/div>\n<\/div>\n<\/div>\n<div id=\"paragraphs-item-6678\" class=\"entity entity-paragraphs-item paragraphs-item-texte encart-rouge\">\n<div class=\"content\">\n<div class=\"field field-name-field-prgph-texte field-type-text-long field-label-hidden\">\n<div class=\"field-items\">\n<div class=\"field-item even\">\n<h3>Liens utiles<\/h3>\n<ul>\n<li><a href=\"https:\/\/www.ofpra.gouv.fr\/actualites\/signature-dune-declaration-dintention-en-matiere-darchives-entre-le-ministere-de-la\" target=\"_blank\" rel=\"noopener noreferrer\">Signature entre l&rsquo;Espagne et la France sur les archives de l&rsquo;exil<\/a><\/li>\n<li><a href=\"https:\/\/www.ofpra.gouv.fr\/dossier\/la-mission-histoire-et-exploitation-des-archives\" target=\"_blank\" rel=\"noopener noreferrer\">OFPRA, mission Histoire et exploitation des archives<\/a><\/li>\n<li><a href=\"https:\/\/francearchives.gouv.fr\/fr\/article\/239450434\" target=\"_blank\" rel=\"noopener noreferrer\">Dossier France Archives sur les r\u00e9fugi\u00e9s de la guerre d&rsquo;Espagne en France<\/a><\/li>\n<\/ul>\n<\/div>\n<\/div>\n<\/div>\n<\/div>\n<\/div>\n<\/div>\n<\/div>\n","protected":false},"excerpt":{"rendered":"<p>INFOS L&rsquo;OFPRA va num\u00e9riser ses archives sur les r\u00e9fugi\u00e9s espagnols Par\u00a0Guillaume de Morant France m\u00e9tropolitaine 20.02.2023 International capturedecran2023-02-19a123526.png Lors du dernier\u00a0sommet franco-espagnol du 19\u00a0janvier 2023, une\u00a0d\u00e9claration d&rsquo;intention a \u00e9t\u00e9 sign\u00e9e entre le directeur de l&rsquo;OFPRA et le repr\u00e9sentant du minist\u00e8re de la Culture espagnole pour mener \u00e0 bien la num\u00e9risation des archives de l&rsquo;OFPRA sur &hellip; <a href=\"https:\/\/retirada37.com\/?p=3861\" class=\"more-link\">Continuer la lecture de <span class=\"screen-reader-text\">Num\u00e9risation Archives des r\u00e9fugi\u00e9s espagnols par l&rsquo;OFPRA<\/span>  <span class=\"meta-nav\">&rarr;<\/span><\/a><\/p>\n","protected":false},"author":9,"featured_media":0,"comment_status":"open","ping_status":"open","sticky":false,"template":"","format":"standard","meta":{"_bbp_topic_count":0,"_bbp_reply_count":0,"_bbp_total_topic_count":0,"_bbp_total_reply_count":0,"_bbp_voice_count":0,"_bbp_anonymous_reply_count":0,"_bbp_topic_count_hidden":0,"_bbp_reply_count_hidden":0,"_bbp_forum_subforum_count":0,"footnotes":""},"categories":[2],"tags":[],"class_list":["post-3861","post","type-post","status-publish","format-standard","hentry","category-actualites"],"_links":{"self":[{"href":"https:\/\/retirada37.com\/index.php?rest_route=\/wp\/v2\/posts\/3861","targetHints":{"allow":["GET"]}}],"collection":[{"href":"https:\/\/retirada37.com\/index.php?rest_route=\/wp\/v2\/posts"}],"about":[{"href":"https:\/\/retirada37.com\/index.php?rest_route=\/wp\/v2\/types\/post"}],"author":[{"embeddable":true,"href":"https:\/\/retirada37.com\/index.php?rest_route=\/wp\/v2\/users\/9"}],"replies":[{"embeddable":true,"href":"https:\/\/retirada37.com\/index.php?rest_route=%2Fwp%2Fv2%2Fcomments&post=3861"}],"version-history":[{"count":1,"href":"https:\/\/retirada37.com\/index.php?rest_route=\/wp\/v2\/posts\/3861\/revisions"}],"predecessor-version":[{"id":3862,"href":"https:\/\/retirada37.com\/index.php?rest_route=\/wp\/v2\/posts\/3861\/revisions\/3862"}],"wp:attachment":[{"href":"https:\/\/retirada37.com\/index.php?rest_route=%2Fwp%2Fv2%2Fmedia&parent=3861"}],"wp:term":[{"taxonomy":"category","embeddable":true,"href":"https:\/\/retirada37.com\/index.php?rest_route=%2Fwp%2Fv2%2Fcategories&post=3861"},{"taxonomy":"post_tag","embeddable":true,"href":"https:\/\/retirada37.com\/index.php?rest_route=%2Fwp%2Fv2%2Ftags&post=3861"}],"curies":[{"name":"wp","href":"https:\/\/api.w.org\/{rel}","templated":true}]}}