{"id":3826,"date":"2024-04-29T19:43:24","date_gmt":"2024-04-29T18:43:24","guid":{"rendered":"http:\/\/retirada37.com\/?p=3826"},"modified":"2024-04-29T19:43:24","modified_gmt":"2024-04-29T18:43:24","slug":"le-massacre-datocha-un-crime-detat-en-pleine-transition-2","status":"publish","type":"post","link":"https:\/\/retirada37.com\/?p=3826","title":{"rendered":"Le massacre d&rsquo;Atocha,  un crime d&rsquo;\u00c9tat en pleine transition"},"content":{"rendered":"<p>Traduction d&rsquo;un article paru dans P\u00fablico d&rsquo;Ad\u00e9la LOBO par mes soins<\/p>\n<p>Dans la nuit du 24 janvier 1977, des nervis arm\u00e9s d&rsquo;extr\u00eame droite ont fait irruption dans un cabinet d&rsquo;avocats du travail situ\u00e9 au num\u00e9ro 55 de la rue Atocha. Les assaillants ont tu\u00e9 cinq personnes. Quatre autres ont \u00e9t\u00e9 bless\u00e9s.<\/p>\n<p>MADRID<br \/>\n24\/01\/2023 07:15 MISE \u00c0 JOUR\u00a0: 24\/01\/2023 07:24<br \/>\nAD\u00c9LA LOBO<br \/>\nLe r\u00e9cit de la transition comme pacifique et exemplaire se poursuit dans l&rsquo;imaginaire social malgr\u00e9 les meurtres commis alors que Francisco Franco \u00e9tait d\u00e9j\u00e0 mort. Les \u00e9v\u00e9nements de ce qu&rsquo;on appelle la Semaine tragique de la Transition en sont exemplaires. <\/p>\n<p>Le 23 janvier 1977, un membre de la gu\u00e9rilla paramilitaire de Cristo Rey assassine l&rsquo;\u00e9tudiant Arturo Ruiz lors d&rsquo;une manifestation pro-amnistie. <\/p>\n<p>Le lendemain, lors du rassemblement pour sa mort, Mar\u00eda Luz N\u00e1jera Juli\u00e1n est d\u00e9c\u00e9d\u00e9e des suites de l&rsquo;impact d&rsquo;un fumig\u00e8ne lanc\u00e9 par la police anti-\u00e9meute. Cette m\u00eame nuit, un groupe d&rsquo;ultra-droitiers a attaqu\u00e9 le cabinet d&rsquo;avocats du travail situ\u00e9 au num\u00e9ro 55 de la rue Atocha.<\/p>\n<p>C&rsquo;est arriv\u00e9 le 24 janvier 1977. Trois fascistes arm\u00e9s ont fait irruption dans ce bureau. Ils cherchaient Joaquin Navarro, dirigeant du syndicat des transports des Commissions Ouvri\u00e8res. Alors que le c\u00e9l\u00e8bre syndicaliste \u00e9tait parti plus t\u00f4t et n&rsquo;\u00e9tait plus au bureau, les militants d\u2019extr\u00eame-droite ont tir\u00e9 sur les personnes pr\u00e9sentes. Ils ont tu\u00e9 trois avocats du travail, un \u00e9tudiant en droit et un agent administratif.  Quatre autres personnes ont \u00e9t\u00e9 bless\u00e9es<\/p>\n<p>Le chercheur Carlos Portome\u00f1e a publi\u00e9 Le Massacre d&rsquo;Atocha et autres crimes d&rsquo;\u00c9tat, un ouvrage qui traite du terrorisme d&rsquo;extr\u00eame droite \u00e0 la fin du franquisme et pendant la Transition. <\/p>\n<p>Le travail de recherche de Portome\u00f1e montre que l&rsquo;\u00c9tat et des groupes de l&rsquo;extr\u00eame droite italienne qui faisaient partie de l&rsquo;Internationale Noire ont \u00e9t\u00e9 impliqu\u00e9s dans le massacre d&rsquo;Atocha. <\/p>\n<p>\u00ab\u00a0Nous parlons d&rsquo;Italiens qui ont commis les attentats les plus sanglants, qui \u00e9taient recherch\u00e9s dans leur pays et qui vivaient tranquillement en Espagne sous la protection des services de renseignement et de l&rsquo;\u00c9tat\u00a0\u00bb, a expliqu\u00e9 Portome\u00f1e \u00e0 P\u00fablico.<\/p>\n<p>L&rsquo;enqu\u00eate de Carlos Portome\u00f1e indique que Stefano Delle Chiaie, le chef de l&rsquo;Internationale Noire, a \u00e9t\u00e9 impliqu\u00e9 dans les \u00e9v\u00e9nements de Montejurra, un autre crime d&rsquo;\u00c9tat, selon les documents auxquels ce journal a eu acc\u00e8s. Le fasciste italien a \u00e9galement particip\u00e9 au meurtre d&rsquo;Arturo Ruiz. \u00ab\u00a0Delle Chiaie faisait partie du groupe de cinq personnes qui \u00e9taient pr\u00e9sentes lors de l&rsquo;assassinat d&rsquo;Arturo Ruiz. <\/p>\n<p>Et dans ce groupe se trouvait Fern\u00e1ndez Cerra, qui le lendemain est l&rsquo;un de ceux qui assassinent les avocats d&rsquo;Atocha\u00a0\u00bb, pr\u00e9cise Portome\u00f1e. Tout cela prouve que les \u00e9v\u00e9nements de la semaine tragique n&rsquo;\u00e9taient pas le fruit du hasard mais \u00e9taient fortement li\u00e9s les uns aux autres.<br \/>\nLa nuit du 24 janvier<br \/>\nL&rsquo;\u0153uvre de Portome\u00f1e recueille le t\u00e9moignage de Miguel Sarabia, bless\u00e9 lors de la fusillade : \u00ab\u00a0Nous \u00e9tions assis dans le salon lorsqu&rsquo;un individu qui tenait une arme nous a dit de nous lever et de mettre les mains en l&rsquo;air.\u00a0\u00bb Les assaillants ont demand\u00e9 si Joaqu\u00edn Navarro se trouvait ici et les avocats ont r\u00e9pondu qu&rsquo;il n&rsquo;\u00e9tait plus dans ce bureau. Mais les nervis fascistes \u00e9taient  certains qu&rsquo;il \u00e9tait \u00e0 cet endroit. Malgr\u00e9 l&rsquo;absence du syndicaliste, ils ont tir\u00e9 \u00e0 bout portant.<\/p>\n<p>Carlos Garc\u00eda Juliay,  Jos\u00e9 Fern\u00e1ndez Cerra sont les assaillants qui ont appuy\u00e9 sur la g\u00e2chette. Un troisi\u00e8me, Fernando Lerdo de Tejada, n&rsquo;a jamais pu entrer dans le bureau. \u00ab\u00a0Il \u00e9tait derri\u00e8re la cloison vitr\u00e9e qui se trouvait dans le bureau d&rsquo;Atocha, il n&rsquo;avait pas de balles dans son arme, mais il portait un \u00e9norme pistolet\u00a0\u00bb, a d\u00e9clar\u00e9 Alejandro Ruiz-Huerta, le seul avocat qui a subi cette attaque et qui est actuellement toujours en vie.<\/p>\n<p>Les trois mis en cause sont entr\u00e9s en prison en mars 1977. \u00ab\u00a0Tous les 24 janvier, ils c\u00e9l\u00e9braient leur s\u00e9jour en prison et la mort qu&rsquo;ils avaient caus\u00e9e en r\u00e9clamant un plateau de fruits de mer\u00a0\u00bb, r\u00e9v\u00e8le Ruiz-Huerta. Les militants syndicaux ont appris cette nouvelle par l&rsquo;interm\u00e9diaire de leurs avocats et des responsables de la surveillance p\u00e9nitentiaire. \u00ab\u00a0Ils ne l&rsquo;ont pas regrett\u00e9 \u00e0 cet instant et ne l&rsquo;ont jamais regrett\u00e9\u00a0\u00bb, dit-il.<\/p>\n<p>D\u00e9fense du mouvement ouvrier<br \/>\nLes avocats du travail \u00e9taient dans le collimateur des groupes d&rsquo;ultra-droite. Non seulement en raison de ses liens avec le CCOO et le PCE, mais aussi en raison de leur engagement pour la d\u00e9mocratie et de leur travail inlassable pour am\u00e9liorer les conditions de travail des travailleurs.<br \/>\n\u00ab\u00a0La tension a \u00e9t\u00e9 tr\u00e8s forte en janvier, entre autres \u00e9v\u00e8nements, parce que la gr\u00e8ve des transports a \u00e9t\u00e9 organis\u00e9e ce mois-l\u00e0\u00a0\u00bb, explique Ruiz-Huerta. \u00ab\u00a0Entre nous, nous avions l&rsquo;habitude d&rsquo;accompagner nos coll\u00e8gues en voiture chez eux et nous attendions jusqu\u2019\u00e0 ce qu&rsquo;ils rentrent\u00a0\u00bb, raconte-t-il.<\/p>\n<p>Le bureau contre lequel ils ont men\u00e9 l\u2019attaque dans la nuit du 24 janvier 1977 \u00e9tait l&rsquo;extension d&rsquo;un autre similaire situ\u00e9 au num\u00e9ro 49 Rue Atocha, qui  \u00e9tait rest\u00e9 un peu \u00e0 l\u2019\u00e9troit en raison de sa grande activit\u00e9. Tous deux appartenaient \u00e0 un r\u00e9seau de cabinets cr\u00e9\u00e9s dans les ann\u00e9es 1960 par le PCE pour d\u00e9fendre le mouvement ouvrier.<br \/>\nLes avocats effectuaient les d\u00e9marches avec les administrations, recevaient dans leurs cabinets et se rendaient aux proc\u00e8s. <\/p>\n<p>L&rsquo;un des nombreux exemples du travail acharn\u00e9 des avocats du travail est la consultation qu&rsquo;ils men\u00e8rent depuis leur balcon du cabinet. \u00ab\u00a0Au moment o\u00f9 on a dit \u00ab\u00a0au suivant&rsquo;\u00a0\u00bb tous les salari\u00e9s d\u2019une entreprise sont entr\u00e9s, ils avaient tous \u00e9t\u00e9 licenci\u00e9s\u00a0\u00bb, raconte Ruiz-Huerta. \u00ab\u00a0Nous avons d\u00fb mener la  concertation depuis le balcon pour parler aux 250 travailleurs\u00a0\u00bb, poursuit-il. C&rsquo;\u00e9tait toute une entreprise du secteur chimique dont les ouvriers n&rsquo;avaient pas touch\u00e9 leurs salaires depuis 2 mois. Finalement, ils ont r\u00e9ussi \u00e0 gagner le proc\u00e8s.<br \/>\nCe 24 janvier, les  nervis d\u2019extr\u00eame-droite ont assassin\u00e9 Javier Sauquillo P\u00e9rez del Arco, Luis Javier Benavides Orgaz, Enrique Valdelvira Ib\u00e1\u00f1ez, Seraf\u00edn Holgado de Antonio et \u00c1ngel Rodr\u00edguez Leal. Que leurs noms ne soient pas oubli\u00e9s\u00a0!<\/p>\n","protected":false},"excerpt":{"rendered":"<p>Traduction d&rsquo;un article paru dans P\u00fablico d&rsquo;Ad\u00e9la LOBO par mes soins Dans la nuit du 24 janvier 1977, des nervis arm\u00e9s d&rsquo;extr\u00eame droite ont fait irruption dans un cabinet d&rsquo;avocats du travail situ\u00e9 au num\u00e9ro 55 de la rue Atocha. Les assaillants ont tu\u00e9 cinq personnes. Quatre autres ont \u00e9t\u00e9 bless\u00e9s. MADRID 24\/01\/2023 07:15 MISE &hellip; <a href=\"https:\/\/retirada37.com\/?p=3826\" class=\"more-link\">Continuer la lecture de <span class=\"screen-reader-text\">Le massacre d&rsquo;Atocha,  un crime d&rsquo;\u00c9tat en pleine transition<\/span>  <span class=\"meta-nav\">&rarr;<\/span><\/a><\/p>\n","protected":false},"author":2,"featured_media":0,"comment_status":"open","ping_status":"open","sticky":false,"template":"","format":"standard","meta":{"_bbp_topic_count":0,"_bbp_reply_count":0,"_bbp_total_topic_count":0,"_bbp_total_reply_count":0,"_bbp_voice_count":0,"_bbp_anonymous_reply_count":0,"_bbp_topic_count_hidden":0,"_bbp_reply_count_hidden":0,"_bbp_forum_subforum_count":0,"footnotes":""},"categories":[2],"tags":[],"class_list":["post-3826","post","type-post","status-publish","format-standard","hentry","category-actualites"],"_links":{"self":[{"href":"https:\/\/retirada37.com\/index.php?rest_route=\/wp\/v2\/posts\/3826","targetHints":{"allow":["GET"]}}],"collection":[{"href":"https:\/\/retirada37.com\/index.php?rest_route=\/wp\/v2\/posts"}],"about":[{"href":"https:\/\/retirada37.com\/index.php?rest_route=\/wp\/v2\/types\/post"}],"author":[{"embeddable":true,"href":"https:\/\/retirada37.com\/index.php?rest_route=\/wp\/v2\/users\/2"}],"replies":[{"embeddable":true,"href":"https:\/\/retirada37.com\/index.php?rest_route=%2Fwp%2Fv2%2Fcomments&post=3826"}],"version-history":[{"count":1,"href":"https:\/\/retirada37.com\/index.php?rest_route=\/wp\/v2\/posts\/3826\/revisions"}],"predecessor-version":[{"id":18515,"href":"https:\/\/retirada37.com\/index.php?rest_route=\/wp\/v2\/posts\/3826\/revisions\/18515"}],"wp:attachment":[{"href":"https:\/\/retirada37.com\/index.php?rest_route=%2Fwp%2Fv2%2Fmedia&parent=3826"}],"wp:term":[{"taxonomy":"category","embeddable":true,"href":"https:\/\/retirada37.com\/index.php?rest_route=%2Fwp%2Fv2%2Fcategories&post=3826"},{"taxonomy":"post_tag","embeddable":true,"href":"https:\/\/retirada37.com\/index.php?rest_route=%2Fwp%2Fv2%2Ftags&post=3826"}],"curies":[{"name":"wp","href":"https:\/\/api.w.org\/{rel}","templated":true}]}}