{"id":3797,"date":"2022-12-30T13:47:45","date_gmt":"2022-12-30T12:47:45","guid":{"rendered":"http:\/\/retirada37.com\/?p=3797"},"modified":"2022-12-30T13:51:34","modified_gmt":"2022-12-30T12:51:34","slug":"lantifascisme-cultive-en-chansons","status":"publish","type":"post","link":"https:\/\/retirada37.com\/?p=3797","title":{"rendered":"L\u2019antifascisme cultiv\u00e9 en chansons"},"content":{"rendered":"<p><em>Musique : Le groupe toulousain El Comunero fait vivre la m\u00e9moire des r\u00e9sistances antifascistes, notamment celle du peuple espagnol au franquisme. Un travail au long cours que perp\u00e9tue un nouvel album gracieux, Ra\u00edces y Semillas, dialogue captivant entre pass\u00e9 et pr\u00e9sent.<\/em><\/p>\n<p><a href=\"https:\/\/retirada37.com\/wp-content\/uploads\/2022\/12\/306134.HR_-300x158-1.jpg\"><img loading=\"lazy\" decoding=\"async\" src=\"https:\/\/retirada37.com\/wp-content\/uploads\/2022\/12\/306134.HR_-300x158-1.jpg\" alt=\"\" width=\"300\" height=\"158\" class=\"alignnone size-full wp-image-3798\" \/><\/a><\/p>\n<p>La chanson a cette vertu singuli\u00e8re de tisser un lien entre hier et aujourd\u2019hui en rendant le m\u00e9morable m\u00e9morable. C\u2019est ce que font depuis quinze ans les Toulousains d\u2019El Comunero, men\u00e9s par le chanteur et guitariste Tomas Jimenez. Un groupe ? Plus, un projet. Avec pour viatique l\u2019histoire des luttes antifascistes \u00e0 travers la plus exemplaire qui soit, celle de la r\u00e9sistance du peuple espagnol au franquisme. C\u2019est que le mat\u00e9riel source est sublime. Rarement lutte aura offert autant de chansons admirables, ritournelles de tranch\u00e9es devenues hymnes internationalistes ou grilles harmoniques pour jazzmen. Apr\u00e8s avoir investi ce r\u00e9pertoire dans deux albums f\u00e9briles, El Comunero, en 2008, et Sigue Luchando, en 2012, le groupe a explor\u00e9 le registre des fr\u00e8res lutteurs latino-am\u00e9ricains avec Son de la Barricada, en 2017. Ils reviennent aujourd\u2019hui avec Raices y Semillas ( roots and seeds), le quatri\u00e8me opus dans lequel le groupe s\u2019essaie \u00e0 la composition. \u00ab Il \u00e9tait temps de passer \u00e0 une autre \u00e9tape en \u00e9crivant nos propres chansons \u00bb, reconna\u00eet Tomas Jimenez, qui a pourtant souhait\u00e9 inclure dans cet album deux chansons du po\u00e8te et musicien communiste argentin Atahualpa Yupanqui et du chanteur espagnol Chicho S\u00e1nchez Ferlosio.<\/p>\n<p><strong>S\u2019inscrire dans le monde contemporain<\/strong><\/p>\n<p>Ses racines, Tomas Jimenez les entretient avec ferveur. Le projet El Comunero germe \u00e0 la mort de son grand-p\u00e8re. C\u2019est lui, militant communiste et combattant r\u00e9publicain, qui a donn\u00e9 au groupe le nom que lui ont donn\u00e9 ses camarades anarchistes, que l\u2019on pourrait traduire par coco ou communard. Un stigmate sympathique que le petit-fils porte fi\u00e8rement. Le projet trouve rapidement des prolongements militants : le musicien \u00e9crit des nouvelles, fr\u00e9quente les \u00e9coles de Lille \u00e0 Marseille, va jusqu\u2019\u00e0 composer la musique d\u2019un documentaire, Op\u00e9ration Bol\u00e9ro-Paprika, sur les arrestations coordonn\u00e9es par le gouvernement fran\u00e7ais de communistes en 1950, dont beaucoup d\u2019Espagnols. \u00ab J\u2019ai commenc\u00e9 \u00e0 rencontrer des t\u00e9moins, \u00e0 travailler avec des historiens, des auteurs, \u00e0 rencontrer des maquisards et gu\u00e9rilleros qui m\u2019ont appris de nouvelles chansons, souvent in\u00e9dites et jamais enregistr\u00e9es. Un ancien de la colonne Durruti nous a m\u00eame envoy\u00e9 trois chants, chant\u00e9s a cappella, qui n\u2019avaient jamais \u00e9t\u00e9 conserv\u00e9s. L\u00e0, \u00e7a a pris une autre dimension. \u00bb<\/p>\n<p>Raices et Semillas se pr\u00e9cipite avec la promenade de Cara Quemada, une composition subtile o\u00f9 l\u2019accord\u00e9on s\u2019entrelace avec la basse de la clarinette basse. La chanson raconte en espagnol le destin de Ramon Vila Capdevila. Ce militant anarchiste, emprisonn\u00e9 avant d\u2019\u00eatre lib\u00e9r\u00e9 par le gouvernement du Front populaire, alors engag\u00e9 contre le franquisme et dans la R\u00e9sistance fran\u00e7aise, refusa les honneurs pour revenir hanter les montagnes catalanes et y finir assassin\u00e9 en 1963. \u00ab Il n\u2019y avait jamais eu de chanson sur cette vie difficile qui ressemblait \u00e0 un western. C\u2019est le gu\u00e9rillero ultime, l\u2019un des derniers \u00e0 tomber. \u00bb, se souvient Tomas Jimenez. Dans Rosario Dinamiterale groupe reprend les vers du po\u00e8te Miguel Hernandez d\u00e9di\u00e9s \u00e0 Rosario Sanchez Mora, combattante de l\u2019arm\u00e9e r\u00e9publicaine, qui perdra une main au front.<\/p>\n<p>Du c\u00f4t\u00e9 des semences, la chanson Bienvenue \u00e0 Guernica raconte, l\u2019auto-organisation d\u2019une banlieue de Buenos Aires face aux sp\u00e9culateurs pendant la pand\u00e9mie. \u00ab Depuis qu\u2019ils avaient choisi Guernica comme nom du quartier, je me suis dit que cette nouvelle exp\u00e9rience devait \u00eatre racont\u00e9e. \u00bb Avec Daloy Politseyles musiciens s\u2019indignent en fran\u00e7ais de l\u2019universalisation de la r\u00e9pression polici\u00e8re. \u00ab En faisant appel \u00e0 un chanteur grec (Andreas Melas), un chanteur espagnol (Vicente Pradal) et un chanteur russe (Mitia Khramtsov), nous avons voulu souligner que cette question est partout pr\u00e9gnante. \u00bb<\/p>\n<p>Cet album ne cache-t-il pas une volont\u00e9 de s\u2019inscrire davantage dans le monde contemporain ? \u00ab Cela a toujours \u00e9t\u00e9 l\u2019objectif du processus.corrige Tomas Jimenez. Quand on voit le virage ultra-r\u00e9actionnaire en Europe, ou quand on tombe sur des textes qui parlent d\u2019exil et de r\u00e9fugi\u00e9s, \u00e7a me fait penser \u00e0 ce qu\u2019ont v\u00e9cu mes grands-parents. Il y avait l\u2019envie de montrer que cette histoire continue, qu\u2019on la retrouve dans d\u2019autres pays, \u00e0 d\u2019autres \u00e9poques. \u00bb Cultiver ses racines et planter des graines, une \u0153uvre d\u2019int\u00e9r\u00eat g\u00e9n\u00e9ral sublim\u00e9e par une musique envo\u00fbtante.<\/p>\n<p><strong>Humanit\u00e9 du 30 d\u00e9cembre 2022<\/p>\n<p>Cl\u00e9ment Garcia<\/strong><\/p>\n","protected":false},"excerpt":{"rendered":"<p>Musique : Le groupe toulousain El Comunero fait vivre la m\u00e9moire des r\u00e9sistances antifascistes, notamment celle du peuple espagnol au franquisme. Un travail au long cours que perp\u00e9tue un nouvel album gracieux, Ra\u00edces y Semillas, dialogue captivant entre pass\u00e9 et pr\u00e9sent. La chanson a cette vertu singuli\u00e8re de tisser un lien entre hier et aujourd\u2019hui &hellip; <a href=\"https:\/\/retirada37.com\/?p=3797\" class=\"more-link\">Continuer la lecture de <span class=\"screen-reader-text\">L\u2019antifascisme cultiv\u00e9 en chansons<\/span>  <span class=\"meta-nav\">&rarr;<\/span><\/a><\/p>\n","protected":false},"author":3,"featured_media":0,"comment_status":"open","ping_status":"open","sticky":false,"template":"","format":"standard","meta":{"_bbp_topic_count":0,"_bbp_reply_count":0,"_bbp_total_topic_count":0,"_bbp_total_reply_count":0,"_bbp_voice_count":0,"_bbp_anonymous_reply_count":0,"_bbp_topic_count_hidden":0,"_bbp_reply_count_hidden":0,"_bbp_forum_subforum_count":0,"footnotes":""},"categories":[2,20],"tags":[],"class_list":["post-3797","post","type-post","status-publish","format-standard","hentry","category-actualites","category-culture"],"_links":{"self":[{"href":"https:\/\/retirada37.com\/index.php?rest_route=\/wp\/v2\/posts\/3797","targetHints":{"allow":["GET"]}}],"collection":[{"href":"https:\/\/retirada37.com\/index.php?rest_route=\/wp\/v2\/posts"}],"about":[{"href":"https:\/\/retirada37.com\/index.php?rest_route=\/wp\/v2\/types\/post"}],"author":[{"embeddable":true,"href":"https:\/\/retirada37.com\/index.php?rest_route=\/wp\/v2\/users\/3"}],"replies":[{"embeddable":true,"href":"https:\/\/retirada37.com\/index.php?rest_route=%2Fwp%2Fv2%2Fcomments&post=3797"}],"version-history":[{"count":2,"href":"https:\/\/retirada37.com\/index.php?rest_route=\/wp\/v2\/posts\/3797\/revisions"}],"predecessor-version":[{"id":3800,"href":"https:\/\/retirada37.com\/index.php?rest_route=\/wp\/v2\/posts\/3797\/revisions\/3800"}],"wp:attachment":[{"href":"https:\/\/retirada37.com\/index.php?rest_route=%2Fwp%2Fv2%2Fmedia&parent=3797"}],"wp:term":[{"taxonomy":"category","embeddable":true,"href":"https:\/\/retirada37.com\/index.php?rest_route=%2Fwp%2Fv2%2Fcategories&post=3797"},{"taxonomy":"post_tag","embeddable":true,"href":"https:\/\/retirada37.com\/index.php?rest_route=%2Fwp%2Fv2%2Ftags&post=3797"}],"curies":[{"name":"wp","href":"https:\/\/api.w.org\/{rel}","templated":true}]}}