{"id":3758,"date":"2022-09-03T07:00:45","date_gmt":"2022-09-03T06:00:45","guid":{"rendered":"http:\/\/retirada37.com\/?p=3758"},"modified":"2022-09-01T10:11:27","modified_gmt":"2022-09-01T09:11:27","slug":"solidarias","status":"publish","type":"post","link":"https:\/\/retirada37.com\/?p=3758","title":{"rendered":"\u00a1Solidarias!"},"content":{"rendered":"<p><em>Les volontaires \u00e9trang\u00e8res et la solidarit\u00e9 internationale f\u00e9minine durant la guerre d\u2019Espagne (1936-1939)<\/em><\/p>\n<p><strong>\u00c9douard Sill (dir.)<\/strong><\/p>\n<p>La participation des femmes \u00e9trang\u00e8res durant la guerre civile (1936-1939) \u2013 et notamment celles qui s\u2019engag\u00e8rent dans les Brigades internationales pour d\u00e9fendre la R\u00e9publique et combattre le fascisme \u2013 n\u2019avait fait l\u2019objet jusqu\u2019\u00e0 pr\u00e9sent que de tr\u00e8s peu de travaux historiques. Il s\u2019agit pourtant d\u2019une dimension majeure de l\u2019histoire de l\u2019antifascisme et des engagements internationalistes f\u00e9minins.<\/p>\n<p>\u00c0 l\u2019initiative de l\u2019ACER (Amis des combattants volontaires en Espagne r\u00e9publicaine) et de partenaires institutionnels et universitaires, l\u2019ouvrage \u00a1Solidarias! met en valeur cette mobilisation solidaire, humanitaire, militaire et sanitaire de centaines d\u2019\u00e9trang\u00e8res. Organis\u00e9 par th\u00e9matiques, il couvre de nombreux aspects tels que les enjeux historiographiques du sujet, l\u2019observation compar\u00e9e des femmes dans les diff\u00e9rents contingents de volontaires et l\u2019engagement f\u00e9minin au sein de la mobilisation transnationale autour de l\u2019Espagne, ainsi que la partition des intellectuelles \u00e9trang\u00e8res. Il est propos\u00e9 ici une mise \u00e0 jour essentielle de la recherche historique sur la place des femmes dans les solidarit\u00e9s antifascistes et de leur r\u00f4le dans le volontariat international.<\/p>\n<p><a href=\"https:\/\/retirada37.com\/wp-content\/uploads\/2022\/09\/solidarias_couv-small480.jpg\"><img loading=\"lazy\" decoding=\"async\" src=\"https:\/\/retirada37.com\/wp-content\/uploads\/2022\/09\/solidarias_couv-small480.jpg\" alt=\"\" width=\"309\" height=\"480\" class=\"alignnone size-full wp-image-3759\" srcset=\"https:\/\/retirada37.com\/wp-content\/uploads\/2022\/09\/solidarias_couv-small480.jpg 309w, https:\/\/retirada37.com\/wp-content\/uploads\/2022\/09\/solidarias_couv-small480-193x300.jpg 193w\" sizes=\"auto, (max-width: 309px) 100vw, 309px\" \/><\/a><\/p>\n<p>    \u00c9diteur : Presses universitaires de Rennes Collection : Histoire Lieu d\u2019\u00e9dition : Rennes Ann\u00e9e d\u2019\u00e9dition : 2022 Publication sur OpenEdition Books : 10 mai 2022 EAN (\u00c9dition imprim\u00e9e) : 9782753582774 EAN \u00e9lectronique : 9782753587328 DOI : 10.4000\/books.pur.162646 Nombre de pages : 252 p.<br \/>\n<a href=\"https:\/\/books.openedition.org\/pur\/162646?lang=fr#book-more-content-presentationfull\">https:\/\/books.openedition.org\/pur\/162646?lang=fr#book-more-content-presentationfull<\/a><\/p>\n<p><strong>Sur Edouard Sill, \u00e0 revoir<\/strong> :<a href=\"http:\/\/demainlegrandsoir.org\/spip.php?page=article&#038;id_article=1826\"> http:\/\/demainlegrandsoir.org\/spip.php?page=article&#038;id_article=1826<\/a><\/p>\n","protected":false},"excerpt":{"rendered":"<p>Les volontaires \u00e9trang\u00e8res et la solidarit\u00e9 internationale f\u00e9minine durant la guerre d\u2019Espagne (1936-1939) \u00c9douard Sill (dir.) La participation des femmes \u00e9trang\u00e8res durant la guerre civile (1936-1939) \u2013 et notamment celles qui s\u2019engag\u00e8rent dans les Brigades internationales pour d\u00e9fendre la R\u00e9publique et combattre le fascisme \u2013 n\u2019avait fait l\u2019objet jusqu\u2019\u00e0 pr\u00e9sent que de tr\u00e8s peu de &hellip; <a href=\"https:\/\/retirada37.com\/?p=3758\" class=\"more-link\">Continuer la lecture de <span class=\"screen-reader-text\">\u00a1Solidarias!<\/span>  <span class=\"meta-nav\">&rarr;<\/span><\/a><\/p>\n","protected":false},"author":3,"featured_media":0,"comment_status":"open","ping_status":"open","sticky":false,"template":"","format":"standard","meta":{"_bbp_topic_count":0,"_bbp_reply_count":0,"_bbp_total_topic_count":0,"_bbp_total_reply_count":0,"_bbp_voice_count":0,"_bbp_anonymous_reply_count":0,"_bbp_topic_count_hidden":0,"_bbp_reply_count_hidden":0,"_bbp_forum_subforum_count":0,"footnotes":""},"categories":[14],"tags":[],"class_list":["post-3758","post","type-post","status-publish","format-standard","hentry","category-histoire"],"_links":{"self":[{"href":"https:\/\/retirada37.com\/index.php?rest_route=\/wp\/v2\/posts\/3758","targetHints":{"allow":["GET"]}}],"collection":[{"href":"https:\/\/retirada37.com\/index.php?rest_route=\/wp\/v2\/posts"}],"about":[{"href":"https:\/\/retirada37.com\/index.php?rest_route=\/wp\/v2\/types\/post"}],"author":[{"embeddable":true,"href":"https:\/\/retirada37.com\/index.php?rest_route=\/wp\/v2\/users\/3"}],"replies":[{"embeddable":true,"href":"https:\/\/retirada37.com\/index.php?rest_route=%2Fwp%2Fv2%2Fcomments&post=3758"}],"version-history":[{"count":3,"href":"https:\/\/retirada37.com\/index.php?rest_route=\/wp\/v2\/posts\/3758\/revisions"}],"predecessor-version":[{"id":3762,"href":"https:\/\/retirada37.com\/index.php?rest_route=\/wp\/v2\/posts\/3758\/revisions\/3762"}],"wp:attachment":[{"href":"https:\/\/retirada37.com\/index.php?rest_route=%2Fwp%2Fv2%2Fmedia&parent=3758"}],"wp:term":[{"taxonomy":"category","embeddable":true,"href":"https:\/\/retirada37.com\/index.php?rest_route=%2Fwp%2Fv2%2Fcategories&post=3758"},{"taxonomy":"post_tag","embeddable":true,"href":"https:\/\/retirada37.com\/index.php?rest_route=%2Fwp%2Fv2%2Ftags&post=3758"}],"curies":[{"name":"wp","href":"https:\/\/api.w.org\/{rel}","templated":true}]}}