{"id":3736,"date":"2022-08-14T13:17:46","date_gmt":"2022-08-14T12:17:46","guid":{"rendered":"http:\/\/retirada37.com\/?p=3736"},"modified":"2022-08-14T13:17:46","modified_gmt":"2022-08-14T12:17:46","slug":"ils-ne-passeront-pas","status":"publish","type":"post","link":"https:\/\/retirada37.com\/?p=3736","title":{"rendered":"Ils ne passeront pas !"},"content":{"rendered":"<p>Apr\u00e8s leur avoir donn\u00e9 le soutien de sa division azul, le r\u00e9gime franquiste a recycl\u00e9 des anciens nazis qui ont r\u00e9sid\u00e9 tranquillement jusqu\u2019\u00e0 leur mort sur la Costa Brava.<\/p>\n<p>Il a recycl\u00e9 des dignitaires p\u00e9tainistes dont le plus c\u00e9l\u00e8bre \u00e9tait Darquier de Pellepoix, commissaire g\u00e9n\u00e9ral aux questions juives sous l\u2019occupation en France.<br \/>\nIl a recycl\u00e9 les anciens de l\u2019O.A.S, organisation criminelle cr\u00e9\u00e9e gr\u00e2ce au soutien de Franco le 11 f\u00e9vrier 1961 \u00e0 Madrid.<\/p>\n<p>Voil\u00e0 que maintenant la France des Droits Humains, apr\u00e8s avoir connu au cours de sa derni\u00e8re campagne pr\u00e9sidentielle la tentative de r\u00e9habilitation de P\u00e9tain par un triste personnage qui se pr\u00e9tendait historien qualifi\u00e9, voit le groupe de presse qui l\u2019avait promu tenter la m\u00eame op\u00e9ration avec les auteurs du coup d\u2019\u00c9tat du 18 juillet 1936.<\/p>\n<p>Le 20 novembre 2002 le congr\u00e8s des d\u00e9put\u00e9s espagnol, \u00e0 majorit\u00e9 P.P, a condamn\u00e9 \u00e0 l\u2019unanimit\u00e9 ce coup d&rsquo;\u00c9tat.<\/p>\n<p>Le parlement europ\u00e9en a fait de m\u00eame le 17 mars 2006.<\/p>\n<p>En recyclant un pseudo historien de la guerre d\u2019Espagne, le quotidien Le Figaro prend une lourde responsabilit\u00e9 et donne une publicit\u00e9 ind\u00e9cente \u00e0 la th\u00e8se r\u00e9visionniste selon laquelle le coup d&rsquo;\u00c9tat du 18  juillet 1936 \u00ab n\u2019\u00e9tait qu\u2019une r\u00e9action de l\u00e9gitime d\u00e9fense face au chaos\u00bb ( https:\/\/www.huffingtonpost.fr\/politique\/article\/le-figaro-accuse-de-revisionnisme-sur-franco-par-ces-politiques-et-historiens_206516.html ).<\/p>\n<p>Personne en Espagne n\u2019accorde le moindre cr\u00e9dit \u00e0 l\u2019auteur de ces propos qui est totalement d\u00e9consid\u00e9r\u00e9 dans les milieux de la recherche historique.<\/p>\n<p>Pourquoi  chercher \u00e0 lui donner en France une audience qu\u2019il a d\u00e9finitivement perdue dans son pays d\u2019origine ?<\/p>\n<p>Nous devons  face \u00e0 cette triste op\u00e9ration conserver \u00e0 l\u2019esprit le \u00ab Plus jamais \u00e7a \u00bb que nous ont l\u00e9gu\u00e9 nos amis et nos proches qui ont v\u00e9cu ces p\u00e9riodes historiques.<\/p>\n<p>Ils ne sont plus l\u00e0 pour t\u00e9moigner et les forces de la haine et de l\u2019exclusion y voient l\u2019occasion, en profitant de la banalisation et de l\u2019oubli que permet le temps pass\u00e9, de renverser les digues que les d\u00e9mocraties ont \u00e9rig\u00e9es contre le fascisme et l\u2019extr\u00eame droite.  <\/p>\n<p>Ils ne passeront pas !<\/p>\n<p><strong>Coordination Caminar<\/strong><\/p>\n","protected":false},"excerpt":{"rendered":"<p>Apr\u00e8s leur avoir donn\u00e9 le soutien de sa division azul, le r\u00e9gime franquiste a recycl\u00e9 des anciens nazis qui ont r\u00e9sid\u00e9 tranquillement jusqu\u2019\u00e0 leur mort sur la Costa Brava. Il a recycl\u00e9 des dignitaires p\u00e9tainistes dont le plus c\u00e9l\u00e8bre \u00e9tait Darquier de Pellepoix, commissaire g\u00e9n\u00e9ral aux questions juives sous l\u2019occupation en France. Il a recycl\u00e9 &hellip; <a href=\"https:\/\/retirada37.com\/?p=3736\" class=\"more-link\">Continuer la lecture de <span class=\"screen-reader-text\">Ils ne passeront pas !<\/span>  <span class=\"meta-nav\">&rarr;<\/span><\/a><\/p>\n","protected":false},"author":3,"featured_media":0,"comment_status":"open","ping_status":"open","sticky":false,"template":"","format":"standard","meta":{"_bbp_topic_count":0,"_bbp_reply_count":0,"_bbp_total_topic_count":0,"_bbp_total_reply_count":0,"_bbp_voice_count":0,"_bbp_anonymous_reply_count":0,"_bbp_topic_count_hidden":0,"_bbp_reply_count_hidden":0,"_bbp_forum_subforum_count":0,"footnotes":""},"categories":[2],"tags":[],"class_list":["post-3736","post","type-post","status-publish","format-standard","hentry","category-actualites"],"_links":{"self":[{"href":"https:\/\/retirada37.com\/index.php?rest_route=\/wp\/v2\/posts\/3736","targetHints":{"allow":["GET"]}}],"collection":[{"href":"https:\/\/retirada37.com\/index.php?rest_route=\/wp\/v2\/posts"}],"about":[{"href":"https:\/\/retirada37.com\/index.php?rest_route=\/wp\/v2\/types\/post"}],"author":[{"embeddable":true,"href":"https:\/\/retirada37.com\/index.php?rest_route=\/wp\/v2\/users\/3"}],"replies":[{"embeddable":true,"href":"https:\/\/retirada37.com\/index.php?rest_route=%2Fwp%2Fv2%2Fcomments&post=3736"}],"version-history":[{"count":1,"href":"https:\/\/retirada37.com\/index.php?rest_route=\/wp\/v2\/posts\/3736\/revisions"}],"predecessor-version":[{"id":3737,"href":"https:\/\/retirada37.com\/index.php?rest_route=\/wp\/v2\/posts\/3736\/revisions\/3737"}],"wp:attachment":[{"href":"https:\/\/retirada37.com\/index.php?rest_route=%2Fwp%2Fv2%2Fmedia&parent=3736"}],"wp:term":[{"taxonomy":"category","embeddable":true,"href":"https:\/\/retirada37.com\/index.php?rest_route=%2Fwp%2Fv2%2Fcategories&post=3736"},{"taxonomy":"post_tag","embeddable":true,"href":"https:\/\/retirada37.com\/index.php?rest_route=%2Fwp%2Fv2%2Ftags&post=3736"}],"curies":[{"name":"wp","href":"https:\/\/api.w.org\/{rel}","templated":true}]}}