{"id":3728,"date":"2022-07-24T08:00:22","date_gmt":"2022-07-24T07:00:22","guid":{"rendered":"http:\/\/retirada37.com\/?p=3728"},"modified":"2022-07-22T10:25:21","modified_gmt":"2022-07-22T09:25:21","slug":"exiles-de-lespoir","status":"publish","type":"post","link":"https:\/\/retirada37.com\/?p=3728","title":{"rendered":"EXIL\u00c9S DE L&rsquo;ESPOIR"},"content":{"rendered":"<p>L&rsquo;association 24 ao\u00fbt 1944<br \/>\nvous invite \u00e0 l&rsquo;hommage<\/p>\n<p>en deux parties aux <\/p>\n<p>EXIL\u00c9S DE L&rsquo;ESPOIR <\/p>\n<p>MERCREDI 24 AO\u00dbT 2022<\/p>\n<p> \u00c0 PARTIR DE 18H <\/p>\n<p>1 rue de Lobau 75004<\/p>\n<p>Jardin de la Nueve (dans le jardin)<\/p>\n<p><a href=\"https:\/\/retirada37.com\/wp-content\/uploads\/2022\/07\/62d6c3bc23da4.jpg\"><img loading=\"lazy\" decoding=\"async\" src=\"https:\/\/retirada37.com\/wp-content\/uploads\/2022\/07\/62d6c3bc23da4.jpg\" alt=\"\" width=\"828\" height=\"1146\" class=\"alignnone size-full wp-image-3734\" srcset=\"https:\/\/retirada37.com\/wp-content\/uploads\/2022\/07\/62d6c3bc23da4.jpg 828w, https:\/\/retirada37.com\/wp-content\/uploads\/2022\/07\/62d6c3bc23da4-217x300.jpg 217w, https:\/\/retirada37.com\/wp-content\/uploads\/2022\/07\/62d6c3bc23da4-740x1024.jpg 740w, https:\/\/retirada37.com\/wp-content\/uploads\/2022\/07\/62d6c3bc23da4-768x1063.jpg 768w\" sizes=\"auto, (max-width: 828px) 100vw, 828px\" \/><\/a><\/p>\n<p>Cette ann\u00e9e, nous voudrions d\u00e9dier cet hommage \u00e0 notre amie, disparue cette ann\u00e9e sans crier gare, fille d\u2019un combattant espagnol de la Nueve, Jos\u00e9 Cortes, bless\u00e9 rue des Archives le 25 ao\u00fbt 1944 et qui \u00e9pousa l\u2019infirmi\u00e8re qui lui sauva la vie.  Sa fille, notre regrett\u00e9e Marie Jos\u00e9 fut toujours pr\u00e9sente \u00e0 toutes les actions et interventions concernant la m\u00e9moire de son p\u00e8re et de ses compagnons.<\/p>\n<p>Ce 24-Ao\u00fbt- 2022 Dans le contexte actuel de repli identitaire, nous avons choisi de rappeler l\u2019attitude des \u00e9trangers r\u00e9fugi\u00e9s en France :<\/p>\n<p>Ceux qui fuyant le nazisme et le fascisme n\u2019ont pas h\u00e9sit\u00e9 \u00e0 s\u2019engager pour la Libert\u00e9. Outre des Espagnols en grand nombre, il y avait au sein de la Nueve , entre autre, un patchwork de nationalit\u00e9s, citons notamment:<\/p>\n<p>    CARRASCO Joaquin \u2013 (Br\u00e9sil)<\/p>\n<p>    CATIZONE Guiseppe \u2013 (Italie)<\/p>\n<p>    CORTESI Daniel \u2013 (Italie)<\/p>\n<p>    MENDELSON F\u00e9lix \u2013 (Allemagne)<\/p>\n<p>    PIRLIAN Krikor \u2013 (Arm\u00e9nien de Turquie),<\/p>\n<p>    PORESKI Wilhelm \u2013 (Allemagne)<\/p>\n<p>    REITER Johann \u2013 (Allemagne)<\/p>\n<p>Et avec ces Espagnols, ils \u00e9taient les soldats de premi\u00e8re ligne, les francs-tireurs de la premi\u00e8re heure, agents de liaison, passeurs de lignes et de fronti\u00e8res, porteurs d\u2019armes, de tracts, ou de messages. Ils ont \u00e9t\u00e9 de tous les combats, dans les pires conditions ; ils ont endur\u00e9 les pires souffrances pour ne pas permettre que le fascisme leur arrache leur dignit\u00e9.<\/p>\n<p>Puis nous filerons en cort\u00e8ge \u00e0 la Halle des Blancs manteaux o\u00f9 nous attend l\u2019exposition :<\/p>\n<p>VISAGES D\u2019EXIL 1939-2019<\/p>\n<p>Chemins d\u2019exil, photos in\u00e9dites 1939,  Philippe Gaussot<\/p>\n<p>La sangre no es agua, photos 2019, Pierre Gonnord<\/p>\n<p>Compos\u00e9e de deux expositions de photos :<\/p>\n<p>Chemins de l\u2019exil de Philippe Gaussot, qui a saisi sur le vif la retirada et les camps sur les plages en f\u00e9vrier 1939, mais auparavant avait aussi photographi\u00e9 le secours aux enfants basques et catalans en 1937.<\/p>\n<p>La Sangre no es agua de Pierre Gonnord qui en 2019, \u00e0 la demande du gouvernement socialiste espagnol partit \u00e0 la recherche de survivants exil\u00e9s ou de leurs enfants et trouva facilement son bonheur (et le n\u00f4tre de le rencontrer) l\u2019adresse du 33 rue des Vignoles dans le 20e arrondissement de Paris.<\/p>\n<p>Pr\u00e9senter ces deux expositions s\u2019est impos\u00e9e \u00e0 nous comme une \u00e9vidence.<\/p>\n<p>Aux foules anonymes que capte Philippe Gaussot en 1939, r\u00e9pondent les portraits et t\u00e9moignages de Pierre Gonnord 80 ans apr\u00e8s.<\/p>\n<p>Car ce que dit Pierre Gonnord en 2019, c\u2019est que chaque homme, chaque femme, chaque enfant de 1939 a une histoire.<\/p>\n<p>Halle des Blancs Manteaux, 48 rue Vieille Du Temple 75004 Paris \u00e0 19h le 24 ao\u00fbt 2022.<\/p>\n<p>Vous pourrez visiter cette exposition exceptionnelle <\/p>\n<p>Du 25 au 31 ao\u00fbt 2022<\/p>\n<p> De 14 \u00e0 19h. Visites guid\u00e9es \u00e0 15h et \u00e0 17h tous les jours.<\/p>\n","protected":false},"excerpt":{"rendered":"<p>L&rsquo;association 24 ao\u00fbt 1944 vous invite \u00e0 l&rsquo;hommage en deux parties aux EXIL\u00c9S DE L&rsquo;ESPOIR MERCREDI 24 AO\u00dbT 2022 \u00c0 PARTIR DE 18H 1 rue de Lobau 75004 Jardin de la Nueve (dans le jardin) Cette ann\u00e9e, nous voudrions d\u00e9dier cet hommage \u00e0 notre amie, disparue cette ann\u00e9e sans crier gare, fille d\u2019un combattant espagnol &hellip; <a href=\"https:\/\/retirada37.com\/?p=3728\" class=\"more-link\">Continuer la lecture de <span class=\"screen-reader-text\">EXIL\u00c9S DE L&rsquo;ESPOIR<\/span>  <span class=\"meta-nav\">&rarr;<\/span><\/a><\/p>\n","protected":false},"author":3,"featured_media":0,"comment_status":"open","ping_status":"open","sticky":false,"template":"","format":"standard","meta":{"_bbp_topic_count":0,"_bbp_reply_count":0,"_bbp_total_topic_count":0,"_bbp_total_reply_count":0,"_bbp_voice_count":0,"_bbp_anonymous_reply_count":0,"_bbp_topic_count_hidden":0,"_bbp_reply_count_hidden":0,"_bbp_forum_subforum_count":0,"footnotes":""},"categories":[2,14,15],"tags":[],"class_list":["post-3728","post","type-post","status-publish","format-standard","hentry","category-actualites","category-histoire","category-temoignages-et-recits"],"_links":{"self":[{"href":"https:\/\/retirada37.com\/index.php?rest_route=\/wp\/v2\/posts\/3728","targetHints":{"allow":["GET"]}}],"collection":[{"href":"https:\/\/retirada37.com\/index.php?rest_route=\/wp\/v2\/posts"}],"about":[{"href":"https:\/\/retirada37.com\/index.php?rest_route=\/wp\/v2\/types\/post"}],"author":[{"embeddable":true,"href":"https:\/\/retirada37.com\/index.php?rest_route=\/wp\/v2\/users\/3"}],"replies":[{"embeddable":true,"href":"https:\/\/retirada37.com\/index.php?rest_route=%2Fwp%2Fv2%2Fcomments&post=3728"}],"version-history":[{"count":2,"href":"https:\/\/retirada37.com\/index.php?rest_route=\/wp\/v2\/posts\/3728\/revisions"}],"predecessor-version":[{"id":3735,"href":"https:\/\/retirada37.com\/index.php?rest_route=\/wp\/v2\/posts\/3728\/revisions\/3735"}],"wp:attachment":[{"href":"https:\/\/retirada37.com\/index.php?rest_route=%2Fwp%2Fv2%2Fmedia&parent=3728"}],"wp:term":[{"taxonomy":"category","embeddable":true,"href":"https:\/\/retirada37.com\/index.php?rest_route=%2Fwp%2Fv2%2Fcategories&post=3728"},{"taxonomy":"post_tag","embeddable":true,"href":"https:\/\/retirada37.com\/index.php?rest_route=%2Fwp%2Fv2%2Ftags&post=3728"}],"curies":[{"name":"wp","href":"https:\/\/api.w.org\/{rel}","templated":true}]}}