{"id":3715,"date":"2022-06-25T11:28:57","date_gmt":"2022-06-25T10:28:57","guid":{"rendered":"http:\/\/retirada37.com\/?p=3715"},"modified":"2022-06-25T11:28:57","modified_gmt":"2022-06-25T10:28:57","slug":"des-anarchistes-face-au-franquisme","status":"publish","type":"post","link":"https:\/\/retirada37.com\/?p=3715","title":{"rendered":"\u00ab\u00a0DES ANARCHISTES FACE AU FRANQUISME\u00a0\u00bb"},"content":{"rendered":"<p><em>Tribulations de F\u00e9lix mon p\u00e8re, Pelao, Victor, Talego et les autres.<\/em><\/p>\n<p>&#8211; Joel Ruiz.<\/p>\n<p>Apr\u00e8s la d\u00e9couverte sous une pile de draps dans l\u2019armoire familiale d\u2019un carnet de guerre ayant appartenu \u00e0 son p\u00e8re, l\u2019auteur s\u2019engage dans une grande enqu\u00eate. Qui fut son p\u00e8re ? Qui furent ses compagnons ? Quel fut leur engagement passionn\u00e9 et douloureux dans la guerre d\u2019Espagne contre le franquisme ? Comment ont-ils d\u00fb faire face au triomphe de l\u2019arbitraire et de la terreur qui marqua le r\u00e9gime de Franco et l\u2019\u00e9chec de leur lutte ? Et comment t\u00e9moigner aujourd\u2019hui de cette \u00e9poque majeure de l\u2019histoire de l\u2019Europe, moment o\u00f9 le totalitarisme l\u2019a pour la premi\u00e8re fois emport\u00e9 ?En nous racontant l\u2019extraordinaire engagement de cette g\u00e9n\u00e9ration d\u2019hommes qui ont lutt\u00e9 pour la libert\u00e9, il rend plus concret ce que fut leur lutte au quotidien. Une lutte qui, nourrie du refus de tout fanatisme, s\u2019inventa comme une forme d\u2019anarchisme vibrante.<\/p>\n<p>Anarchisme dont il est urgent de comprendre le sens, la port\u00e9e et l\u2019inspiration, loin des caricatures dont ce mouvement est encore marqu\u00e9.<\/p>\n<p><a href=\"https:\/\/retirada37.com\/wp-content\/uploads\/2022\/06\/FB_IMG_1656005335428.jpg\"><img loading=\"lazy\" decoding=\"async\" src=\"https:\/\/retirada37.com\/wp-content\/uploads\/2022\/06\/FB_IMG_1656005335428.jpg\" alt=\"\" width=\"316\" height=\"503\" class=\"alignnone size-full wp-image-3716\" srcset=\"https:\/\/retirada37.com\/wp-content\/uploads\/2022\/06\/FB_IMG_1656005335428.jpg 316w, https:\/\/retirada37.com\/wp-content\/uploads\/2022\/06\/FB_IMG_1656005335428-188x300.jpg 188w\" sizes=\"auto, (max-width: 316px) 100vw, 316px\" \/><\/a><\/p>\n","protected":false},"excerpt":{"rendered":"<p>Tribulations de F\u00e9lix mon p\u00e8re, Pelao, Victor, Talego et les autres. &#8211; Joel Ruiz. Apr\u00e8s la d\u00e9couverte sous une pile de draps dans l\u2019armoire familiale d\u2019un carnet de guerre ayant appartenu \u00e0 son p\u00e8re, l\u2019auteur s\u2019engage dans une grande enqu\u00eate. Qui fut son p\u00e8re ? Qui furent ses compagnons ? Quel fut leur engagement passionn\u00e9 &hellip; <a href=\"https:\/\/retirada37.com\/?p=3715\" class=\"more-link\">Continuer la lecture de <span class=\"screen-reader-text\">\u00ab\u00a0DES ANARCHISTES FACE AU FRANQUISME\u00a0\u00bb<\/span>  <span class=\"meta-nav\">&rarr;<\/span><\/a><\/p>\n","protected":false},"author":3,"featured_media":0,"comment_status":"open","ping_status":"open","sticky":false,"template":"","format":"standard","meta":{"_bbp_topic_count":0,"_bbp_reply_count":0,"_bbp_total_topic_count":0,"_bbp_total_reply_count":0,"_bbp_voice_count":0,"_bbp_anonymous_reply_count":0,"_bbp_topic_count_hidden":0,"_bbp_reply_count_hidden":0,"_bbp_forum_subforum_count":0,"footnotes":""},"categories":[14,15],"tags":[],"class_list":["post-3715","post","type-post","status-publish","format-standard","hentry","category-histoire","category-temoignages-et-recits"],"_links":{"self":[{"href":"https:\/\/retirada37.com\/index.php?rest_route=\/wp\/v2\/posts\/3715","targetHints":{"allow":["GET"]}}],"collection":[{"href":"https:\/\/retirada37.com\/index.php?rest_route=\/wp\/v2\/posts"}],"about":[{"href":"https:\/\/retirada37.com\/index.php?rest_route=\/wp\/v2\/types\/post"}],"author":[{"embeddable":true,"href":"https:\/\/retirada37.com\/index.php?rest_route=\/wp\/v2\/users\/3"}],"replies":[{"embeddable":true,"href":"https:\/\/retirada37.com\/index.php?rest_route=%2Fwp%2Fv2%2Fcomments&post=3715"}],"version-history":[{"count":1,"href":"https:\/\/retirada37.com\/index.php?rest_route=\/wp\/v2\/posts\/3715\/revisions"}],"predecessor-version":[{"id":3717,"href":"https:\/\/retirada37.com\/index.php?rest_route=\/wp\/v2\/posts\/3715\/revisions\/3717"}],"wp:attachment":[{"href":"https:\/\/retirada37.com\/index.php?rest_route=%2Fwp%2Fv2%2Fmedia&parent=3715"}],"wp:term":[{"taxonomy":"category","embeddable":true,"href":"https:\/\/retirada37.com\/index.php?rest_route=%2Fwp%2Fv2%2Fcategories&post=3715"},{"taxonomy":"post_tag","embeddable":true,"href":"https:\/\/retirada37.com\/index.php?rest_route=%2Fwp%2Fv2%2Ftags&post=3715"}],"curies":[{"name":"wp","href":"https:\/\/api.w.org\/{rel}","templated":true}]}}