{"id":3706,"date":"2022-05-30T08:29:57","date_gmt":"2022-05-30T07:29:57","guid":{"rendered":"http:\/\/retirada37.com\/?p=3706"},"modified":"2022-05-30T08:51:44","modified_gmt":"2022-05-30T07:51:44","slug":"ligue-des-champions-le-president-oublie-du-real-madrid","status":"publish","type":"post","link":"https:\/\/retirada37.com\/?p=3706","title":{"rendered":"Ligue des champions. Le pr\u00e9sident oubli\u00e9 du Real Madrid"},"content":{"rendered":"<p>Militant communiste et r\u00e9publicain, Antonio Ortega a dirig\u00e9 le club en 1937 et 1938. Un nom que le Real, longtemps li\u00e9 au franquisme, a fait dispara\u00eetre de son histoire officielle.<br \/>\nPubli\u00e9 le<br \/>\nMardi 6 Mars 2018<br \/>\nNicolas Guillermin<br \/>\nL&rsquo;Humanit\u00e9<br \/>\nClub le plus titr\u00e9 au monde et parmi les plus riches, le Real Madrid\u00a0CF incarne \u00e0 lui seul la version capitaliste globalis\u00e9e du football. Toujours prompte \u00e0 signer de juteux partenariats avec de nouveaux sponsors ou \u00e0 recruter des joueurs \u00ab\u2009galactiques\u2009\u00bb pour des montants mirobolants, la Maison blanche, un de ses nombreux surnoms, est bien plus discr\u00e8te lorsqu\u2019il s\u2019agit d\u2019\u00e9voquer son histoire en dehors des terrains de football.<br \/>\nOn connaissait le pass\u00e9 franquiste du club merengue (meringue), incarn\u00e9 par Santiago Bernabeu, ancien footballeur, combattant franquiste puis pr\u00e9sident qui sut utiliser sa proximit\u00e9 avec le r\u00e9gime dictatorial de Franco pour favoriser le Real durant son r\u00e8gne de 1943 \u00e0 1978. On savait moins que le Real Madrid avait eu \u00e0 sa t\u00eate un pr\u00e9sident communiste en 1937 et 1938 issu du Front populaire, en la personne d\u2019Antonio Ortega Gutierrez, condamn\u00e9 \u00e0 mort apr\u00e8s un proc\u00e8s sommaire dans une prison d\u2019Alicante et ex\u00e9cut\u00e9 le 15 juillet 1939 \u00e0 l\u2019\u00e2ge de 51\u00a0ans.<br \/>\nSi l\u2019information \u00e9tait connue en Espagne, elle s\u2019est peu diffus\u00e9e par-del\u00e0 les Pyr\u00e9n\u00e9es durant toutes ces ann\u00e9es. Il a fallu que Sapiens, un magazine catalan d\u2019histoire, fasse sa une sur le dixi\u00e8me pr\u00e9sident du Real Madrid \u00ab\u2009assassin\u00e9 par Franco\u2009\u00bb pour que l\u2019information resurgisse via les r\u00e9seaux sociaux. Dans leur enqu\u00eate, l\u2019historien Ramon Usall et le producteur de t\u00e9l\u00e9 Fr\u00e9d\u00e9ric Porta s\u2019int\u00e9ressent tout particuli\u00e8rement \u00e0 sa disparition de l\u2019histoire officielle du club. D\u2019Antonio Ortega, colonel communiste devenu pr\u00e9sident martyr, pas la moindre trace ne subsiste sur le site Internet du club. Juste un grand vide entre Rafael Sanchez Guerra, qui quitta la pr\u00e9sidence au d\u00e9but de la guerre d\u2019Espagne, et Adolfo Melendez, premier pr\u00e9sident apr\u00e8s le conflit.<br \/>\n\u200b Le Real Madrid Club de Futbol, renomm\u00e9 Madrid Football Club<br \/>\nOriginaire de la petite ville de Rab\u00e9 de las Calzadas, dans la province de Burgos, rien ne pr\u00e9destinait Ortega, n\u00e9 en 1888, \u00e0 acc\u00e9der aux plus hautes fonctions de ce club \u00ab\u2009royal\u2009\u00bb. Issu d\u2019une famille modeste, Ortega commence sa carri\u00e8re militaire en 1906 et grimpe les \u00e9chelons. Lorsque la guerre d\u2019Espagne \u00e9clate, il est lieutenant de carabiniers \u00e0 Irun, au Pays basque. Peu de temps apr\u00e8s, il devient gouverneur civil de Guipuzcoa et conduit les troupes r\u00e9publicaines dans le Nord. En mai 1937, le nouveau gouvernement r\u00e9publicain de Juan Negrin appelle ce militant communiste \u00e0 Madrid, o\u00f9 il est nomm\u00e9 directeur g\u00e9n\u00e9ral de la s\u00e9curit\u00e9.<br \/>\n\u00c0 cette \u00e9poque, le Real Madrid Club de Futbol, renomm\u00e9 Madrid Football Club depuis 1931, date de la dissolution de la monarchie et de l\u2019av\u00e8nement de la Seconde R\u00e9publique, a entam\u00e9 sa mue. La couronne, symbolisant le titre royal accord\u00e9 par Alphonse\u00a0XIII en 1920, a disparu du blason et a \u00e9t\u00e9 remplac\u00e9e par une \u00ab\u2009bande de lilas\u2009\u00bb dont la couleur violette est une r\u00e9f\u00e9rence au drapeau r\u00e9publicain. En ao\u00fbt 1936, quelques semaines apr\u00e8s l\u2019insurrection militaire, le club est saisi par le Front populaire, et la F\u00e9d\u00e9ration du sport ouvrier, repr\u00e9sent\u00e9e par Juan Jos\u00e9 Vallejo, prend la t\u00eate du conseil d\u2019administration. C\u2019est en sa qualit\u00e9 de directeur g\u00e9n\u00e9ral de la s\u00e9curit\u00e9 qu\u2019Ortega est d\u00e9sign\u00e9, peu apr\u00e8s, comme pr\u00e9sident de transition afin de superviser le processus \u00e9lectoral qui doit mener Vallejo \u00e0 la pr\u00e9sidence.<br \/>\nRapidement Ortega se prend au jeu. Dans une interview accord\u00e9e au suppl\u00e9ment de ABC, Blanc et Noir, le 15 novembre 1938, il d\u00e9voile sa vision du futur pour ce sport, loin du mercantilisme et centr\u00e9e sur la formation\u2009: \u00ab\u2009Le football ne ressemblera en rien \u00e0 celui qui \u00e9tait pratiqu\u00e9 avant le 18 juillet. Je veux parler de son organisation, bien s\u00fbr. Les joueurs ne seront plus \u00e9chang\u00e9s comme des jetons, ni les as, ni les jeunes.\u2009\u00bb Pour le club, Ortega voit grand avec la construction d\u2019un nouveau stade\u2009: \u00ab\u2009Madrid doit obtenir le meilleur terrain de sport en Espagne, le stade le plus important.\u2009\u00bb Une id\u00e9e qui sera ensuite reprise \u00e0 son compte par Bernabeu avec l\u2019inauguration d\u2019une nouvelle enceinte en 1947 qui prendra le nom d\u2019Estadio Santiago Bernabeu en 1955. C\u2019est \u00e9galement durant cette p\u00e9riode que le conseil d\u2019administration ent\u00e9rina le principe d\u2019\u00ab\u2009un socio, une voix\u2009\u00bb lors des \u00e9lections \u00e0 la pr\u00e9sidence du club. M\u00e9canisme toujours en vigueur.<br \/>\nAlors comment expliquer l\u2019absence de Vallejo et d\u2019Ortega dans les annales du club\u2009? La direction du club s\u2019est toujours retranch\u00e9e derri\u00e8re les m\u00eames arguments selon lesquels \u00ab\u2009pendant la guerre civile, le football \u00e9tait paralys\u00e9\u2009\u00bb (le club n\u2019a disput\u00e9 aucune comp\u00e9tition entre 1936 et 1939) et que ces deux pr\u00e9sidents n\u2019ont pas \u00e9t\u00e9 \u00e9lus. Durant l\u2019\u00e8re Bernabeu, la direction \u00ab\u2009madridiste\u2009\u00bb ira m\u00eame jusqu\u2019\u00e0 dire que le violet est la couleur de la Castille et, au fil des ann\u00e9es, le ton changera jusqu\u2019\u00e0 devenir bleu aujourd\u2019hui.<br \/>\nAvec le temps, ce d\u00e9ni n\u2019a gu\u00e8re \u00e9volu\u00e9. Comme Sapiens le rappelle, en 2002 d\u00e9j\u00e0, l\u2019historien du football espagnol Bernardo Salazar d\u00e9plorait dans le quotidien sportif AS que \u00ab\u2009dans le livre officiel du centenaire pas un mot n\u2019est \u00e9crit sur la saisie du club par la F\u00e9d\u00e9ration du sport ouvrier ou la nomination d\u2019Antonio Ortega comme pr\u00e9sident du Madrid\u00a0FC\u2009\u00bb. Durant leur enqu\u00eate, les deux auteurs n\u2019ont jamais pu consulter les archives du club, trouvant porte close malgr\u00e9 leurs demandes r\u00e9p\u00e9t\u00e9es. Le Centre du patrimoine historique du Real Madrid \u00ab\u2009ne peut \u00eatre visit\u00e9, n\u2019est pas ouvert au public\u2009\u00bb, leur a-t-on expliqu\u00e9. Finalement, c\u2019est le journaliste et \u00e9crivain de livres historiques Julian Garcia Candau qui dans Sapiens r\u00e9sume le mieux la vraie raison pour laquelle le Real Madrid a toujours refus\u00e9 de reconna\u00eetre Ortega\u2009: \u00ab\u2009Parce qu\u2019il est communiste, tout simplement.\u2009\u00bb<br \/>\nC&rsquo;est avec le salut r\u00e9publicain que le Real Madrid se pr\u00e9sente avant les matchs dans les ann\u00e9es de la Seconde R\u00e9publique avant la guerre civile. Avec l&rsquo;\u00c9tat r\u00e9publicain et l&rsquo;acquisition par le Front populaire, le club a \u00e9t\u00e9 contraint de se d\u00e9barrasser de son pass\u00e9 monarchique et a \u00e9t\u00e9 rebaptis\u00e9 Madrid CF. Bien que sous le r\u00e9gime franquiste, le Real Madrid en soit venu \u00e0 \u00eatre consid\u00e9r\u00e9 comme l&rsquo;\u00e9quipe du R\u00e9gime, il faut dire par curiosit\u00e9 que de cette \u00e9poque r\u00e9publicaine, le Real Madrid conserve la bande violette de son bouclier.<\/p>\n","protected":false},"excerpt":{"rendered":"<p>Militant communiste et r\u00e9publicain, Antonio Ortega a dirig\u00e9 le club en 1937 et 1938. Un nom que le Real, longtemps li\u00e9 au franquisme, a fait dispara\u00eetre de son histoire officielle. Publi\u00e9 le Mardi 6 Mars 2018 Nicolas Guillermin L&rsquo;Humanit\u00e9 Club le plus titr\u00e9 au monde et parmi les plus riches, le Real Madrid\u00a0CF incarne \u00e0 &hellip; <a href=\"https:\/\/retirada37.com\/?p=3706\" class=\"more-link\">Continuer la lecture de <span class=\"screen-reader-text\">Ligue des champions. Le pr\u00e9sident oubli\u00e9 du Real Madrid<\/span>  <span class=\"meta-nav\">&rarr;<\/span><\/a><\/p>\n","protected":false},"author":2,"featured_media":0,"comment_status":"open","ping_status":"open","sticky":false,"template":"","format":"standard","meta":{"_bbp_topic_count":0,"_bbp_reply_count":0,"_bbp_total_topic_count":0,"_bbp_total_reply_count":0,"_bbp_voice_count":0,"_bbp_anonymous_reply_count":0,"_bbp_topic_count_hidden":0,"_bbp_reply_count_hidden":0,"_bbp_forum_subforum_count":0,"footnotes":""},"categories":[2],"tags":[],"class_list":["post-3706","post","type-post","status-publish","format-standard","hentry","category-actualites"],"_links":{"self":[{"href":"https:\/\/retirada37.com\/index.php?rest_route=\/wp\/v2\/posts\/3706","targetHints":{"allow":["GET"]}}],"collection":[{"href":"https:\/\/retirada37.com\/index.php?rest_route=\/wp\/v2\/posts"}],"about":[{"href":"https:\/\/retirada37.com\/index.php?rest_route=\/wp\/v2\/types\/post"}],"author":[{"embeddable":true,"href":"https:\/\/retirada37.com\/index.php?rest_route=\/wp\/v2\/users\/2"}],"replies":[{"embeddable":true,"href":"https:\/\/retirada37.com\/index.php?rest_route=%2Fwp%2Fv2%2Fcomments&post=3706"}],"version-history":[{"count":2,"href":"https:\/\/retirada37.com\/index.php?rest_route=\/wp\/v2\/posts\/3706\/revisions"}],"predecessor-version":[{"id":3708,"href":"https:\/\/retirada37.com\/index.php?rest_route=\/wp\/v2\/posts\/3706\/revisions\/3708"}],"wp:attachment":[{"href":"https:\/\/retirada37.com\/index.php?rest_route=%2Fwp%2Fv2%2Fmedia&parent=3706"}],"wp:term":[{"taxonomy":"category","embeddable":true,"href":"https:\/\/retirada37.com\/index.php?rest_route=%2Fwp%2Fv2%2Fcategories&post=3706"},{"taxonomy":"post_tag","embeddable":true,"href":"https:\/\/retirada37.com\/index.php?rest_route=%2Fwp%2Fv2%2Ftags&post=3706"}],"curies":[{"name":"wp","href":"https:\/\/api.w.org\/{rel}","templated":true}]}}