{"id":3700,"date":"2022-05-15T15:32:09","date_gmt":"2022-05-15T14:32:09","guid":{"rendered":"http:\/\/retirada37.com\/?p=3700"},"modified":"2022-05-15T15:32:09","modified_gmt":"2022-05-15T14:32:09","slug":"sur-lemigration-economique-espagnole-dans-les-annees-60","status":"publish","type":"post","link":"https:\/\/retirada37.com\/?p=3700","title":{"rendered":"Sur l\u2019\u00e9migration \u00e9conomique espagnole dans les ann\u00e9es 60"},"content":{"rendered":"<p>Documentaire Notes sur l\u2019\u00e9migration \u2013 Espagne 1960<br \/>\nr\u00e9alis\u00e9 par l\u2019Espagnol Jacinto Esteva Grewe et l\u2019Italien Paolo Brunatto<br \/>\n<iframe loading=\"lazy\" title=\"Notes sur l&#039;\u00e9migration - Espagne 1960 - La col\u00b7lecci\u00f3 del 2CR\" width=\"474\" height=\"267\" src=\"https:\/\/www.youtube.com\/embed\/JTaQPJYlY98?feature=oembed\" frameborder=\"0\" allow=\"accelerometer; autoplay; clipboard-write; encrypted-media; gyroscope; picture-in-picture; web-share\" referrerpolicy=\"strict-origin-when-cross-origin\" allowfullscreen><\/iframe><\/p>\n<p>Traduction par Luis d\u2019un extrait de l\u2019article du journal Nuevatribuna.es<br \/>\nhttps:\/\/www.nuevatribuna.es\/articulo\/cultura&#8212;ocio\/memoria-documental-emigracion-espanola-prohibido-franquismo\/20220507194125198332.html<\/p>\n<p>Un documentaire sur l\u2019\u00e9migration espagnole interdit par le franquisme<\/p>\n<p>Santiago Alba signale qu\u2019un pays sans m\u00e9moire est un pays soumis au gr\u00e9 du vent, et dans lequel tout peut arriver. Et notre Espagne, ou plus pr\u00e9cis\u00e9ment nous les Espagnols oublions beaucoup.<\/p>\n<p>Je vais essayer de rafra\u00eechir notre m\u00e9moire, avec un \u00e9v\u00e8nement ponctuel d\u2019il y a 60 ans. Il s\u2019agit des  vicissitudes dont a souffert un documentaire intitul\u00e9 \u00ab\u00a0Notes sur l\u2019immigration. Espagne 1960\u00a0\u00bb (en fran\u00e7ais dans le texte), r\u00e9alis\u00e9 par Jacinto Esteva Grewe et l\u2019Italien Paolo Brunatto, deux \u00e9tudiants de l\u2019Ecole d\u2019Architecture de l\u2019Universit\u00e9 de Gen\u00e8ve en Suisse. Ils \u00e9taient curieux de rechercher les causes de l\u2019\u00e9migration espagnole  vers l\u2019\u00e9tranger, avec l\u2019objectif  de faciliter leur insertion dans la soci\u00e9t\u00e9 helv\u00e9tique. Esteva demanda \u00e0 son ami Juan Goytisolo dans quels endroits il pourrait tourner en Espagne pour conna\u00eetre la situation socio-\u00e9conomique. Celui-ci lui pr\u00eata un exemplaire de \u00ab\u00a0Campos de Nijar\u00a0\u00bb et son son roman \u00ab\u00a0La Resaca\u00a0\u00bb se d\u00e9roulant dans les bidonvilles et les quartiers mis\u00e9reux de Barcelone. Et prenant beaucoup de risques avec une cam\u00e9ra 16 mm ils tourn\u00e8rent un documentaire d\u2019une vingtaine de minutes dans les quartiers d\u2019Almeria, La Chanca, la Torrassa\u00a0; et dans les bidonvilles du quartier de Barcelone, que nous pouvons voir sur Youtube, Notes sur l\u2019\u00e9migration \u2013 Espagne 1960 \u2013 La col-leccio del 2CR.<br \/>\nC\u2019est un documentaire d\u2019une technique rudimentaire, tr\u00e8s expressif, dans lequel est d\u00e9nonc\u00e9e la situation socio-\u00e9conomique dans les villes espagnoles, o\u00f9 affluait une avalanche incontr\u00f4lable d\u2019\u00e9migr\u00e9s d\u2019autres r\u00e9gions espagnoles. Il commence par une interview de quelques \u00e9migrants espagnols dans la gare de Gen\u00e8ve, qui expliquent leurs difficult\u00e9s d\u2019adaptation en Suisse \u00e0 cause de la langue et de l\u2019h\u00e9bergement.\u00a0; et \u00e0 la question \u00ab\u00a0pourquoi vous quittez l\u2019Espagne\u00a0?  La r\u00e9ponse est tranchante\u00a0: la faim. Ensuite on voit la pauvret\u00e9 et la mis\u00e8re de l\u2019Espagne d\u2019alors\u00a0: des rues non goudronn\u00e9es pleine de boue,  sans \u00e9lectricit\u00e9 et sans eau courante, sans services sanitaires et services \u00e9ducatifs\u00a0; des enfants fam\u00e9liques se promenant nus, le ventre gonfl\u00e9. Appara\u00eet une corrida avec d\u2019abondantes effusions de  sang sur un taureau avant de mourir et une des tribunes pleine de gardes civils. La sc\u00e8ne finale est tr\u00e8s  touchante et \u00e9mouvante\u00a0; le d\u00e9part du p\u00e8re sur le quai de la gare en pr\u00e9sence de sa femme et plusieurs  enfants en bas \u00e2ge. Ces sc\u00e8nes de la vie courante semblent pour les Espagnols relever de la pr\u00e9histoire ou du Tiers Monde.<br \/>\nL\u2019objectif de ce documentaire courageux, engag\u00e9 et impr\u00e9gn\u00e9 de solidarit\u00e9 sociale envers ceux qui souffrent le plus, est de faire conna\u00eetre et de d\u00e9noncer les tr\u00e8s grandes difficult\u00e9s d\u2019adaptation des \u00e9migrants espagnols et de mettre en relief les carences dans les ann\u00e9es 60 dans l\u2019Espagne franquiste, qui sans ces devises n\u2019auraient pu conna\u00eetre le d\u00e9veloppement \u00e9conomique des ann\u00e9es 1960\/70\u2026..<br \/>\n\u200b Un documental sobre la emigraci\u00f3n espa\u00f1ola prohibido por el franquismo<\/p>\n<p>C\u00c1NDIDO MARQUES\u00c1N MILL\u00c1N<br \/>\n8 DE MAYO DE 2022, 9:18<br \/>\nSantiago Alba Rico\u00a0se\u00f1ala que un pa\u00eds sin memoria es un pa\u00eds a merced del viento, en el que puede ocurrir cualquier cosa. Y esta Espa\u00f1a nuestra, o mejor, los espa\u00f1oles somos muy olvidadizos<br \/>\n<iframe loading=\"lazy\" title=\"Notes sur l&#039;\u00e9migration - Espagne 1960 - La col\u00b7lecci\u00f3 del 2CR\" width=\"474\" height=\"267\" src=\"https:\/\/www.youtube.com\/embed\/JTaQPJYlY98?feature=oembed\" frameborder=\"0\" allow=\"accelerometer; autoplay; clipboard-write; encrypted-media; gyroscope; picture-in-picture; web-share\" referrerpolicy=\"strict-origin-when-cross-origin\" allowfullscreen><\/iframe><br \/>\nVoy a tratar de refrescar nuestra memoria, con un hecho puntual ocurrido, hace unos 60 a\u00f1os. Se trata de las vicisitudes sufridas por un documental titulado \u201cNotes sur l\u2019\u00e9migration. Espagne 1960\u201d, realizado\u00a0por el espa\u00f1ol\u00a0Jacinto Esteva Grewe\u00a0y el italiano\u00a0Paolo Brunatto, dos estudiantes de la Escuela de Arquitectura de la Universidad de Ginebra en Suiza. Estaban interesados en descubrir las causas de la emigraci\u00f3n espa\u00f1ola hacia el extranjero, con el objetivo de facilitar su inserci\u00f3n en la sociedad helv\u00e9tica.<br \/>\nEsteva le pregunt\u00f3 a su amigo\u00a0Juan Goytisolo\u00a0en qu\u00e9 lugares pod\u00edan rodar en Espa\u00f1a para conocer la situaci\u00f3n socio-econ\u00f3mica. Este le prest\u00f3 un ejemplar de\u00a0Campos de N\u00edjar\u00a0y su novela\u00a0La resaca\u00a0ambientada en las chabolas y barrios m\u00edseros de Barcelona. Y asumiendo muchos riesgos, Esteva y Brunatto con una c\u00e1mara de 16 mil\u00edmetros rodaron un documental de unos 19 minutos de duraci\u00f3n en los barrios de Almer\u00eda, La Chanca, La Torrassa; y en la aglomeraci\u00f3n de chabolas del barrio de la Barceloneta, que hoy podemos visionar en YouTube,\u00a0Notes sur l&rsquo;\u00e9migration &#8211; Espagne 1960 &#8211; La col\u00b7lecci\u00f3 del 2CR.<\/p>\n<p>\u00a0Es un documental t\u00e9cnicamente rudimentario, muy expresivo, y que denuncia la situaci\u00f3n socioecon\u00f3mica en las ciudades espa\u00f1olas, a donde acud\u00edan una avalancha descontrolada de emigrantes de otras regiones espa\u00f1olas. Se inicia con una entrevista a unos emigrantes espa\u00f1oles en la estaci\u00f3n ferroviaria de Ginebra, los cuales muestran sus dificultades de adaptaci\u00f3n en Suiza por el idioma y para el alojamiento; y a la pregunta. \u00bfpor qu\u00e9 salen de Espa\u00f1a? La respuesta es contundente, el\u00a0hambre. Luego se refleja la pobreza y la miseria de la Espa\u00f1a de entonces: calles sin asfaltar llenas de fango, casas sin luz ni agua corriente, sin servicios sanitarios y educativos; ni\u00f1os desnudos y fam\u00e9licos con el vientre hinchado. Aparece una corrida de toros con un abundante derramamiento de sangre del toro antes de morir, y con uno de los palcos lleno de miembros de la Benem\u00e9rita. La\u00a0escena final\u00a0es muy emotiva y conmovedora: la despedida al padre en el and\u00e9n por parte de la esposa con varios hijos peque\u00f1os. Estas escenas a muchos espa\u00f1oles les parecen prehist\u00f3ricas o del Tercer Mundo.<br \/>\nEl objetivo de este documental valiente, comprometido e impregnado de solidaridad social con los que lo est\u00e1n pasado peor, es el dar a conocer y denunciar las extraordinarias dificultades de adaptaci\u00f3n de los emigrantes espa\u00f1oles y reflejar la penuria de los a\u00f1os 60 en la Espa\u00f1a franquista, sin cuyas divisas no se hubiera llevado a cabo el desarrollo de la econom\u00eda en los a\u00f1os 60 y 70. <\/p>\n","protected":false},"excerpt":{"rendered":"<p>Documentaire Notes sur l\u2019\u00e9migration \u2013 Espagne 1960 r\u00e9alis\u00e9 par l\u2019Espagnol Jacinto Esteva Grewe et l\u2019Italien Paolo Brunatto Traduction par Luis d\u2019un extrait de l\u2019article du journal Nuevatribuna.es https:\/\/www.nuevatribuna.es\/articulo\/cultura&#8212;ocio\/memoria-documental-emigracion-espanola-prohibido-franquismo\/20220507194125198332.html Un documentaire sur l\u2019\u00e9migration espagnole interdit par le franquisme Santiago Alba signale qu\u2019un pays sans m\u00e9moire est un pays soumis au gr\u00e9 du vent, et dans lequel &hellip; <a href=\"https:\/\/retirada37.com\/?p=3700\" class=\"more-link\">Continuer la lecture de <span class=\"screen-reader-text\">Sur l\u2019\u00e9migration \u00e9conomique espagnole dans les ann\u00e9es 60<\/span>  <span class=\"meta-nav\">&rarr;<\/span><\/a><\/p>\n","protected":false},"author":2,"featured_media":0,"comment_status":"open","ping_status":"open","sticky":false,"template":"","format":"standard","meta":{"_bbp_topic_count":0,"_bbp_reply_count":0,"_bbp_total_topic_count":0,"_bbp_total_reply_count":0,"_bbp_voice_count":0,"_bbp_anonymous_reply_count":0,"_bbp_topic_count_hidden":0,"_bbp_reply_count_hidden":0,"_bbp_forum_subforum_count":0,"footnotes":""},"categories":[2],"tags":[],"class_list":["post-3700","post","type-post","status-publish","format-standard","hentry","category-actualites"],"_links":{"self":[{"href":"https:\/\/retirada37.com\/index.php?rest_route=\/wp\/v2\/posts\/3700","targetHints":{"allow":["GET"]}}],"collection":[{"href":"https:\/\/retirada37.com\/index.php?rest_route=\/wp\/v2\/posts"}],"about":[{"href":"https:\/\/retirada37.com\/index.php?rest_route=\/wp\/v2\/types\/post"}],"author":[{"embeddable":true,"href":"https:\/\/retirada37.com\/index.php?rest_route=\/wp\/v2\/users\/2"}],"replies":[{"embeddable":true,"href":"https:\/\/retirada37.com\/index.php?rest_route=%2Fwp%2Fv2%2Fcomments&post=3700"}],"version-history":[{"count":1,"href":"https:\/\/retirada37.com\/index.php?rest_route=\/wp\/v2\/posts\/3700\/revisions"}],"predecessor-version":[{"id":3701,"href":"https:\/\/retirada37.com\/index.php?rest_route=\/wp\/v2\/posts\/3700\/revisions\/3701"}],"wp:attachment":[{"href":"https:\/\/retirada37.com\/index.php?rest_route=%2Fwp%2Fv2%2Fmedia&parent=3700"}],"wp:term":[{"taxonomy":"category","embeddable":true,"href":"https:\/\/retirada37.com\/index.php?rest_route=%2Fwp%2Fv2%2Fcategories&post=3700"},{"taxonomy":"post_tag","embeddable":true,"href":"https:\/\/retirada37.com\/index.php?rest_route=%2Fwp%2Fv2%2Ftags&post=3700"}],"curies":[{"name":"wp","href":"https:\/\/api.w.org\/{rel}","templated":true}]}}