{"id":3698,"date":"2022-04-29T10:48:06","date_gmt":"2022-04-29T09:48:06","guid":{"rendered":"http:\/\/retirada37.com\/?p=3698"},"modified":"2022-04-29T10:48:06","modified_gmt":"2022-04-29T09:48:06","slug":"adios-a-federico-par-la-compagnie-diotima-de-jose-manuel-cano-lopez","status":"publish","type":"post","link":"https:\/\/retirada37.com\/?p=3698","title":{"rendered":"Adios a Federico par la compagnie DIOTIMA de Jose Manuel Cano Lopez"},"content":{"rendered":"<p>La premi\u00e8re de Adios a Federico a \u00e9t\u00e9 pr\u00e9sent\u00e9e, devant une salle comble, au th\u00e9\u00e2tre du Plessis \u00e0 La Riche en Indre-et-Loire ce 28 avril 2022. Le grand-p\u00e8re de Jose Manuel fut compagnon de classe du jeune Federico \u00e0 Fuente Vaqueros, petit village de la province de Grenade. Cette proximit\u00e9 sensible traverse chacun des propos de notre Andalou tourangeau, racontant les derniers moments de la vie de Federico \u00e0 travers les textes du po\u00e8te et dramaturge  mais aussi dans les \u00e9crits de Jos\u00e9, par les t\u00e9moignages recueillis, retra\u00e7ant avec minutie et fid\u00e9lit\u00e9 ce qui tisse la trame de cette histoire, apr\u00e8s deux ann\u00e9es de recherches. Dans une sobre mise en sc\u00e8ne, dans des d\u00e9cors minimalistes, \u00e0 travers des \u00e9clairages \u00e9crasants et des musiques lancinantes, les com\u00e9diens nous font partager cette noirceur et cette atmosph\u00e8re des ultimes instants du po\u00e8te. Seule la jeune danseuse flamenca, qui ponctue le texte,  avec le \u00ab\u00a0taconeo\u00a0\u00bb et \u00ab\u00a0las palmas\u00a0\u00bb donne une note d\u2019espoir, de fra\u00eecheur et de vie \u00e0 cette tonalit\u00e9 angoissante du noir ambiant. Noirs sont les costumes stricts, noirs sont les \u00e9clairages sous des halos blanch\u00e2tres, noire est la musique anxiog\u00e8ne, noire est la dramatique qui nous transporte dans cet ultime voyage jusqu\u2019au 19 juillet 1936. Cette cr\u00e9ation th\u00e9\u00e2trale pr\u00e9par\u00e9e de longue date et diffus\u00e9e quelques jours apr\u00e8s un deuxi\u00e8me tour des pr\u00e9sidentielles ne peut que nous alerter sur la dangerosit\u00e9 de toutes ces tenants  de l\u2019extr\u00eame droite, qui assassinent la culture, qui suppriment les po\u00e8tes que ce soit Federico en les fusillant, Miguel Hernandez en l\u2019emprisonnant \u00e0 vie, ou Antonio Machado qui ne r\u00e9sista pas \u00e0 l\u2019exil en s\u2019\u00e9teignant \u00e0 Collioure quelques jours apr\u00e8s avoir travers\u00e9 la fronti\u00e8re.  En tenue de camouflage, chacun de ces pr\u00e9dateurs, pour mieux faire passer la pilule, prend soin de soigner son  image avec une feinte empathie, en caressant des chiens comme Hitler, dans des postures affectueuses avec ses petits enfants  comme Franco ou en s\u2019exposant avec des chats comme une autre personnalit\u00e9 plus locale, mais toujours avec cette obsession de proscrire la cr\u00e9ation culturelle au nom d\u2019un nationalisme \u00e9troit.<br \/>\nAdios a Federico comme La r\u00e9sistible ascension d\u2019Arturo Ui de Bertolt Brecht  nous rappellent  que le ventre est encore f\u00e9cond d\u2019o\u00f9 a surgi la b\u00eate immonde.<br \/>\n Retirada37 l\u2019association tourangelle qui milite pour faire vivre les m\u00e9moires et les valeurs des R\u00e9publicains Espagnols exil\u00e9s est fi\u00e8re d\u2019\u00eatre partenaire de cette cr\u00e9ation th\u00e9\u00e2trale et remercie Jos\u00e9 et sa troupe pour cette \u00e9mouvante prestation. A voir et \u00e0 revoir\u00a0!<br \/>\nInformations et r\u00e9servations<br \/>\n02 47 38 29 29<br \/>\nou<br \/>\ninfo@ciecanolopez.fr<\/p>\n","protected":false},"excerpt":{"rendered":"<p>La premi\u00e8re de Adios a Federico a \u00e9t\u00e9 pr\u00e9sent\u00e9e, devant une salle comble, au th\u00e9\u00e2tre du Plessis \u00e0 La Riche en Indre-et-Loire ce 28 avril 2022. Le grand-p\u00e8re de Jose Manuel fut compagnon de classe du jeune Federico \u00e0 Fuente Vaqueros, petit village de la province de Grenade. Cette proximit\u00e9 sensible traverse chacun des propos &hellip; <a href=\"https:\/\/retirada37.com\/?p=3698\" class=\"more-link\">Continuer la lecture de <span class=\"screen-reader-text\">Adios a Federico par la compagnie DIOTIMA de Jose Manuel Cano Lopez<\/span>  <span class=\"meta-nav\">&rarr;<\/span><\/a><\/p>\n","protected":false},"author":2,"featured_media":0,"comment_status":"open","ping_status":"open","sticky":false,"template":"","format":"standard","meta":{"_bbp_topic_count":0,"_bbp_reply_count":0,"_bbp_total_topic_count":0,"_bbp_total_reply_count":0,"_bbp_voice_count":0,"_bbp_anonymous_reply_count":0,"_bbp_topic_count_hidden":0,"_bbp_reply_count_hidden":0,"_bbp_forum_subforum_count":0,"footnotes":""},"categories":[2],"tags":[],"class_list":["post-3698","post","type-post","status-publish","format-standard","hentry","category-actualites"],"_links":{"self":[{"href":"https:\/\/retirada37.com\/index.php?rest_route=\/wp\/v2\/posts\/3698","targetHints":{"allow":["GET"]}}],"collection":[{"href":"https:\/\/retirada37.com\/index.php?rest_route=\/wp\/v2\/posts"}],"about":[{"href":"https:\/\/retirada37.com\/index.php?rest_route=\/wp\/v2\/types\/post"}],"author":[{"embeddable":true,"href":"https:\/\/retirada37.com\/index.php?rest_route=\/wp\/v2\/users\/2"}],"replies":[{"embeddable":true,"href":"https:\/\/retirada37.com\/index.php?rest_route=%2Fwp%2Fv2%2Fcomments&post=3698"}],"version-history":[{"count":1,"href":"https:\/\/retirada37.com\/index.php?rest_route=\/wp\/v2\/posts\/3698\/revisions"}],"predecessor-version":[{"id":3699,"href":"https:\/\/retirada37.com\/index.php?rest_route=\/wp\/v2\/posts\/3698\/revisions\/3699"}],"wp:attachment":[{"href":"https:\/\/retirada37.com\/index.php?rest_route=%2Fwp%2Fv2%2Fmedia&parent=3698"}],"wp:term":[{"taxonomy":"category","embeddable":true,"href":"https:\/\/retirada37.com\/index.php?rest_route=%2Fwp%2Fv2%2Fcategories&post=3698"},{"taxonomy":"post_tag","embeddable":true,"href":"https:\/\/retirada37.com\/index.php?rest_route=%2Fwp%2Fv2%2Ftags&post=3698"}],"curies":[{"name":"wp","href":"https:\/\/api.w.org\/{rel}","templated":true}]}}