{"id":3679,"date":"2022-04-14T09:36:57","date_gmt":"2022-04-14T08:36:57","guid":{"rendered":"http:\/\/retirada37.com\/?p=3679"},"modified":"2022-04-14T09:38:39","modified_gmt":"2022-04-14T08:38:39","slug":"adios-a-federico","status":"publish","type":"post","link":"https:\/\/retirada37.com\/?p=3679","title":{"rendered":"ADIOS A FEDERICO"},"content":{"rendered":"<p>Apr\u00e8s neuf cr\u00e9ations th\u00e9\u00e2trales consacr\u00e9es \u00e0 l\u2019\u0153uvre de Federico Garcia Lorca d\u2019une richesse et d\u2019une force infinies, Jos\u00e9 Manuel Cano Lopezcompose un dernier parcours th\u00e9\u00e2tral dans les multiples mat\u00e9riaux litt\u00e9raires, musicaux et plastiques de son compagnon de route de Granada.<a href=\"https:\/\/retirada37.com\/wp-content\/uploads\/2022\/04\/01903f00083a10478e075de4212e16daf3d09bcfa924ed26c06290af4f5093e9.jpg\"><img loading=\"lazy\" decoding=\"async\" src=\"https:\/\/retirada37.com\/wp-content\/uploads\/2022\/04\/01903f00083a10478e075de4212e16daf3d09bcfa924ed26c06290af4f5093e9.jpg\" alt=\"\" width=\"1280\" height=\"960\" class=\"alignnone size-full wp-image-3680\" srcset=\"https:\/\/retirada37.com\/wp-content\/uploads\/2022\/04\/01903f00083a10478e075de4212e16daf3d09bcfa924ed26c06290af4f5093e9.jpg 1280w, https:\/\/retirada37.com\/wp-content\/uploads\/2022\/04\/01903f00083a10478e075de4212e16daf3d09bcfa924ed26c06290af4f5093e9-300x225.jpg 300w, https:\/\/retirada37.com\/wp-content\/uploads\/2022\/04\/01903f00083a10478e075de4212e16daf3d09bcfa924ed26c06290af4f5093e9-768x576.jpg 768w, https:\/\/retirada37.com\/wp-content\/uploads\/2022\/04\/01903f00083a10478e075de4212e16daf3d09bcfa924ed26c06290af4f5093e9-1024x768.jpg 1024w\" sizes=\"auto, (max-width: 1280px) 100vw, 1280px\" \/><\/a><\/p>\n<p>Une soir\u00e9e pour essayer d\u2019oublier la derni\u00e8re nuit de Federico sous les \u00e9toiles tremblantes des collines arides de Viznar en ce 19 ao\u00fbt 1936. <\/p>\n<p>Ses personnages, ses paysages, ses r\u00eaves et ses peurs r\u00f4dent parmi les oliviers et les ch\u00eanes li\u00e8ges et sur le plateau du Plessis : Bernarda Alba, le Metteur en sc\u00e8ne, Yerma, le Po\u00e8te \u00e0 New York, la Com\u00e9dienne, Don Perlimplin, Marcolfe, B\u00e9lise, Antonito el Camborio, Buster keaton\u2026<\/p>\n<p>\u00ab La r\u00e9alit\u00e9 commence, car l\u2019auteur ne veut pas voir assis au th\u00e9\u00e2tre, mais au milieu de la rue. Pour lui, plus de po\u00e9sie, plus de rythmes, plus de litt\u00e9rature.<br \/>\nL\u2019odeur des lys m\u2019est agr\u00e9able, mais je pr\u00e9f\u00e8re l\u2019odeur de la mer. Je pourrais dire que l\u2019odeur de la mer s\u2019exhale des seins des sir\u00e8nes : cela lui est \u00e9gal \u00e0 la mer ; elle n\u2019entend pas. Elle frappe sans cesse au rivage dans l\u2019attente de nouveaux noy\u00e9s. <\/p>\n<p>C\u2019est ce qui compte pour l\u2019homme. <\/p>\n<p>Mais comment apporter l\u2019odeur de la mer dans une salle de th\u00e9\u00e2tre,<br \/>\ncomment inonder d\u2019\u00e9toiles les fauteuils d\u2019orchestre? \u00bb<\/p>\n<p>L\u2019ultime \u00e9tape d\u2019un parcours passionn\u00e9, engag\u00e9 il y pr\u00e8s de 50 ans, par Jos\u00e9 Manuel Cano Lopez avec son ma\u00eetre et compagnon de route Federico Garcia Lorca.<br \/>\nLe dernier mois de vie de Federico dans une Espagne qui s\u2019embrase se joue sur un \u00ab tablao \u00bb du c\u0153ur.<a href=\"https:\/\/retirada37.com\/wp-content\/uploads\/2022\/04\/415fd8e873872814780ae65c1f2d178816cd96f450b6acd0149b86b6704246a0.jpeg\"><img loading=\"lazy\" decoding=\"async\" src=\"https:\/\/retirada37.com\/wp-content\/uploads\/2022\/04\/415fd8e873872814780ae65c1f2d178816cd96f450b6acd0149b86b6704246a0.jpeg\" alt=\"\" width=\"740\" height=\"462\" class=\"alignnone size-full wp-image-3681\" srcset=\"https:\/\/retirada37.com\/wp-content\/uploads\/2022\/04\/415fd8e873872814780ae65c1f2d178816cd96f450b6acd0149b86b6704246a0.jpeg 740w, https:\/\/retirada37.com\/wp-content\/uploads\/2022\/04\/415fd8e873872814780ae65c1f2d178816cd96f450b6acd0149b86b6704246a0-300x187.jpeg 300w\" sizes=\"auto, (max-width: 740px) 100vw, 740px\" \/><\/a><\/p>\n<p>Un ultime et vibrant hommage au po\u00e8te, peintre, musicien et dramaturge andalou pour essayer d\u2019 \u00ab apporter l\u2019odeur de la mer dans la salle de th\u00e9\u00e2tre et d\u2019inonder l\u2019orchestre d\u2019\u00e9toiles \u00bb\u2026 <\/p>\n<p>Les \u00e9toiles tremblantes de Viznar pr\u00e8s de la Fontaine des Larmes en cette nuit du 19 ao\u00fbt 1936, nuit de l\u2019assassinat du po\u00e8te\u2026<br \/>\nLe metteur en sc\u00e8ne tourangeau-andalou invite ses amies et amis artistes de tous les horizons \u00e0 s\u2019emparer d\u2019un univers inoubliable\u2026<\/p>\n<p>Textes : Federico Garcia Lorca<\/p>\n<p>Conception et mise en sc\u00e8ne : Jos\u00e9 Manuel Cano Lopez<\/p>\n<p>Costumes et sc\u00e9nographie : Camille Leb\u00e8gue<\/p>\n<p>Musique, cr\u00e9ation sonore : Cl\u00e9ment Cano Lopez, Rubin Steiner<\/p>\n<p>Lumi\u00e8re : Cl\u00e9ment Cano Lopez<\/p>\n<p>Chor\u00e9graphie : L\u00e9a Carlosema<\/p>\n<p>Distribution : Reine Bernard, Jos\u00e9 Manuel Cano Lopez, Fran\u00e7oise Cano Lopez, L\u00e9a Carlosema, Jean-Pierre Guitton, Jean-Louis Maitre, Alain Papillon, Matilde Thomas<\/p>\n<p>Production : Compagnie Diotima avec l\u2019aide du Plessis, commun culturel et humaniste et de la <strong>Retirada37 <\/strong>.<\/p>\n<p><strong>Jeudi 28, vendredi 29 et samedi 30 avril<\/strong><\/p>\n<p><strong>19h RESTAURATION<br \/>\nProduits locaux et en circuits courts<\/p>\n<p>20h REPR\u00c9SENTATION TH\u00c9\u00c2TRALE &#8211; \u00ab ADIOS A FEDERICO \u00bb  D\u2019apr\u00e8s l\u2019\u0153uvre de Federico Garcia Lorca, cr\u00e9ation originale de la COMPAGNIE DIOTIMA<\/p>\n<p>TARIF MINIMAS : 8 euros<\/p>\n<p> TARIF PARTAG\u00c9 : 12 euros<\/p>\n<p> TARIF SOLIDAIRE : 14 euros<\/p>\n<p> INFORMATIONS ET R\u00c9SERVATIONS : 02.47.38.29.29 ou info@plessis-tierslieu.fr<\/strong><\/p>\n","protected":false},"excerpt":{"rendered":"<p>Apr\u00e8s neuf cr\u00e9ations th\u00e9\u00e2trales consacr\u00e9es \u00e0 l\u2019\u0153uvre de Federico Garcia Lorca d\u2019une richesse et d\u2019une force infinies, Jos\u00e9 Manuel Cano Lopezcompose un dernier parcours th\u00e9\u00e2tral dans les multiples mat\u00e9riaux litt\u00e9raires, musicaux et plastiques de son compagnon de route de Granada. Une soir\u00e9e pour essayer d\u2019oublier la derni\u00e8re nuit de Federico sous les \u00e9toiles tremblantes des &hellip; <a href=\"https:\/\/retirada37.com\/?p=3679\" class=\"more-link\">Continuer la lecture de <span class=\"screen-reader-text\">ADIOS A FEDERICO<\/span>  <span class=\"meta-nav\">&rarr;<\/span><\/a><\/p>\n","protected":false},"author":3,"featured_media":0,"comment_status":"open","ping_status":"open","sticky":false,"template":"","format":"standard","meta":{"_bbp_topic_count":0,"_bbp_reply_count":0,"_bbp_total_topic_count":0,"_bbp_total_reply_count":0,"_bbp_voice_count":0,"_bbp_anonymous_reply_count":0,"_bbp_topic_count_hidden":0,"_bbp_reply_count_hidden":0,"_bbp_forum_subforum_count":0,"footnotes":""},"categories":[2,20],"tags":[],"class_list":["post-3679","post","type-post","status-publish","format-standard","hentry","category-actualites","category-culture"],"_links":{"self":[{"href":"https:\/\/retirada37.com\/index.php?rest_route=\/wp\/v2\/posts\/3679","targetHints":{"allow":["GET"]}}],"collection":[{"href":"https:\/\/retirada37.com\/index.php?rest_route=\/wp\/v2\/posts"}],"about":[{"href":"https:\/\/retirada37.com\/index.php?rest_route=\/wp\/v2\/types\/post"}],"author":[{"embeddable":true,"href":"https:\/\/retirada37.com\/index.php?rest_route=\/wp\/v2\/users\/3"}],"replies":[{"embeddable":true,"href":"https:\/\/retirada37.com\/index.php?rest_route=%2Fwp%2Fv2%2Fcomments&post=3679"}],"version-history":[{"count":2,"href":"https:\/\/retirada37.com\/index.php?rest_route=\/wp\/v2\/posts\/3679\/revisions"}],"predecessor-version":[{"id":3683,"href":"https:\/\/retirada37.com\/index.php?rest_route=\/wp\/v2\/posts\/3679\/revisions\/3683"}],"wp:attachment":[{"href":"https:\/\/retirada37.com\/index.php?rest_route=%2Fwp%2Fv2%2Fmedia&parent=3679"}],"wp:term":[{"taxonomy":"category","embeddable":true,"href":"https:\/\/retirada37.com\/index.php?rest_route=%2Fwp%2Fv2%2Fcategories&post=3679"},{"taxonomy":"post_tag","embeddable":true,"href":"https:\/\/retirada37.com\/index.php?rest_route=%2Fwp%2Fv2%2Ftags&post=3679"}],"curies":[{"name":"wp","href":"https:\/\/api.w.org\/{rel}","templated":true}]}}