{"id":3677,"date":"2022-04-07T09:37:01","date_gmt":"2022-04-07T08:37:01","guid":{"rendered":"http:\/\/retirada37.com\/?p=3677"},"modified":"2022-04-07T09:37:01","modified_gmt":"2022-04-07T08:37:01","slug":"le-cure-bourreau-docana","status":"publish","type":"post","link":"https:\/\/retirada37.com\/?p=3677","title":{"rendered":"Le cur\u00e9-bourreau d&rsquo;Oca\u00f1a"},"content":{"rendered":"<p>Le cur\u00e9-bourreau d\u2019Oca\u00f1a<\/p>\n<p>Le p\u00e8re Rodriguez \u00e9tait l\u2019aum\u00f4nier du centre p\u00e9nitentiaire  d\u2019Oca\u00f1a, province de Tol\u00e8de. Un village dans lequel on compta entre 1939 et 1959, 1300 victimes de la r\u00e9pression franquiste. <\/p>\n<p>Texte de nuevarevolucion.es du 19 novembre 2020 de Maria Torres, M\u00e9moire antifasciste.<br \/>\nTraduit par Luis<\/p>\n<p>\u00ab\u00a0Quand j\u2019ai \u00e9t\u00e9 dans le centre p\u00e9nitentiaire d\u2019 Oca\u00f1a on nous sortait dans la cour tous les jours pour assister \u00e0 la messe. Tu sais ce que nous disait le p\u00e8re Rodriguez\u00a0? Un cur\u00e9 qui fut ensuite nomm\u00e9 \u00e0 Tol\u00e8de, un cur\u00e9 qui portait un gros pistolet et qui se devinait sous sa soutane. Il nous disait\u00a0: vous les rouges vous savez ce \u00e0 quoi vous avez droit\u00a0? Depuis la terre jusqu\u2019au ciel vous n\u2019avez droit \u00e0 rien\u00a0! De la terre que vous foulez jusqu\u2019en bas vous avez droit \u00e0 quelques centim\u00e8tres, de quoi vous enterrer. Ensuite, quand il fallait fusiller un peloton, ce cur\u00e9  te confessait la nuit pr\u00e9c\u00e9dente, le matin il assistait \u00e0 l\u2019ex\u00e9cution et se chargeait du coup de gr\u00e2ce&#8230;comment trouves-tu l\u2019\u00e9nergum\u00e8ne\u00a0? Tu parles d\u2019un cur\u00e9\u00a0!\u00a0\u00bb (t\u00e9moignage de Victorino F dans \u00ab\u00a0Les conditions de vie dans la r\u00e9gion de la Mancha Tol\u00e9dane pendant la guerre civile et l\u2019apr\u00e8s-guerre\u00a0\u00bb ouvrage de Isidro Cruz Villegas et Maria Dolores Cruz Villegas)<br \/>\nLe p\u00e8re Rodriguez \u00e9tait l\u2019aum\u00f4nier  du centre p\u00e9nitentiaire d\u2019Oca\u00f1a (Tol\u00e8de) un village o\u00f9 l\u2019on compta entre 1939 et 1959 1300 victimes  de la r\u00e9pression franquiste.  A ce messager de Dieu sur la Terre le surnom de \u00ab\u00a0bourreau d\u2019Oca\u00f1a\u00a0\u00bb lui fut donn\u00e9\u00a0ainsi que celui de \u00ab\u00a0cur\u00e9 assassin\u00a0\u00bb. Entre le r\u00e9confort spirituel et les confessions , il participait aux tortures des prisonniers et se chargeait du coup de gr\u00e2ce aux fusill\u00e9s.<br \/>\n\u00ab\u00a0Nous savions tous   qu\u2019il \u00e9tait le cur\u00e9. Il participait aux tortures et apr\u00e8s il prenait plaisir  \u00e0 prendre son pistolet et \u00e0 donner le dernier coup de feu. Mais on savait peu de choses sur lui. Il ne se laissait pas voir dans le village et un beau jour il disparut de la prison. Je ne me souviens m\u00eame plus de son nom.\u00a0\u00bb (Teofilo Fernandez)<br \/>\nA part la m\u00e9moire orale de ceux qui surv\u00e9curent pour le raconter, l\u2019unique t\u00e9moignage est dans ce po\u00e8me \u00e9crit par Miguel Hernandez et ses compagnons prisonniers  qui apprenaient \u00e0 lire et \u00e0 \u00e9crire avec lui dans les cours clandestins qu\u2019il donnait dans la prison. <\/p>\n<p>                    Le cur\u00e9-bourreau d\u2019Oca\u00f1a<br \/>\nTr\u00e8s t\u00f4t, et encore de nuit,<br \/>\navant le son du clairon,<br \/>\nTel un funeste pr\u00e9sage<br \/>\nla noire soutane traversa la cour.<br \/>\nPlus noire, bien plus que la nuit<br \/>\nMoins noire que son \u00e2me<br \/>\nLe cur\u00e9-bourreau d\u2019Oca\u00f1a!<\/p>\n<p>Il arriva dans le couloir des cellules,<br \/>\nquand on per\u00e7ut ses pas<br \/>\net des serrures s&rsquo;\u00e9chapp\u00e8rent<br \/>\ndes cris aigus de frayeur<br \/>\nCourage, mes fils !<br \/>\nTelle est la volont\u00e9 de Dieu !<br \/>\n L\u00e2che et cynique \u00e0 la fois<br \/>\n\u00e0 l&rsquo;abri derri\u00e8re les gardes civils<br \/>\nPlus noire, bien plus que la nuit<br \/>\nMoins noire que son \u00e2me<br \/>\nLe cur\u00e9-bourreau d\u2019Oca\u00f1a!<\/p>\n<p>Les gardes civils nerveux<br \/>\nleur ligot\u00e8rent les mains dans le dos<br \/>\npour \u00e9viter ces regards<br \/>\nac\u00e9r\u00e9s et incendiaires.<\/p>\n<p>Sur le chemin de Yepes ils avancent,<br \/>\nG\u00e9ants d\u2019un peuple h\u00e9ro\u00efque<br \/>\nSur le chemin de Yepes ils avancent.<br \/>\nFaisant don de leur vie \u00e0 l\u2019Espagne<br \/>\nune chanson au bout de leurs l\u00e8vres<br \/>\nqui embrassent la Patrie.<\/p>\n<p>Le cur\u00e9 marche derri\u00e8re<br \/>\nsouillant le matin de sa pr\u00e9sence<br \/>\nDix sept coups de feu<br \/>\nD\u00e9chir\u00e8rent l\u2019aurore<br \/>\net autant de coups de poignards dans nos poitrines<br \/>\nLes oiseaux des alentours<br \/>\nqui lissaient leur plumage,<br \/>\nse terr\u00e8rent dans les nids<br \/>\npuis cess\u00e8rent leurs aubades<br \/>\nLa Lune spectatrice se cachait<br \/>\nPour d\u00e9tourner son regard<br \/>\ndu livre, de la croix<br \/>\ndu pistolet d\u00e9j\u00e0 d\u00e9charg\u00e9.<br \/>\n Plus noire, bien plus que la nuit<br \/>\n Moins noire que son \u00e2me<br \/>\n Le cur\u00e9-bourreau d\u2019Oca\u00f1a!<br \/>\n                                      Po\u00e8me traduit par Pierre et Luis<\/p>\n<p>El cura verdugo de Oca\u00f1a<\/p>\n<p>EL PADRE RODR\u00cdGUEZ ERA EL CAPELL\u00c1N DEL PENAL DE OCA\u00d1A EN TOLEDO. UN PUEBLO EN EL QUE SE REGISTRARON ENTRE 1939 Y 1959, MIL TRESCIENTAS V\u00cdCTIMAS DE LA REPRESI\u00d3N FRANQUISTA.<br \/>\nNuenarevolucion.es\u00a0\u00a0\u00a019\/11\/2020 Opini\u00f3n Art\u00edculos, Mar\u00eda Torres, Memoria Antifascista, \u00a0\u00a0Por Mar\u00eda Torres<\/p>\n<p>\u201cCuando estuve en el penal de Oca\u00f1a nos sacaban al patio todos los d\u00edas para o\u00edr misa. \u00bfSabes lo que nos dec\u00eda el padre Rodr\u00edguez? Un cura que luego estuvo en Toledo, un cura que llevaba un pistol\u00f3n debajo de la sotana y que se le notaba el bulto. Nos dec\u00eda: vosotros rojos, \u00bfsab\u00e9is a lo que ten\u00e9is derecho? \u00a1De la tierra que pis\u00e1is hacia el cielo no ten\u00e9is derecho a nada! \u00a1De la tierra que pis\u00e1is hacia abajo ten\u00e9is derecho a unos cent\u00edmetros donde enterraros!. <\/p>\n<p>Luego este cura Rodr\u00edguez cuando tocaba fusilar a una saca, la noche antes te confesaba y por la ma\u00f1ana iba al fusilamiento y se encargaba de dar el tiro de gracia\u2026 \u00bfQu\u00e9 te parece el p\u00e1jaro? \u00a1Eso el cura!\u201d. (Victorino F. en \u201cLas condiciones de vida en la comarca de La Mancha toledana durante la Guerra Civil y Postguerra\u201d de Isidro Cruz Villegas y M\u00aa Dolores Cruz Villegas)<br \/>\nEl padre Rodr\u00edguez era el capell\u00e1n del Penal de Oca\u00f1a en Toledo. Un pueblo en el que se registraron entre 1939 y 1959, mil trescientas v\u00edctimas de la represi\u00f3n franquista. \u00a0A este mensajero de Dios en la Tierra le pusieron el apelativo de \u00abel verdugo de Oca\u00f1a\u00bb y el \u00abcura asesino\u00bb. Entre consuelo espiritual y<\/p>\n<p>confesiones, \u00a0participaba en las palizas a los presos y se encargaba de dar el tiro de gracia a los fusilados. Cuentan que a veces, los remataba a martillazos.<\/p>\n<p>\u201cTodos sab\u00edamos que era el cura. Participaba en las palizas y despu\u00e9s gustaba de coger su pistola y dar el \u00faltimo disparo. Pero poco sab\u00edamos de \u00e9l. No se dejaba ver por el pueblo y un buen d\u00eda desapareci\u00f3 de la prisi\u00f3n. Ni siquiera recuerdo su nombre\u201d. (Te\u00f3filo Fern\u00e1ndez)<br \/>\nAparte de la memoria oral de los que vivieron para contarlo, el \u00fanico testimonio de los cr\u00edmenes de este siniestro personaje, es el que recoge un poema escrito por Miguel Hern\u00e1ndez y los presos a los que \u00e9ste ense\u00f1aba a leer y a escribir e impart\u00eda clandestinamente clases de poes\u00eda en el penal de Oca\u00f1a. \u00a0<\/p>\n<p>El cura verdugo de Oca\u00f1a<br \/>\nMuy de ma\u00f1ana, a\u00fan de noche,<br \/>\nAntes de tocar diana,<br \/>\nComo presagio funesto<br \/>\nCruz\u00f3 el patio la sotana.<br \/>\n\u00a1M\u00e1s negro, m\u00e1s, que la noche<br \/>\nMenos negro que su alma<br \/>\nEl cura verdugo de Oca\u00f1a!<br \/>\n\u00a0<br \/>\nLleg\u00f3 al pabell\u00f3n de celdas,<br \/>\nAll\u00ed o\u00edmos sus pisadas<br \/>\nY los cerrojos lanzaron<br \/>\nAgudos gritos de alarma.<br \/>\n\u00a1Valor, hijos m\u00edos,<br \/>\nque as\u00ed Dios lo manda!<br \/>\nCobarde y c\u00ednico al tiempo<br \/>\nTras los civiles se guarda,<br \/>\n\u00a1M\u00e1s negro, m\u00e1s, que la noche<br \/>\nMenos negro que su alma<br \/>\nEl cura verdugo de Oca\u00f1a!<br \/>\n\u00a0<br \/>\nLos civiles temblorosos<br \/>\nLes ataron por la espalda<br \/>\nPara no ver aquellos ojos<br \/>\nQue mord\u00edan, que abrasaban.<br \/>\n\u00a0<br \/>\nCamino de Yepes van,<br \/>\nGigantes de un pueblo heroico,<br \/>\nCamino de Yepes van.<br \/>\nSu vida ofrendan a Espa\u00f1a,<br \/>\nUna canci\u00f3n en los labios<br \/>\nCon la que besan la Patria.<br \/>\n\u00a0<br \/>\nEl cura marcha detr\u00e1s,<br \/>\nEnsuciando la ma\u00f1ana.<br \/>\n\u00a1M\u00e1s negro, m\u00e1s, que la noche<br \/>\nMenos negro que su alma<br \/>\nEl cura verdugo de Oca\u00f1a!<br \/>\n\u00a0<br \/>\nDiecisiete disparos<br \/>\nTaladraron la ma\u00f1ana<br \/>\nY fueron en nuestros pechos<br \/>\nOtras tantas pu\u00f1aladas.<br \/>\n\u00a0<br \/>\nLos p\u00e1jaros lugare\u00f1os<br \/>\nQue sus plumas alisaban,<br \/>\nSe escondieron en los nidos<br \/>\nSuspendiendo su alborada.<br \/>\n\u00a0<br \/>\nLa Luna lo ve\u00eda y se tapaba<br \/>\nPor no fijar su mirada<br \/>\nEn el libro, en la cruz<br \/>\nY en la star ya descargada.<br \/>\n\u00a0<br \/>\n\u00a1M\u00e1s negro que la noche.<br \/>\nMenos negro que su alma<br \/>\nEl cura verdugo de Oca\u00f1a!<\/p>\n","protected":false},"excerpt":{"rendered":"<p>Le cur\u00e9-bourreau d\u2019Oca\u00f1a Le p\u00e8re Rodriguez \u00e9tait l\u2019aum\u00f4nier du centre p\u00e9nitentiaire d\u2019Oca\u00f1a, province de Tol\u00e8de. Un village dans lequel on compta entre 1939 et 1959, 1300 victimes de la r\u00e9pression franquiste. Texte de nuevarevolucion.es du 19 novembre 2020 de Maria Torres, M\u00e9moire antifasciste. Traduit par Luis \u00ab\u00a0Quand j\u2019ai \u00e9t\u00e9 dans le centre p\u00e9nitentiaire d\u2019 Oca\u00f1a &hellip; <a href=\"https:\/\/retirada37.com\/?p=3677\" class=\"more-link\">Continuer la lecture de <span class=\"screen-reader-text\">Le cur\u00e9-bourreau d&rsquo;Oca\u00f1a<\/span>  <span class=\"meta-nav\">&rarr;<\/span><\/a><\/p>\n","protected":false},"author":2,"featured_media":0,"comment_status":"open","ping_status":"open","sticky":false,"template":"","format":"standard","meta":{"_bbp_topic_count":0,"_bbp_reply_count":0,"_bbp_total_topic_count":0,"_bbp_total_reply_count":0,"_bbp_voice_count":0,"_bbp_anonymous_reply_count":0,"_bbp_topic_count_hidden":0,"_bbp_reply_count_hidden":0,"_bbp_forum_subforum_count":0,"footnotes":""},"categories":[2],"tags":[],"class_list":["post-3677","post","type-post","status-publish","format-standard","hentry","category-actualites"],"_links":{"self":[{"href":"https:\/\/retirada37.com\/index.php?rest_route=\/wp\/v2\/posts\/3677","targetHints":{"allow":["GET"]}}],"collection":[{"href":"https:\/\/retirada37.com\/index.php?rest_route=\/wp\/v2\/posts"}],"about":[{"href":"https:\/\/retirada37.com\/index.php?rest_route=\/wp\/v2\/types\/post"}],"author":[{"embeddable":true,"href":"https:\/\/retirada37.com\/index.php?rest_route=\/wp\/v2\/users\/2"}],"replies":[{"embeddable":true,"href":"https:\/\/retirada37.com\/index.php?rest_route=%2Fwp%2Fv2%2Fcomments&post=3677"}],"version-history":[{"count":1,"href":"https:\/\/retirada37.com\/index.php?rest_route=\/wp\/v2\/posts\/3677\/revisions"}],"predecessor-version":[{"id":3678,"href":"https:\/\/retirada37.com\/index.php?rest_route=\/wp\/v2\/posts\/3677\/revisions\/3678"}],"wp:attachment":[{"href":"https:\/\/retirada37.com\/index.php?rest_route=%2Fwp%2Fv2%2Fmedia&parent=3677"}],"wp:term":[{"taxonomy":"category","embeddable":true,"href":"https:\/\/retirada37.com\/index.php?rest_route=%2Fwp%2Fv2%2Fcategories&post=3677"},{"taxonomy":"post_tag","embeddable":true,"href":"https:\/\/retirada37.com\/index.php?rest_route=%2Fwp%2Fv2%2Ftags&post=3677"}],"curies":[{"name":"wp","href":"https:\/\/api.w.org\/{rel}","templated":true}]}}