{"id":3667,"date":"2022-03-21T18:00:17","date_gmt":"2022-03-21T17:00:17","guid":{"rendered":"http:\/\/retirada37.com\/?p=3667"},"modified":"2022-03-21T18:00:17","modified_gmt":"2022-03-21T17:00:17","slug":"la-plus-grande-fosse-commune-de-la-retirada-decouverte-au-cimetiere-ouest-de-perpignan","status":"publish","type":"post","link":"https:\/\/retirada37.com\/?p=3667","title":{"rendered":"\u00ab\u00a0LA PLUS GRANDE FOSSE COMMUNE DE LA RETIRADA D\u00c9COUVERTE AU CIMETI\u00c8RE OUEST DE PERPIGNAN"},"content":{"rendered":"<p>C&rsquo;est le journal L&rsquo;INDEPEDANT dimanche qui le r\u00e9v\u00e8le \u00e0 travers un article de Thierry Bouldoire du 20 mars<br \/>\nMerci \u00e0 Paco Ortiz pour nous l&rsquo;avoir communiqu\u00e9.<\/p>\n<p>841 exil\u00e9 r\u00e9publicains reposent dans le plus grand ossuaire de la Retirada de 1939.<br \/>\nJusque-l\u00e0 oubli\u00e9e dans un recoin du carr\u00e9 Obis du cimeti\u00e8re ouest de Perpignan, cette fosse  commune a \u00e9t\u00e9 mise au jour par trois historiens catalans . Ce 18 f\u00e9vrier 2022, une c\u00e9r\u00e9monie a salu\u00e9 la m\u00e9moire de ces disparus des camps de Saint-Cyprien ou du Barcar\u00e8s, dont l\u2019exil r\u00e9sonne de nouveau aujourd\u2019hui sur les routes de l\u2019exode ukrainien. <\/p>\n<p>Inhumation N\u00b0728\u00a0; nom Gelercan Ubach, \u00e2ge 19 ans\u00a0; date inhumation 27 mars 1939. M\u00e9ticuleusement imprim\u00e9es sur une vaste b\u00e2che beige, 841 r\u00e9f\u00e9rences identiques d\u00e9voilent ces victimes oubli\u00e9es de la Retirada, dans un coin  du cimeti\u00e8re de l\u2019ouest de Perpignan, \u00e0 deux pas de la cit\u00e9 des Bal\u00e9ares. 841 m\u00e9moires retrouv\u00e9es gr\u00e2ce au travail de trois historiens catalans Jordi Oliva, Marti Picas et Noemi Riudor. Grau, Guasch, Gonzales, Garcia et tant de patronymes  espagnols et catalans ont ainsi droit \u00e0 un vrai repos.<br \/>\n\u00ab\u00a0C\u2019est la plus grande fosse commune d\u2019exil\u00e9s r\u00e9publicains en France\u00a0\u00bb pr\u00e9cise Mith\u00e9 Pull membre de la Xarxa Cebrianenca i Collectiu \u00ab\u00a0Joves del Rosello\u00a0\u00bb. \u00ab\u00a0Les historiens \u00e9valuent \u00e0 au moins 2888 les victimes non retrouv\u00e9es dans les Pyr\u00e9n\u00e9es-Orientales. Ceux d\u00e9c\u00e9d\u00e9s dans les camps d\u2019Argel\u00e8s, au Barcar\u00e8s ou Saint-Cyprien sont tr\u00e8s souvent inhum\u00e9s dans les cimeti\u00e8res de ces communes, mais les registres ne disaient rien jusque-l\u00e0 des victimes \u00e0 l\u2019h\u00f4pital de Perpignan, loin de leur famille. On mourrait beaucoup de maladies, de faim ou de blessures mal soign\u00e9es dans ce camps de mis\u00e8re sur nos plages. C\u2019est toute la qualit\u00e9 et la pertinence du travail des trois historiens catalans. Ils leur ont redonn\u00e9 une m\u00e9moire ici.\u00a0\u00bb<br \/>\nNon sans mal. L\u2019acc\u00e8s \u00e0 tous les registres n\u2019a pas \u00e9t\u00e9 simple. Impossible m\u00eame au consulat d\u2019Espagne de Perpignan, compliqu\u00e9 \u00e0 l\u2019\u00e9tat civil de la ville de Perpignan. Ce 18 f\u00e9vrier 2022 date anniversaire du premier corps d\u2019exil\u00e9 enterr\u00e9, celui de Manuela Garcia le 18 f\u00e9vrier 1939 \u2013 un hommage a donc enfin \u00e9t\u00e9 rendu \u00e0 ces victimes de l\u2019exil. Une d\u00e9l\u00e9gation d\u2019une centaine de personnes , dont Quim Torra l\u2019ancien pr\u00e9sident de la Generalitat, un temps successeur de Carles Puigdemont, et de nombreuses associations, a fl\u00e9ch\u00e9, fleuri et r\u00e9clam\u00e9 la sanctuarisation du site. Aujourd\u2019hui, un simple parterre de b\u00e9ton aux trop rares pens\u00e9es fleuries.<br \/>\n\u00ab\u00a0Il y a eu des t\u00e9moignages tr\u00e8s \u00e9mouvants. Comme cette dame venue d\u2019Alabacete (centre de l\u2019Espagne) retrouver la trace de son p\u00e8re perdu en 1939. Jusque-l\u00e0, elle pensait qu\u2019il avait abandonn\u00e9 sa famille et refait sa vie en France au lendemain de la guerre, sans donner le moindre signe de vie. En fait il est d\u00e9c\u00e9d\u00e9 \u00e0 l\u2019h\u00f4pital de Perpignan d\u00e8s 1939. Ses mots si forts et si pudiques\u00a0\u00bb t\u00e9moigne Pierre Rossignol, membre de l\u2019association Les amis de la Retirada de Saint-Cyprien.<br \/>\nA Cerb\u00e8re,, au Perhus, \u00e0 Prats-de-Mollo, en Vallespir, plus de 250 000 exil\u00e9s ont franchi les fronti\u00e8res \u00e0 partir de f\u00e9vrier 1939, fuyant la r\u00e9pression de la dictature franquiste. \u00ab\u00a0Ils \u00e9taient pourchass\u00e9s pour avoir choisi le camp de la d\u00e9mocratie, comme les Ukrainiens aujourd\u2019hui.\u00a0\u00bb<\/p>\n","protected":false},"excerpt":{"rendered":"<p>C&rsquo;est le journal L&rsquo;INDEPEDANT dimanche qui le r\u00e9v\u00e8le \u00e0 travers un article de Thierry Bouldoire du 20 mars Merci \u00e0 Paco Ortiz pour nous l&rsquo;avoir communiqu\u00e9. 841 exil\u00e9 r\u00e9publicains reposent dans le plus grand ossuaire de la Retirada de 1939. Jusque-l\u00e0 oubli\u00e9e dans un recoin du carr\u00e9 Obis du cimeti\u00e8re ouest de Perpignan, cette fosse &hellip; <a href=\"https:\/\/retirada37.com\/?p=3667\" class=\"more-link\">Continuer la lecture de <span class=\"screen-reader-text\">\u00ab\u00a0LA PLUS GRANDE FOSSE COMMUNE DE LA RETIRADA D\u00c9COUVERTE AU CIMETI\u00c8RE OUEST DE PERPIGNAN<\/span>  <span class=\"meta-nav\">&rarr;<\/span><\/a><\/p>\n","protected":false},"author":2,"featured_media":0,"comment_status":"open","ping_status":"open","sticky":false,"template":"","format":"standard","meta":{"_bbp_topic_count":0,"_bbp_reply_count":0,"_bbp_total_topic_count":0,"_bbp_total_reply_count":0,"_bbp_voice_count":0,"_bbp_anonymous_reply_count":0,"_bbp_topic_count_hidden":0,"_bbp_reply_count_hidden":0,"_bbp_forum_subforum_count":0,"footnotes":""},"categories":[2],"tags":[],"class_list":["post-3667","post","type-post","status-publish","format-standard","hentry","category-actualites"],"_links":{"self":[{"href":"https:\/\/retirada37.com\/index.php?rest_route=\/wp\/v2\/posts\/3667","targetHints":{"allow":["GET"]}}],"collection":[{"href":"https:\/\/retirada37.com\/index.php?rest_route=\/wp\/v2\/posts"}],"about":[{"href":"https:\/\/retirada37.com\/index.php?rest_route=\/wp\/v2\/types\/post"}],"author":[{"embeddable":true,"href":"https:\/\/retirada37.com\/index.php?rest_route=\/wp\/v2\/users\/2"}],"replies":[{"embeddable":true,"href":"https:\/\/retirada37.com\/index.php?rest_route=%2Fwp%2Fv2%2Fcomments&post=3667"}],"version-history":[{"count":1,"href":"https:\/\/retirada37.com\/index.php?rest_route=\/wp\/v2\/posts\/3667\/revisions"}],"predecessor-version":[{"id":3668,"href":"https:\/\/retirada37.com\/index.php?rest_route=\/wp\/v2\/posts\/3667\/revisions\/3668"}],"wp:attachment":[{"href":"https:\/\/retirada37.com\/index.php?rest_route=%2Fwp%2Fv2%2Fmedia&parent=3667"}],"wp:term":[{"taxonomy":"category","embeddable":true,"href":"https:\/\/retirada37.com\/index.php?rest_route=%2Fwp%2Fv2%2Fcategories&post=3667"},{"taxonomy":"post_tag","embeddable":true,"href":"https:\/\/retirada37.com\/index.php?rest_route=%2Fwp%2Fv2%2Ftags&post=3667"}],"curies":[{"name":"wp","href":"https:\/\/api.w.org\/{rel}","templated":true}]}}