{"id":3643,"date":"2022-03-13T14:00:41","date_gmt":"2022-03-13T13:00:41","guid":{"rendered":"http:\/\/retirada37.com\/?p=3643"},"modified":"2022-04-06T08:45:24","modified_gmt":"2022-04-06T07:45:24","slug":"le-concert-de-david-et-juan-francisco","status":"publish","type":"post","link":"https:\/\/retirada37.com\/?p=3643","title":{"rendered":"Le concert de David et Juan Francisco Ortiz"},"content":{"rendered":"<p>Le vendredi 11 mars, Retirada 37 reprenait ses modestes activit\u00e9s apr\u00e8s deux ans d\u2019inaction.<\/p>\n<p>Pour le bonheur de tous, ce fut un succ\u00e8s !!!<\/p>\n<p>Merci \u00e0 Jos\u00e9 Manuel et toute son \u00e9quipe \u00ab Le Plessis Tiers-lieu culturel et humaniste \u00bb, et aux membres de Retirada 37 pour leur implication.<\/p>\n<p>En pr\u00e9sence d\u2019un nombreux public, ce sont produit en concert Juan Francisco Ortiz \u00e0 la guitare et David Ortiz son fils au violoncelle, ce fut une soir\u00e9e emprunte d\u2018\u00e9motions avec une musique de qualit\u00e9, les musiciens ont termin\u00e9 leur concert sous des applaudissements chaleureux.<\/p>\n<p>Merci \u00e0 eux, ils nous ont offert ce concert gracieusement.<\/p>\n<p><strong>James ( pr\u00e9sident de Retirada37)<\/strong><\/p>\n<p>Le 27 janvier dernier Juan Francisco Ortiz et son fils David donnaient un concert  pour la Journ\u00e9e internationale d\u00e9di\u00e9e \u00e0 la m\u00e9moire des victimes de l\u2019Holocauste dans le mus\u00e9e S\u00e9farade \u00e0 Tol\u00e8de. Ils \u00e9taient ce 11 mars sur la sc\u00e8ne du Ch\u00e2teau du Plessis \u00e0 l\u2019invitation de notre association en partenariat avec ce nouveau tiers-lieu culturel et humaniste, \u00e0 La Riche, pour rendre hommage \u00e0 Francisco Ortiz et \u00e0 tous les espagnols d\u00e9port\u00e9s \u00e0 Mauthausen-Gusen (Autriche). Les Espagnols portaient un triangle bleu marqu\u00e9 de la lettre \u00ab S \u00bb pour Spaniers. Plus de 5000 Espagnols y moururent. Les rescap\u00e9s furent lib\u00e9r\u00e9s par l\u2019arm\u00e9e am\u00e9ricaine le 5 mai 1945. Francisco Ortiz fut de ceux-l\u00e0. <\/p>\n<p>Aujourd\u2019hui  le fils et le petit fils leur rendent hommage \u00e0 travers leurs concerts de guitare et de violoncelle, avec des \u0153uvres originales compos\u00e9es par Juan Francisco Ortiz et d\u2019autres pi\u00e8ces musicales, de l\u2019art populaire comme le c\u00e9l\u00e8bre \u00ab Emigrante \u00bb de Juanito Valderrama connu de tous les Espagnols r\u00e9fugi\u00e9s en France, ou de la po\u00e9sie avec Federico Garcia Lorca, Antonio Machado et Miguel Hernadez. <\/p>\n<p>Le drapeau r\u00e9publicain que le matricule 4252, Francisco rapporta du camp fut confectionn\u00e9 avec ses camarades. Le fac-simil\u00e9 du drapeau fut offert \u00e0 Jos\u00e9 Manuel Cano lopez, responsable du Plessis et sera expos\u00e9 \u00e0 la vue du public. Juan Francisco le pr\u00e9senta au M\u00e9morial de Mauthausen lors d\u2019un concert en 2015.<\/p>\n<p>Dans son concert il nous a racont\u00e9 la vie de son p\u00e8re \u00e0 travers les morceaux \u00e9crits, mais aussi les souffrances de tous ceux qui v\u00e9curent sous le franquisme, comme ces 13 jeunes filles qui furent ex\u00e9cut\u00e9es le 5 ao\u00fbt 1939 dans le cimeti\u00e8re de Madrid pour leur seule appartenance aux Jeunesses communistes. Ce fut lors de cet hommage le 5 ao\u00fbt dernier que nous  rencontrions, mon \u00e9pouse et moi,  Juan Francisco et David \u00e0 Madrid o\u00f9 ils nous firent la promesse de venir jouer gratuitement \u00e0 Tours \u00e0 l\u2019invitation de Retirada37. <\/p>\n<p>La salle \u00e9tait comble, ce 11 mars au Plessis et ils furent nombreux, sur un liste d\u2019attente, \u00e0 ne pouvoir y participer. L\u2019\u00e9motion \u00e9tait forte dans la salle. Juan Francisco et David furent longuement applaudis.<br \/>\nCe fut une soir\u00e9e de grande qualit\u00e9 musicale et d\u2019une  charge \u00e9motionnelle qui restera longtemps grav\u00e9e dans nos m\u00e9moires.<\/p>\n<p>Merci \u00e0 Juan Francisco, merci \u00e0 David, merci \u00e0 Jos\u00e9 Manuel pour avoir accueilli ce magnifique spectacle. Merci \u00e0 Viviane et Herv\u00e9 pour leurs tr\u00e8s belles photos. Merci \u00e0 tous les adh\u00e9rents de Retirada37 pour leur implication dans cette belle initiative.<\/p>\n<p><strong>Luis et Sylviane (adh\u00e9rents de Retirada37)<\/strong><\/p>\n<p>Concierto Juan Francisco y David Ortiz &#8211; Memoria<br \/>\nEste 27 de enero pasado, Juan Francisco Ortiz y su hijo David daban un concierto por el d\u00eda internacional de conmemoraci\u00f3n de las v\u00edctimas del Holocausto en la Sinagoga del Tr\u00e1nsito (Museo sefard\u00ed de Toledo). Este 11 de marzo estaban con nosotros en el escenario del Castillo de Plessis (La Riche \u2013 Tours) invitados por nuestra asociaci\u00f3n \u2013 Retirada37 \u2013 en colaboraci\u00f3n con este nuevo espacio cultural y humanista, en el pueblo de La Riche, para rendir homenaje a Francisco Ortiz (padre y abuelo de los artistas) as\u00ed como a todos los espa\u00f1oles exiliados y deportados en el campo de concentraci\u00f3n nazi de Mauthausen-Gusen (Austria, 1940-1945). Asignaron a los presos espa\u00f1oles el tristemente famoso Tri\u00e1ngulo Azul, con una \u00abS\u00bb bordada por \u00abSpaniers\u00bb. M\u00e1s de cinco mil espa\u00f1oles murieron durante esos a\u00f1os hasta la liberaci\u00f3n del campo el 5 de mayo de 1945. Francisco Ortiz, preso n\u00famero 4245 fue uno de los que sobrevivieron.<\/p>\n<p>Hoy, el hijo y el nieto de Francisco, les rinden homenaje con un concierto de guitarra y violonchelo con obras originales compuestas por Juan Francisco Ortiz y otras piezas musicales, algunas populares como \u00abEl emigrante\u00bb de Juanito Valderrama, conocida por todos los espa\u00f1oles exiliados. Otras obras son adaptaciones de obras po\u00e9ticas de Federico Garc\u00eda Lorca, Antonio Machado o Miguel Hern\u00e1ndez<\/p>\n<p>La bandera republicana original, echa en Mauthausen por los propios presos sastres y que conserv\u00f3 el preso 4245, fue presentada al p\u00fablico y la familia Ortiz regal\u00f3 un facs\u00edmil al responsable de Plessis, Jos\u00e9 Manuel Cano L\u00f3pez y esta ser\u00e1 expuesta en el mismo centro para el p\u00fablico visitante.<\/p>\n<p>En este concierto, a trav\u00e9s de la historia de Francisco Ortiz, los artistas cuentan con m\u00fasica y poes\u00eda el exilio, la deportaci\u00f3n, as\u00ed como el sufrimiento de las v\u00edctimas del franquismo, de las 13 Rosas fusiladas\u2026 El pasado 5 de agosto, durante la ceremonia de conmemoraci\u00f3n del fusilamiento de las 13 Rosas en el cementerio del Este conocimos a Francisco y a David quienes nos hicieron la promesa de venir a tocar gratis a Tours con la invitaci\u00f3n de nuestra asociaci\u00f3n Retirada37.<\/p>\n<p>Se llen\u00f3 la sala este 11 de marzo en el Plessis y hasta tuvimos una larga lista de espera que no pudo asistir. Fue fuerte la emoci\u00f3n durante todo el concierto. Los artistas David y Francisco fueron largamente aplaudidos, una noche de gran calidad musical y con una carga emocional intensa que quedar\u00e1 grabada en nuestra memoria.<br \/>\n Gracias a Juan Francisco y a David. Gracias a Jos\u00e9 Manuel por haber recibido a los artistas y haber hecho posible este magn\u00edfico espect\u00e1culo. Gracias a Viviane y a Herv\u00e9 por las incre\u00edbles fotos. Gracias a todos los miembros de Retirada 37 por su implicaci\u00f3n en tan bella iniciativa.<\/p>\n<p>Luis et Sylviane (Miembros de Retirada37) traducido por David <a href=\"https:\/\/retirada37.com\/wp-content\/uploads\/2022\/03\/0D836FED-0EAA-48C1-A59C-93A24B5A4E5E.jpeg\"><img loading=\"lazy\" decoding=\"async\" src=\"https:\/\/retirada37.com\/wp-content\/uploads\/2022\/03\/0D836FED-0EAA-48C1-A59C-93A24B5A4E5E.jpeg\" alt=\"\" width=\"640\" height=\"480\" class=\"alignnone size-full wp-image-3644\" srcset=\"https:\/\/retirada37.com\/wp-content\/uploads\/2022\/03\/0D836FED-0EAA-48C1-A59C-93A24B5A4E5E.jpeg 640w, https:\/\/retirada37.com\/wp-content\/uploads\/2022\/03\/0D836FED-0EAA-48C1-A59C-93A24B5A4E5E-300x225.jpeg 300w\" sizes=\"auto, (max-width: 640px) 100vw, 640px\" \/><\/a><br \/>\n<strong>James Marco, le pr\u00e9sident de Retirada37, et Jos\u00e9 Manuel Cano Lopez, le taulier du th\u00e9\u00e2tre du Plessis.<\/strong><\/p>\n<p><a href=\"https:\/\/retirada37.com\/wp-content\/uploads\/2022\/03\/9C257950-6B63-4435-B240-E6D8B3EADEC9.jpeg\"><img loading=\"lazy\" decoding=\"async\" src=\"https:\/\/retirada37.com\/wp-content\/uploads\/2022\/03\/9C257950-6B63-4435-B240-E6D8B3EADEC9.jpeg\" alt=\"\" width=\"2764\" height=\"1795\" class=\"alignnone size-full wp-image-3645\" srcset=\"https:\/\/retirada37.com\/wp-content\/uploads\/2022\/03\/9C257950-6B63-4435-B240-E6D8B3EADEC9.jpeg 2764w, https:\/\/retirada37.com\/wp-content\/uploads\/2022\/03\/9C257950-6B63-4435-B240-E6D8B3EADEC9-300x195.jpeg 300w, https:\/\/retirada37.com\/wp-content\/uploads\/2022\/03\/9C257950-6B63-4435-B240-E6D8B3EADEC9-768x499.jpeg 768w, https:\/\/retirada37.com\/wp-content\/uploads\/2022\/03\/9C257950-6B63-4435-B240-E6D8B3EADEC9-1024x665.jpeg 1024w\" sizes=\"auto, (max-width: 2764px) 100vw, 2764px\" \/><\/a><br \/>\n<strong> David et Juan Francisco Ortiz<\/strong><\/p>\n<p><a href=\"https:\/\/retirada37.com\/wp-content\/uploads\/2022\/03\/DD21200F-416F-494C-B55A-700C0D1BEB4B.jpeg\"><img loading=\"lazy\" decoding=\"async\" src=\"https:\/\/retirada37.com\/wp-content\/uploads\/2022\/03\/DD21200F-416F-494C-B55A-700C0D1BEB4B.jpeg\" alt=\"\" width=\"640\" height=\"480\" class=\"alignnone size-full wp-image-3646\" srcset=\"https:\/\/retirada37.com\/wp-content\/uploads\/2022\/03\/DD21200F-416F-494C-B55A-700C0D1BEB4B.jpeg 640w, https:\/\/retirada37.com\/wp-content\/uploads\/2022\/03\/DD21200F-416F-494C-B55A-700C0D1BEB4B-300x225.jpeg 300w\" sizes=\"auto, (max-width: 640px) 100vw, 640px\" \/><\/a><\/p>\n<p><a href=\"https:\/\/retirada37.com\/wp-content\/uploads\/2022\/03\/32D661C3-C570-4511-B154-168A50DB84B5.jpeg\"><img loading=\"lazy\" decoding=\"async\" src=\"https:\/\/retirada37.com\/wp-content\/uploads\/2022\/03\/32D661C3-C570-4511-B154-168A50DB84B5.jpeg\" alt=\"\" width=\"640\" height=\"640\" class=\"alignnone size-full wp-image-3647\" srcset=\"https:\/\/retirada37.com\/wp-content\/uploads\/2022\/03\/32D661C3-C570-4511-B154-168A50DB84B5.jpeg 640w, https:\/\/retirada37.com\/wp-content\/uploads\/2022\/03\/32D661C3-C570-4511-B154-168A50DB84B5-150x150.jpeg 150w, https:\/\/retirada37.com\/wp-content\/uploads\/2022\/03\/32D661C3-C570-4511-B154-168A50DB84B5-300x300.jpeg 300w\" sizes=\"auto, (max-width: 640px) 100vw, 640px\" \/><\/a><\/p>\n<p><a href=\"https:\/\/retirada37.com\/wp-content\/uploads\/2022\/03\/48F36DFA-F4C0-4A25-8CDA-62582B91AE15.jpeg\"><img loading=\"lazy\" decoding=\"async\" src=\"https:\/\/retirada37.com\/wp-content\/uploads\/2022\/03\/48F36DFA-F4C0-4A25-8CDA-62582B91AE15.jpeg\" alt=\"\" width=\"640\" height=\"480\" class=\"alignnone size-full wp-image-3648\" srcset=\"https:\/\/retirada37.com\/wp-content\/uploads\/2022\/03\/48F36DFA-F4C0-4A25-8CDA-62582B91AE15.jpeg 640w, https:\/\/retirada37.com\/wp-content\/uploads\/2022\/03\/48F36DFA-F4C0-4A25-8CDA-62582B91AE15-300x225.jpeg 300w\" sizes=\"auto, (max-width: 640px) 100vw, 640px\" \/><\/a><br \/>\n<strong>Jos\u00e9 Manuel Cano Lopez et Juan Francisco Ortiz d\u00e9ployant le drapeau de r\u00e9publique Espagnole.<\/strong><\/p>\n<p><a href=\"https:\/\/retirada37.com\/wp-content\/uploads\/2022\/03\/BAB5ABEB-DA68-42A5-8B81-14CE5B29379C.jpeg\"><img loading=\"lazy\" decoding=\"async\" src=\"https:\/\/retirada37.com\/wp-content\/uploads\/2022\/03\/BAB5ABEB-DA68-42A5-8B81-14CE5B29379C.jpeg\" alt=\"\" width=\"640\" height=\"480\" class=\"alignnone size-full wp-image-3649\" srcset=\"https:\/\/retirada37.com\/wp-content\/uploads\/2022\/03\/BAB5ABEB-DA68-42A5-8B81-14CE5B29379C.jpeg 640w, https:\/\/retirada37.com\/wp-content\/uploads\/2022\/03\/BAB5ABEB-DA68-42A5-8B81-14CE5B29379C-300x225.jpeg 300w\" sizes=\"auto, (max-width: 640px) 100vw, 640px\" \/><\/a><\/p>\n<p><a href=\"https:\/\/retirada37.com\/wp-content\/uploads\/2022\/03\/F3A7E633-C3A5-4740-85B6-FC4361484A1B.jpeg\"><img loading=\"lazy\" decoding=\"async\" src=\"https:\/\/retirada37.com\/wp-content\/uploads\/2022\/03\/F3A7E633-C3A5-4740-85B6-FC4361484A1B.jpeg\" alt=\"\" width=\"640\" height=\"640\" class=\"alignnone size-full wp-image-3650\" srcset=\"https:\/\/retirada37.com\/wp-content\/uploads\/2022\/03\/F3A7E633-C3A5-4740-85B6-FC4361484A1B.jpeg 640w, https:\/\/retirada37.com\/wp-content\/uploads\/2022\/03\/F3A7E633-C3A5-4740-85B6-FC4361484A1B-150x150.jpeg 150w, https:\/\/retirada37.com\/wp-content\/uploads\/2022\/03\/F3A7E633-C3A5-4740-85B6-FC4361484A1B-300x300.jpeg 300w\" sizes=\"auto, (max-width: 640px) 100vw, 640px\" \/><\/a><\/p>\n<p><a href=\"https:\/\/retirada37.com\/wp-content\/uploads\/2022\/03\/2F522AD9-3043-44A4-87A7-A718A69688EE.jpeg\"><img loading=\"lazy\" decoding=\"async\" src=\"https:\/\/retirada37.com\/wp-content\/uploads\/2022\/03\/2F522AD9-3043-44A4-87A7-A718A69688EE.jpeg\" alt=\"\" width=\"640\" height=\"427\" class=\"alignnone size-full wp-image-3651\" srcset=\"https:\/\/retirada37.com\/wp-content\/uploads\/2022\/03\/2F522AD9-3043-44A4-87A7-A718A69688EE.jpeg 640w, https:\/\/retirada37.com\/wp-content\/uploads\/2022\/03\/2F522AD9-3043-44A4-87A7-A718A69688EE-300x200.jpeg 300w\" sizes=\"auto, (max-width: 640px) 100vw, 640px\" \/><\/a><\/p>\n<p><a href=\"https:\/\/retirada37.com\/wp-content\/uploads\/2022\/03\/982AEA5C-1DA3-4374-A681-DAAEB95DB18B.jpeg\"><img loading=\"lazy\" decoding=\"async\" src=\"https:\/\/retirada37.com\/wp-content\/uploads\/2022\/03\/982AEA5C-1DA3-4374-A681-DAAEB95DB18B.jpeg\" alt=\"\" width=\"640\" height=\"640\" class=\"alignnone size-full wp-image-3652\" srcset=\"https:\/\/retirada37.com\/wp-content\/uploads\/2022\/03\/982AEA5C-1DA3-4374-A681-DAAEB95DB18B.jpeg 640w, https:\/\/retirada37.com\/wp-content\/uploads\/2022\/03\/982AEA5C-1DA3-4374-A681-DAAEB95DB18B-150x150.jpeg 150w, https:\/\/retirada37.com\/wp-content\/uploads\/2022\/03\/982AEA5C-1DA3-4374-A681-DAAEB95DB18B-300x300.jpeg 300w\" sizes=\"auto, (max-width: 640px) 100vw, 640px\" \/><\/a><\/p>\n<p><a href=\"https:\/\/retirada37.com\/wp-content\/uploads\/2022\/03\/EDCF1C41-6039-462C-98BF-DCF6D60BF881.jpeg\"><img loading=\"lazy\" decoding=\"async\" src=\"https:\/\/retirada37.com\/wp-content\/uploads\/2022\/03\/EDCF1C41-6039-462C-98BF-DCF6D60BF881.jpeg\" alt=\"\" width=\"640\" height=\"480\" class=\"alignnone size-full wp-image-3653\" srcset=\"https:\/\/retirada37.com\/wp-content\/uploads\/2022\/03\/EDCF1C41-6039-462C-98BF-DCF6D60BF881.jpeg 640w, https:\/\/retirada37.com\/wp-content\/uploads\/2022\/03\/EDCF1C41-6039-462C-98BF-DCF6D60BF881-300x225.jpeg 300w\" sizes=\"auto, (max-width: 640px) 100vw, 640px\" \/><\/a><\/p>\n","protected":false},"excerpt":{"rendered":"<p>Le vendredi 11 mars, Retirada 37 reprenait ses modestes activit\u00e9s apr\u00e8s deux ans d\u2019inaction. Pour le bonheur de tous, ce fut un succ\u00e8s !!! Merci \u00e0 Jos\u00e9 Manuel et toute son \u00e9quipe \u00ab Le Plessis Tiers-lieu culturel et humaniste \u00bb, et aux membres de Retirada 37 pour leur implication. En pr\u00e9sence d\u2019un nombreux public, ce &hellip; <a href=\"https:\/\/retirada37.com\/?p=3643\" class=\"more-link\">Continuer la lecture de <span class=\"screen-reader-text\">Le concert de David et Juan Francisco Ortiz<\/span>  <span class=\"meta-nav\">&rarr;<\/span><\/a><\/p>\n","protected":false},"author":3,"featured_media":0,"comment_status":"open","ping_status":"open","sticky":false,"template":"","format":"standard","meta":{"_bbp_topic_count":0,"_bbp_reply_count":0,"_bbp_total_topic_count":0,"_bbp_total_reply_count":0,"_bbp_voice_count":0,"_bbp_anonymous_reply_count":0,"_bbp_topic_count_hidden":0,"_bbp_reply_count_hidden":0,"_bbp_forum_subforum_count":0,"footnotes":""},"categories":[2,20],"tags":[],"class_list":["post-3643","post","type-post","status-publish","format-standard","hentry","category-actualites","category-culture"],"_links":{"self":[{"href":"https:\/\/retirada37.com\/index.php?rest_route=\/wp\/v2\/posts\/3643","targetHints":{"allow":["GET"]}}],"collection":[{"href":"https:\/\/retirada37.com\/index.php?rest_route=\/wp\/v2\/posts"}],"about":[{"href":"https:\/\/retirada37.com\/index.php?rest_route=\/wp\/v2\/types\/post"}],"author":[{"embeddable":true,"href":"https:\/\/retirada37.com\/index.php?rest_route=\/wp\/v2\/users\/3"}],"replies":[{"embeddable":true,"href":"https:\/\/retirada37.com\/index.php?rest_route=%2Fwp%2Fv2%2Fcomments&post=3643"}],"version-history":[{"count":11,"href":"https:\/\/retirada37.com\/index.php?rest_route=\/wp\/v2\/posts\/3643\/revisions"}],"predecessor-version":[{"id":3676,"href":"https:\/\/retirada37.com\/index.php?rest_route=\/wp\/v2\/posts\/3643\/revisions\/3676"}],"wp:attachment":[{"href":"https:\/\/retirada37.com\/index.php?rest_route=%2Fwp%2Fv2%2Fmedia&parent=3643"}],"wp:term":[{"taxonomy":"category","embeddable":true,"href":"https:\/\/retirada37.com\/index.php?rest_route=%2Fwp%2Fv2%2Fcategories&post=3643"},{"taxonomy":"post_tag","embeddable":true,"href":"https:\/\/retirada37.com\/index.php?rest_route=%2Fwp%2Fv2%2Ftags&post=3643"}],"curies":[{"name":"wp","href":"https:\/\/api.w.org\/{rel}","templated":true}]}}