{"id":3620,"date":"2022-02-26T08:00:41","date_gmt":"2022-02-26T07:00:41","guid":{"rendered":"http:\/\/retirada37.com\/?p=3620"},"modified":"2022-02-23T15:32:42","modified_gmt":"2022-02-23T14:32:42","slug":"raices-y-semillas","status":"publish","type":"post","link":"https:\/\/retirada37.com\/?p=3620","title":{"rendered":"RAICES Y SEMILLAS"},"content":{"rendered":"<p>Hola tod@s. Je me permet de re partager ici aujourd&rsquo;hui une chanson que j&rsquo;ai \u00e9crite intitul\u00e9e ABUELO. J&rsquo;ai essay\u00e9 d&rsquo;y raconter le parcours de mi abuelo, Manuel Jimenez , militant andalou qui n&rsquo;avait que 18 ans quand le coup d&rsquo;\u00e9tat puis la guerre d&rsquo;Espagne ont commenc\u00e9. Apr\u00e8s le front de Jarama, la d\u00e9fense de madrid &#8230; il s&rsquo;est retrouv\u00e9 comme tant d&rsquo;autres prisonniers au camp d&rsquo;argel\u00e8s puis \u00e0 la base sous marine de Bordeaux dont il s&rsquo;\u00e9vada pour rejoindre la r\u00e9sistance dans les Landes. C&rsquo;est aussi pour lui rendre hommage que le groupe s&rsquo;appelle EL COMUNERO. C&rsquo;est ainsi que l&rsquo;avaient surnomm\u00e9 ces camarades de lutte de la CNT pour railler son engagement communiste. A travers lui, c&rsquo;est aussi aux centaines de milliers d&rsquo;hommes et de femmes qui ont v\u00e9cu ces \u00e9v\u00e9nements que j&rsquo;ai voulu rendre hommage. Depuis 13 ans maintenant, nous sillonnons avec le groupe les sc\u00e8nes de France et d&rsquo;Espagne. Au del\u00e0 des concerts, nous essayons de raconter et transmette cette histoire et les valeurs qu&rsquo;elle v\u00e9hicule aux plus jeunes en montant des projets en lyc\u00e9e et en coll\u00e8ge, en travaillant avec des r\u00e9alisateurs, des historiens, des t\u00e9moins, des auteurs, des acteurs de th\u00e9\u00e2tre etc, pour trouver d&rsquo;autres fa\u00e7ons de transmettre ce que nos abuel@s nous ont transmis.  En ces temps troubles de surench\u00e8re populiste et n\u00e9o fasciste, cela me parait plus que jamais n\u00e9cessaire. Ce post un peu long pour vous expliquer aussi qu&rsquo;\u00e9tant donn\u00e9 les valeurs que nous d\u00e9fendons, nous n&rsquo;int\u00e9ressons pas les labels et producteurs, qui ne nous int\u00e9ressent pas non plus d&rsquo;ailleurs. Nous travaillons en totale ind\u00e9pendance et cela aussi colle aux valeurs que nous voulons porter. Nous avons enregistr\u00e9 un 5eme album qui doit sortir en septembre 2022. Il s&rsquo;appellera RAICES Y SEMILLAS. Pour parvenir \u00e0 le sortir et \u00e0 boucler notre budget, nous avons mont\u00e9 un financement participatif. Chaque don donne droit \u00e0 une contrepartie. D\u00e8s 10 euros vous pouvez pr\u00e9commander l&rsquo;album en format num\u00e9rique ici : <a href=\"https:\/\/www.helloasso.com\/associations\/tu%20veux%20qu%20on%20en%20parle\/collectes\/nouvel-album-de-el-comunero\">https:\/\/www.helloasso.com\/associations\/tu%20veux%20qu%20on%20en%20parle\/collectes\/nouvel-album-de-el-comunero <\/a>. Nous avons besoin de toute les bonnes volont\u00e9s pour remplir l&rsquo;objectif. Aussi un grand merci d&rsquo;avance \u00e0 celles et ceux qui pourront et voudront nous soutenir.<\/p>\n<p> Un abrazo fraterno a todos.<\/p>\n<p><strong><br \/>\n SEGUIMOS LUCHANDO<\/strong><\/p>\n<p>extrait du 4eme album \u00ab\u00a010  a\u00f1os de rebeld\u00eda. \u00a0\u00bb  du groupe EL COMUNERO. Film\u00e9 et enregistr\u00e9 en live \u00e0 la dynamo en mai 2018 \u00e0 Toulouse. Sortie pr\u00e9vue en 2019. Images et montage, Fiasco Prod<\/p>\n<blockquote><p><iframe loading=\"lazy\" width=\"560\" height=\"315\" src=\"https:\/\/www.youtube.com\/embed\/3S28h-_K71A\" title=\"YouTube video player\" frameborder=\"0\" allow=\"accelerometer; autoplay; clipboard-write; encrypted-media; gyroscope; picture-in-picture\" allowfullscreen><\/iframe><\/p><\/blockquote>\n","protected":false},"excerpt":{"rendered":"<p>Hola tod@s. Je me permet de re partager ici aujourd&rsquo;hui une chanson que j&rsquo;ai \u00e9crite intitul\u00e9e ABUELO. J&rsquo;ai essay\u00e9 d&rsquo;y raconter le parcours de mi abuelo, Manuel Jimenez , militant andalou qui n&rsquo;avait que 18 ans quand le coup d&rsquo;\u00e9tat puis la guerre d&rsquo;Espagne ont commenc\u00e9. Apr\u00e8s le front de Jarama, la d\u00e9fense de madrid &hellip; <a href=\"https:\/\/retirada37.com\/?p=3620\" class=\"more-link\">Continuer la lecture de <span class=\"screen-reader-text\">RAICES Y SEMILLAS<\/span>  <span class=\"meta-nav\">&rarr;<\/span><\/a><\/p>\n","protected":false},"author":3,"featured_media":0,"comment_status":"open","ping_status":"open","sticky":false,"template":"","format":"standard","meta":{"_bbp_topic_count":0,"_bbp_reply_count":0,"_bbp_total_topic_count":0,"_bbp_total_reply_count":0,"_bbp_voice_count":0,"_bbp_anonymous_reply_count":0,"_bbp_topic_count_hidden":0,"_bbp_reply_count_hidden":0,"_bbp_forum_subforum_count":0,"footnotes":""},"categories":[2],"tags":[],"class_list":["post-3620","post","type-post","status-publish","format-standard","hentry","category-actualites"],"_links":{"self":[{"href":"https:\/\/retirada37.com\/index.php?rest_route=\/wp\/v2\/posts\/3620","targetHints":{"allow":["GET"]}}],"collection":[{"href":"https:\/\/retirada37.com\/index.php?rest_route=\/wp\/v2\/posts"}],"about":[{"href":"https:\/\/retirada37.com\/index.php?rest_route=\/wp\/v2\/types\/post"}],"author":[{"embeddable":true,"href":"https:\/\/retirada37.com\/index.php?rest_route=\/wp\/v2\/users\/3"}],"replies":[{"embeddable":true,"href":"https:\/\/retirada37.com\/index.php?rest_route=%2Fwp%2Fv2%2Fcomments&post=3620"}],"version-history":[{"count":1,"href":"https:\/\/retirada37.com\/index.php?rest_route=\/wp\/v2\/posts\/3620\/revisions"}],"predecessor-version":[{"id":3621,"href":"https:\/\/retirada37.com\/index.php?rest_route=\/wp\/v2\/posts\/3620\/revisions\/3621"}],"wp:attachment":[{"href":"https:\/\/retirada37.com\/index.php?rest_route=%2Fwp%2Fv2%2Fmedia&parent=3620"}],"wp:term":[{"taxonomy":"category","embeddable":true,"href":"https:\/\/retirada37.com\/index.php?rest_route=%2Fwp%2Fv2%2Fcategories&post=3620"},{"taxonomy":"post_tag","embeddable":true,"href":"https:\/\/retirada37.com\/index.php?rest_route=%2Fwp%2Fv2%2Ftags&post=3620"}],"curies":[{"name":"wp","href":"https:\/\/api.w.org\/{rel}","templated":true}]}}