{"id":3557,"date":"2021-11-30T13:41:31","date_gmt":"2021-11-30T12:41:31","guid":{"rendered":"http:\/\/retirada37.com\/?p=3557"},"modified":"2021-11-30T13:43:52","modified_gmt":"2021-11-30T12:43:52","slug":"disparition-de-almudena-grandes","status":"publish","type":"post","link":"https:\/\/retirada37.com\/?p=3557","title":{"rendered":"Disparition de Almudena Grandes"},"content":{"rendered":"<p>Bonjour \u00e0 toutes et \u00e0 tous,<\/p>\n<p>La nouvelle est tomb\u00e9e samedi dernier dans l\u2019apr\u00e8s-midi : Almudena Grandes s\u2019en est all\u00e9e.<\/p>\n<p>C\u2019est comme si nous \u00e9tions rest\u00e9s orphelins. Avec le c\u0153ur gel\u00e9.<\/p>\n<p>Le 10 octobre, Almudena s&rsquo;est excus\u00e9e aupr\u00e8s de ses lecteurs d&rsquo;avoir \u00e9t\u00e9 absente \u00e0 cause de sa maladie. Humble, oui elle l\u2019\u00e9tait, pour demander pardon d&rsquo;\u00eatre malade et de ne pas pouvoir les accompagner. \u00ab\u00a0Et m&rsquo;excuser au passage, par avance, pour mon silence et mes absences futures. Car je ne voudrais pas que quelqu&rsquo;un s&rsquo;inqui\u00e8te \u00e0 nouveau de ne pas me retrouver dans un endroit o\u00f9 nous nous sommes rencontr\u00e9s d&rsquo;autres fois\u00a0\u00bb. Elle a \u00e9galement remerci\u00e9 ses lecteurs pour leur libert\u00e9, \u00ab\u00a0car gr\u00e2ce \u00e0 votre soutien je peux \u00e9crire les livres que je veux \u00e9crire, et non ceux que les autres attendent de moi\u00a0\u00bb.<\/p>\n<p>Aujourd&rsquo;hui est un jour triste, pour les amoureux de la litt\u00e9rature, de la litt\u00e9rature engag\u00e9e aupr\u00e8s du peuple. La plus grande est partie, et nous a laiss\u00e9s orphelins.<\/p>\n<p>A l\u2019occasion de la venue de Pedro Sanchez \u00e0 Montauban en f\u00e9vrier 2019, Almudena Grandes l\u2019accompagnait, et nous avons eu l\u2019honneur d\u2019\u00e9changer avec elle quelques instants.<\/p>\n<p>\u00a1 Hasta siempre, Almudena !<\/p>\n<p>Le bureau de Caminar<\/p>\n<p>PS 1 : Voici un lien sur les fun\u00e9railles de Almudena qui ont eu lieu aujourd&rsquo;hui : <a href=\"https:\/\/www.youtube.com\/watch?v=lFVcVUtmweo\">https:\/\/www.youtube.com\/watch?v=lFVcVUtmweo<\/a><\/p>\n<p>PS 2 : Ci-dessous, vous trouverez un texte de Ant\u00f3n Castro, journaliste et \u00e9crivain de Zaragoza, intitul\u00e9 \u00ab Un dialogo con Almudena Grandes \u00bb.<br \/>\nUN DI\u00c1LOGO CON ALMUDENA GRANDES (1960-2021)<a href=\"https:\/\/retirada37.com\/wp-content\/uploads\/2021\/11\/Almudena-Grandes.jpg\"><img loading=\"lazy\" decoding=\"async\" src=\"https:\/\/retirada37.com\/wp-content\/uploads\/2021\/11\/Almudena-Grandes.jpg\" alt=\"\" width=\"1539\" height=\"2053\" class=\"alignnone size-full wp-image-3558\" srcset=\"https:\/\/retirada37.com\/wp-content\/uploads\/2021\/11\/Almudena-Grandes.jpg 1539w, https:\/\/retirada37.com\/wp-content\/uploads\/2021\/11\/Almudena-Grandes-225x300.jpg 225w, https:\/\/retirada37.com\/wp-content\/uploads\/2021\/11\/Almudena-Grandes-768x1024.jpg 768w\" sizes=\"auto, (max-width: 1539px) 100vw, 1539px\" \/><\/a><\/p>\n<p>He entrevistado en bastantes ocasiones a Almudena Grandes. Conservo un gran recuerdo de una entrevista extensa que le hice en el hotel Palafox con motivo de la novela &lsquo;El coraz\u00f3n helado&rsquo;. La recupero aqu\u00ed, el d\u00eda en que Almudena Grandes, una poderosa narradora, acaba de fallecer a consecuencia de un c\u00e1ncer. Esta ma\u00f1ana, en Alca\u00f1iz, una amiga suya me dijo que Almudena se hab\u00eda puesto muy malita. La foto es de otro gran amigo: As\u00eds G. Ayerbe. Una de las consultas m\u00e1s surrealistas que he tenido en mi vida fue suya, por medio de Luis Alegre: quer\u00eda saber cu\u00e1ntos t\u00edtulos de Liga ten\u00eda su equipo del alma, el Atl\u00e9tico de Madrid. Debi\u00f3 ser hacia 2013-2014, cuando el equipo ten\u00eda diez t\u00edtulos.<\/p>\n<p>-\u00ab\u00a0Me acord\u00e9 de &lsquo;Teruel Existe&rsquo; y me dije: la abuela Anita ser\u00e1 de un pueblo de Teruel\u00a0\u00bb<br \/>\n-\u00ab\u00a0No he hecho una novela hist\u00f3rica. Es una novela de amor en el presente, de la memoria sentimental de Espa\u00f1a\u00a0\u00bb<br \/>\n-\u00ab\u00a0Ortega, cuando volvi\u00f3 a Espa\u00f1a, denunci\u00f3 &lsquo;la indecencia generalizada, la corrupci\u00f3n&rsquo;. Tambi\u00e9n hablo de todo eso\u00a0\u00bb<br \/>\n-\u00ab\u00a0En &lsquo;El coraz\u00f3n helado&rsquo; est\u00e1 la huella de Aub y de las &lsquo;Cr\u00f3nicas del alba&rsquo; de Sender por su tono memorial\u00edstico\u00a0\u00bb<br \/>\nUno nunca sabe cu\u00e1ndo empieza la historia de una vocaci\u00f3n. La de Almudena Grandes (Madrid, 1960) tal vez se remonte a finales de los a\u00f1os 60 y a una versi\u00f3n abreviada de Homero que le regal\u00f3 su abuelo para su primera comuni\u00f3n. Luego, se hizo escritora bajo la sombra de Benito P\u00e9rez Gald\u00f3s, al que reivindica sin parar (\u00ab\u00a0alg\u00fan d\u00eda escribir\u00e9 mis &lsquo;Episodios Nacionales\u00a0\u00bb, dice), Marcel Proust, Jane Austen, \u00ab\u00a0Mujercitas\u00a0\u00bb (de este libro sentimental extrajo uno de sus credos: \u00ab\u00a0Escribe de lo que conoces\u00a0\u00bb) o de novelas que siempre recomienda como \u00ab\u00a0Bella del Se\u00f1or\u00a0\u00bb de Albert Cohen. Mario Vargas Llosa es otra de sus predilecciones.<\/p>\n<p>Libro a libro, Almudena Grandes se ha convertido en una narradora poderosa, casi apabullante, con un mundo propio que aspira \u00ab\u00a0a ser coherente\u00a0\u00bb. Declara una y otra vez que le encantan los folletones decimon\u00f3nicos, las grandes historias de amor, la ambientaci\u00f3n meticulosa, esos personajes complejos y trabajados en su psicolog\u00eda. Se siente ante todo \u00ab\u00a0una contadora de historias\u00a0\u00bb, alguien que posee aut\u00e9ntica pasi\u00f3n por el lenguaje, por las palabras y sus matices, por la vida, de ah\u00ed que diga que \u00ab\u00a0tengo una inclinaci\u00f3n espont\u00e1nea al desparrame. Y eso lo he percibido m\u00e1s que nunca en &lsquo;El coraz\u00f3n helado&rsquo;. Ten\u00eda tantas cosas que contar, hab\u00eda tantas historias y personajes que si no me hubiera contenido (me he ralentizado incluso en el erotismo), si no me hubiera sujetado, me habr\u00edan salido m\u00e1s de 3.000 p\u00e1ginas. Eso s\u00ed que me preocupaba durante la escritura. Habr\u00edan sido demasiadas p\u00e1ginas\u00a0\u00bb.<\/p>\n<p>Almudena Grandes mira al editor de Tusquets, su editorial de siempre, Juan Cerezo, y sonr\u00ede como ella lo hace: derram\u00e1ndose, con picard\u00eda y vitalidad, con esa carcajada y sonora que lo invade todo. Las m\u00e1s de 900 p\u00e1ginas de \u00ab\u00a0El coraz\u00f3n helado\u00a0\u00bb (Tusquets) seducen a miles de lectores.<\/p>\n<p>Revela: \u00ab\u00a0El coraz\u00f3n helado&rsquo; me ha llevado m\u00e1s de cuatro a\u00f1os de trabajo. Estuve document\u00e1ndome durante a\u00f1o y medio. Le\u00ed libros de casi todo: de la Guerra Civil, de la II Rep\u00fablica, de la Divisi\u00f3n Azul, y no s\u00f3lo a los historiadores y especialistas que cito, sino muchas memorias y autobiograf\u00edas que se publicaban en peque\u00f1os ayuntamientos, tambi\u00e9n aragoneses, porque ah\u00ed ve\u00eda historias humanas maravillosas y emocionantes, y eso es algo que me interesa mucho. Y luego emple\u00e9 dos a\u00f1os y medio m\u00e1s en la escritura. Eso s\u00ed, cuando me pongo a escribir ya s\u00e9 c\u00f3mo va a ser todo. Conozco todas las escenas, todos los personajes, como si fuera un plano de arquitectura. La estructura es muy importante en mis libros, y aqu\u00ed era compleja por muchas razones\u00a0\u00bb.<\/p>\n<p>El amor y las sombras del pasado<\/p>\n<p>Almudena Grandes es reflexiva y torrencial a la vez. Vive tanto sus libros, habla tanto de ellos, que parece tenerlos muy claros. Se asoma a sus ficciones como quien se inclina sobre un r\u00edo di\u00e1fano y se refleja con nitidez en todos sus rasgos y pliegues, con las subtramas m\u00e1s \u00edntimas de la invenci\u00f3n y de la sangre. \u00ab\u00a0Yo no quer\u00eda hacer una novela hist\u00f3rica, aunque la historia de Espa\u00f1a sea muy importante aqu\u00ed. \u00c9sta es una novela sobre la memoria sentimental de Espa\u00f1a, una novela del presente cuyos personajes, para resolver y acotar mejor el momento en que viven, indagan en el pasado -subraya-. Entiendo que es una novela sobre la memoria, no es una novela pol\u00edtica tan s\u00f3lo, y mucho menos un panfleto. Lo tengo muy claro. No es por tanto una novela de la Guerra Civil espa\u00f1ola, o de la II Rep\u00fablica, o del exilio, o de las peripecias de la Divisi\u00f3n Azul. Todo est\u00e1 ah\u00ed, forma parte de la vida de los personajes, pero yo creo que mi novela es sobre todo una historia de amor que se desarrolla en 2005\u00a0\u00bb.<\/p>\n<p>Los dos personajes centrales, \u00c1lvaro y Raquel, indagan en los secretos de familia, desempolvan recuerdos, \u00e1lbumes, fotos viejas, que es algo que resulta muy atractivo. \u00c1lvaro Carri\u00f3n, el protagonista, pregunta, \u00ab\u00a0necesita saber qui\u00e9n era su padre, y esa necesidad de saber es uno de los elementos novelescos fundamentales del libro\u00a0\u00bb. Tambi\u00e9n la escritora investig\u00f3 en algunos secretos de su propia familia: la historia de su abuelo materno, capit\u00e1n de Ingenier\u00eda, que se sum\u00f3 a los golpistas del 18 de julio. \u00ab\u00a0Una vez concluida la guerra, lo mandaron a Regiones Devastadas. Y estuvo all\u00ed un tiempo, pero un d\u00eda, sin que se supiera la raz\u00f3n, dimiti\u00f3 de su cargo, abandon\u00f3 el ej\u00e9rcito y se march\u00f3 a trabajar a la empresa privada. Yo siempre he pensado que no pudo superar la corrupci\u00f3n que vio, la indecencia. Mi abuelo ha inspirado la creaci\u00f3n del personaje Eugenio S\u00e1nchez Delgado\u00a0\u00bb.<\/p>\n<p>Recuerda la autora que otro tema fundamental de su novela \u00ab\u00a0es algo que denunci\u00f3 Jos\u00e9 Ortega y Gasset cuando volvi\u00f3 a Espa\u00f1a: &lsquo;La indecencia generalizada. La corrupci\u00f3n\u00a0\u00bb. Almudena Grandes explica que ella no quer\u00eda volver al tema de preguntarse qui\u00e9nes eran los buenos y los malos. \u00ab\u00a0Me molesta que algunos escritores contempor\u00e1neos se acerquen a la Guerra Civil con la mentalidad de hoy. Quieren aplicar la visi\u00f3n contempor\u00e1nea de lo pol\u00edticamente correcto y crean personajes que no se daban en la \u00e9poca, m\u00e1s radicales y con un alto nivel de militancia pol\u00edtica y sindical, y acaben concluyendo que &lsquo;todos fuimos culpables de la Guerra Civil&rsquo;. Yo tengo clar\u00edsimo qui\u00e9nes eran los &lsquo;malos&rsquo;. Espa\u00f1a era un pa\u00eds soberano, democr\u00e1tico, con las reglas claras y expl\u00edcitas, un pa\u00eds que cre\u00eda en la justicia, en la libertad, en la igualdad y en el progreso. Y contra eso se levantaron cuatro generales. Ah\u00ed est\u00e1n los malos. Y a m\u00ed me interesa contar c\u00f3mo eran\u00a0\u00bb, se\u00f1ala.<\/p>\n<p>Destellos de guerra en la paz<\/p>\n<p>Recalca que se narran destellos de la violencia que se vivi\u00f3, \u00ab\u00a0de sobras conocida y contada, por eso no he querido ensa\u00f1arme. No podemos olvidarnos que no existe ning\u00fan pa\u00eds que, en tiempos de paz, tuviese una represi\u00f3n f\u00edsica tan brutal como la del franquismo. Eso es algo que no se dio con tanta contundencia en la Alemania de Hitler en tiempos de paz. Y eso est\u00e1 en el novela, que es un libro de ficci\u00f3n, claro est\u00e1, inventado por m\u00ed, una novela de la que soy responsable, pero muchas de las cosas que se cuentan ocurrieron de veras: el entierro de gente viva en Canarias, la historia de la madre de Rosana Torres: embarazada de cuatro meses -con dos hermanos fusilados, su marido condenado a muerte y sus padres en la c\u00e1rcel- fue a su casa de Valencia, de la que se hab\u00eda adue\u00f1ado el hombre que hab\u00eda denunciado a sus padres. Le pidi\u00f3 su propia m\u00e1quina de coser para ganarse la vida. Le dijo que no. Pidi\u00f3 que le dejase llevarse su ropa, y le contest\u00f3 que no. Pidi\u00f3 que le permitiese llevarse su ropa interior, &lsquo;porque mis bragas no os las vais a poner, \u00bfverdad?&rsquo;. Y volvi\u00f3 a decirle que no. \u00c9ste es un libro sobre nuestro patrimonio com\u00fan\u00a0\u00bb. Los hechos reales son glosados en un pu\u00f1ado de p\u00e1ginas de notas de autor, donde hay agradecimientos, evocaciones y algunos casos terribles.<\/p>\n<p>A Almudena Grandes le gusta decir que cree mucho en la \u00ab\u00a0trayectoria de autor. M\u00e1s que escribir una novela hist\u00f3rica ahora, luego una polic\u00edaca, m\u00e1s tarde otra de otro tipo, que se puede hacer, claro est\u00e1, a m\u00ed me preocupa que cada novela explique o justifique la anterior y a la vez sugiera o avance la sucesiva -matiza-. &lsquo;El coraz\u00f3n helado&rsquo; est\u00e1 impl\u00edcito en otros libros m\u00edos m\u00e1s o menos testimoniales, especialmente en &lsquo;Los aires dif\u00edciles&rsquo; (Tusquets, 2002), que narra la historia de una ni\u00f1a que nace en 1947 y que crece en los a\u00f1os 50 y 60\u00a0\u00bb.<\/p>\n<p>Todas sus novelas nacen de una imagen, \u00ab\u00a0que busco, que persigo. En cuanto la tengo, empiezo a escribir\u00a0\u00bb. En abril de 2002, un d\u00eda de cielo azul y el\u00e9ctrico, Almudena Grandes fue al cementerio de Las Rozas al entierro del padre del escritor Benjam\u00edn Prado. Vio, desde una leve distancia, dos estampas: la de los familiares del escritor, que combat\u00edan el fr\u00edo, y la de los serranos que iban de manga corta. Las mujeres parec\u00edan haberse puesto una chaqueta sobre la bata. Y de repente, vio como una joven vestida de blanco, con botas, aparec\u00eda entre la gente. No habl\u00f3 con nadie y se fue.<\/p>\n<p>\u00ab\u00a0Aquella imagen me puso en marcha. Era algo muy literario. Empec\u00e9 a pensar qui\u00e9n pod\u00eda ser, imagin\u00e9 que hablaba con el hijo del muerto y que conoc\u00eda al muerto. As\u00ed ya ten\u00eda el tri\u00e1ngulo de personajes principales. Y entonces, record\u00e9 tambi\u00e9n algo que me hab\u00eda contado mi amiga Laura Garc\u00eda Lorca, sobrina del poeta y nieta de su padre Federico, que se march\u00f3 al exilio. Don Federico pidi\u00f3 a un amigo que se hiciera cargo de sus tierras, y lo estafaron. Le dejaron sin nada. Y eso me dio otra idea clave. El muerto de ficci\u00f3n era Julio Carri\u00f3n, un hombre que hab\u00eda combatido en los dos bandos y en la Divisi\u00f3n Azul, y que acab\u00f3 convirti\u00e9ndose en rico tras traicionar a un amigo, en un aut\u00e9ntico hombre de negocios con una gran fortuna, tras traicionar a un amigo\u00a0\u00bb.<\/p>\n<p>El h\u00e9roe, el seductor y Teruel existe<\/p>\n<p>Ese amigo era Ignacio Fern\u00e1ndez, el abuelo de la joven Raquel Fern\u00e1ndez, la muchacha de blanco que cruz\u00f3 el cementerio como una aparici\u00f3n, y est\u00e1 casado con Anita, nacida en Teruel. La relaci\u00f3n entre Julio Carri\u00f3n e Ignacio Fern\u00e1ndez es fundamental en el libro: ambos encarnan a las dos Espa\u00f1as, dos formas de vida, son antagonistas. Julio es un seductor sin escr\u00fapulos, un superviviente taimado, e Ignacio representa al \u00ab\u00a0h\u00e9roe a la fuerza, al h\u00e9roe a su pesar\u00a0\u00bb. Fueron amigos, pero uno de ellos traiciona al otro. \u00ab\u00a0\u00c9ste es un libro de traiciones: la traici\u00f3n de Julio hacia Ignacio es determinante. Pero aqu\u00ed hubo muchas traiciones: hubo traici\u00f3n a un sistema democr\u00e1tico legal, hubo traici\u00f3n a los combatientes antifascistas, que fueron traicionados por los aliados, posteriormente por los norteamericanos, por la propia Espa\u00f1a en la Transici\u00f3n democr\u00e1tica. Era l\u00f3gico que, ante tantas adversidades, se preguntasen si no era Espa\u00f1a un pa\u00eds maldito\u00a0\u00bb.<\/p>\n<p>En la novela hay varios personajes aragoneses: la citada abuela Anita, esposa de Ignacio Fern\u00e1ndez, \u00ab\u00a0que naci\u00f3 en Teruel y que es el personaje al que todo le sale bien. Es de un pueblo, que no quiere recordar, de la sierra de Albarrac\u00edn. A m\u00ed me gustan los apellidos sencillos: Gonz\u00e1lez, Fern\u00e1ndez, Mu\u00f1oz, Rodr\u00edguez, y adem\u00e1s quer\u00eda que hubiera gente de todo el pa\u00eds. Y entonces me acord\u00e9 de aquello de &lsquo;Teruel Existe&rsquo;. y me dije: la abuela Anita ser\u00e1 de Teruel. Y tambi\u00e9n est\u00e1 un compa\u00f1ero, Ans\u00f3, que huye con Ignacio del campo de Albatera. Y otro personaje que me gusta mucho es una madrina de guerra de Zaragoza. Me encantan las madrinas de guerra. Son criaturas muy literarias. Y hay por ah\u00ed alg\u00fan otro aragon\u00e9s de Zaragoza\u00a0\u00bb.<\/p>\n<p>Tambi\u00e9n asegura que el libro reconoce la labor de los exiliados, c\u00f3mo conservaron la idea de Espa\u00f1a y c\u00f3mo fueron capaces de transmitirnos su cultura, sus creaciones. \u00ab\u00a0Mantuvieron la identidad y su amor por Espa\u00f1a. Para un estudiante, Luis Cernuda es un poeta espa\u00f1ol. O Rafael Alberti. Y por supuesto Antonio Machado. A m\u00ed me gusta mucho Benito P\u00e9rez Gald\u00f3s, claro, me gusta recuperarlo ahora que todo el mundo lo detesta. Pero es evidente que en &lsquo;El coraz\u00f3n helado&rsquo; est\u00e1 la huella de Max Aub, de Paulino Massip o de las &lsquo;Cr\u00f3nicas del alba&rsquo; de Sender, en la elecci\u00f3n de tono memorial\u00edstico, en el repaso a toda una \u00e9poca convulsa de Espa\u00f1a\u00a0\u00bb.<\/p>\n<p><a href=\"https:\/\/fr.wikipedia.org\/wiki\/Almudena_Grandes\">https:\/\/fr.wikipedia.org\/wiki\/Almudena_Grandes<\/a><\/p>\n<p><a href=\"https:\/\/retirada37.com\/wp-content\/uploads\/2021\/11\/c1cf96c4-44c8-4dcf-a1ef-3a1a15a12f33.jpg\"><img loading=\"lazy\" decoding=\"async\" src=\"https:\/\/retirada37.com\/wp-content\/uploads\/2021\/11\/c1cf96c4-44c8-4dcf-a1ef-3a1a15a12f33.jpg\" alt=\"\" width=\"1200\" height=\"1600\" class=\"alignnone size-full wp-image-3559\" srcset=\"https:\/\/retirada37.com\/wp-content\/uploads\/2021\/11\/c1cf96c4-44c8-4dcf-a1ef-3a1a15a12f33.jpg 1200w, https:\/\/retirada37.com\/wp-content\/uploads\/2021\/11\/c1cf96c4-44c8-4dcf-a1ef-3a1a15a12f33-225x300.jpg 225w, https:\/\/retirada37.com\/wp-content\/uploads\/2021\/11\/c1cf96c4-44c8-4dcf-a1ef-3a1a15a12f33-768x1024.jpg 768w\" sizes=\"auto, (max-width: 1200px) 100vw, 1200px\" \/><\/a><\/p>\n","protected":false},"excerpt":{"rendered":"<p>Bonjour \u00e0 toutes et \u00e0 tous, La nouvelle est tomb\u00e9e samedi dernier dans l\u2019apr\u00e8s-midi : Almudena Grandes s\u2019en est all\u00e9e. C\u2019est comme si nous \u00e9tions rest\u00e9s orphelins. Avec le c\u0153ur gel\u00e9. Le 10 octobre, Almudena s&rsquo;est excus\u00e9e aupr\u00e8s de ses lecteurs d&rsquo;avoir \u00e9t\u00e9 absente \u00e0 cause de sa maladie. Humble, oui elle l\u2019\u00e9tait, pour demander &hellip; <a href=\"https:\/\/retirada37.com\/?p=3557\" class=\"more-link\">Continuer la lecture de <span class=\"screen-reader-text\">Disparition de Almudena Grandes<\/span>  <span class=\"meta-nav\">&rarr;<\/span><\/a><\/p>\n","protected":false},"author":3,"featured_media":0,"comment_status":"open","ping_status":"open","sticky":false,"template":"","format":"standard","meta":{"_bbp_topic_count":0,"_bbp_reply_count":0,"_bbp_total_topic_count":0,"_bbp_total_reply_count":0,"_bbp_voice_count":0,"_bbp_anonymous_reply_count":0,"_bbp_topic_count_hidden":0,"_bbp_reply_count_hidden":0,"_bbp_forum_subforum_count":0,"footnotes":""},"categories":[2],"tags":[],"class_list":["post-3557","post","type-post","status-publish","format-standard","hentry","category-actualites"],"_links":{"self":[{"href":"https:\/\/retirada37.com\/index.php?rest_route=\/wp\/v2\/posts\/3557","targetHints":{"allow":["GET"]}}],"collection":[{"href":"https:\/\/retirada37.com\/index.php?rest_route=\/wp\/v2\/posts"}],"about":[{"href":"https:\/\/retirada37.com\/index.php?rest_route=\/wp\/v2\/types\/post"}],"author":[{"embeddable":true,"href":"https:\/\/retirada37.com\/index.php?rest_route=\/wp\/v2\/users\/3"}],"replies":[{"embeddable":true,"href":"https:\/\/retirada37.com\/index.php?rest_route=%2Fwp%2Fv2%2Fcomments&post=3557"}],"version-history":[{"count":2,"href":"https:\/\/retirada37.com\/index.php?rest_route=\/wp\/v2\/posts\/3557\/revisions"}],"predecessor-version":[{"id":3561,"href":"https:\/\/retirada37.com\/index.php?rest_route=\/wp\/v2\/posts\/3557\/revisions\/3561"}],"wp:attachment":[{"href":"https:\/\/retirada37.com\/index.php?rest_route=%2Fwp%2Fv2%2Fmedia&parent=3557"}],"wp:term":[{"taxonomy":"category","embeddable":true,"href":"https:\/\/retirada37.com\/index.php?rest_route=%2Fwp%2Fv2%2Fcategories&post=3557"},{"taxonomy":"post_tag","embeddable":true,"href":"https:\/\/retirada37.com\/index.php?rest_route=%2Fwp%2Fv2%2Ftags&post=3557"}],"curies":[{"name":"wp","href":"https:\/\/api.w.org\/{rel}","templated":true}]}}